{"id":1155,"date":"2018-04-19T07:57:59","date_gmt":"2018-04-19T07:57:59","guid":{"rendered":"http:\/\/avenir-gendarmerie.org\/?p=1155"},"modified":"2018-04-19T07:58:53","modified_gmt":"2018-04-19T07:58:53","slug":"demantelement-dun-groupe-criminel-specialise-dans-les-cambriolages","status":"publish","type":"post","link":"https:\/\/avenir-gendarmerie.org\/index.php\/2018\/04\/19\/demantelement-dun-groupe-criminel-specialise-dans-les-cambriolages\/","title":{"rendered":"D\u00e9mant\u00e8lement d\u2019un groupe criminel sp\u00e9cialis\u00e9 dans les cambriolages"},"content":{"rendered":"<div class=\"description\">\n<div class=\"ezrichtext-field\">\n<p>Trente personnes de nationalit\u00e9 g\u00e9orgienne ont \u00e9t\u00e9 interpell\u00e9es, lundi\u00a016 et mardi 17\u00a0avril, en France, plus particuli\u00e8rement \u00e0 Caen, ainsi qu\u2019en Gr\u00e8ce. Elles sont soup\u00e7onn\u00e9es d\u2019avoir commis plus d\u2019un millier de vols en Normandie, principalement au pr\u00e9judice de commer\u00e7ants.<\/p>\n<\/div>\n<\/div>\n<div class=\"body\">\n<div class=\"ezrichtext-field\">\n<p>Les 16 et 17\u00a0avril, trente ressortissants g\u00e9orgiens, soup\u00e7onn\u00e9s d\u2019\u00eatre impliqu\u00e9s, \u00e0 diff\u00e9rents degr\u00e9s, dans plus d\u2019un millier de vols avec effraction et \u00e0 l\u2019\u00e9talage commis en Normandie, ont \u00e9t\u00e9 simultan\u00e9ment interpell\u00e9s en France et en Gr\u00e8ce, dans le cadre d\u2019une \u00e9quipe commune d\u2019enqu\u00eate (ECE).<\/p>\n<p>L\u2019enqu\u00eate, conduite depuis 2016 par la Section de recherches (S.R.) de Caen et l\u2019Office central de lutte contre la d\u00e9linquance itin\u00e9rante (OCLDI), a permis de recueillir des informations relatives aux suspects, de les identifier clairement et de cibler les principaux commanditaires, dont certains r\u00e9sident en Gr\u00e8ce. La majorit\u00e9 des auteurs, essentiellement localis\u00e9s sur la r\u00e9gion de Caen, appartiennent \u00e0 une puissante organisation mafieuse g\u00e9orgienne, connue sous le nom de \u00ab\u00a0Vory V zakone\u00a0\u00bb. Prenant racine en ex-URSS, celle-ci s\u2019est implant\u00e9e\u00a0en Europe depuis le d\u00e9but des ann\u00e9es 1990.<\/p>\n<p>En janvier\u00a02017, dans le cadre d\u2019une information judiciaire ouverte par la Juridiction inter-r\u00e9gionale sp\u00e9cialis\u00e9e (JIRS) de Rennes, une cellule d\u2019enqu\u00eate est mise en place.<\/p>\n<p>Les nombreuses r\u00e9unions \u00e0 l\u2019international conduites, en France et en Gr\u00e8ce, sous l\u2019autorit\u00e9 d\u2019Europol, d\u2019Eurojust et de l\u2019OCLDI, ont abouti, en septembre\u00a02017, \u00e0 la signature de la premi\u00e8re ECE entre les deux pays concern\u00e9s.<\/p>\n<p>En deux jours, une trentaine de personnes, dont les quatre dirigeants g\u00e9orgiens de cette organisation criminelle organis\u00e9e, itin\u00e9rante et transnationale, a ainsi \u00e9t\u00e9 interpell\u00e9e en Gr\u00e8ce et en France.<\/p>\n<p>Les perquisitions ont permis la d\u00e9couverte d\u2019\u00e9l\u00e9ments de preuve confondant cette structure mafieuse.<\/p>\n<p>Cette op\u00e9ration, qui a mobilis\u00e9 pr\u00e8s de 300 gendarmes, est le fruit d\u2019une parfaite coop\u00e9ration entre les autorit\u00e9s g\u00e9orgiennes, grecques et fran\u00e7aises.<\/p>\n<h2>L&rsquo;OCLDI,\u00a0<em>driver<\/em>\u00a0europ\u00e9en en mati\u00e8re d&rsquo;atteintes aux biens #EMPACT<\/h2>\n<p>Pour m\u00e9moire, cette ann\u00e9e, la France a obtenu le pilotage de quatre des dix plans d\u2019action op\u00e9rationnelle \u00e9dict\u00e9s par Europol. La gendarmerie, par l\u2019entremise de l\u2019OCLDI (d\u00e9j\u00e0 co-driver lors du pr\u00e9c\u00e9dent cycle) et de l\u2019OCLAESP, a plus sp\u00e9cifiquement pris la direction des Empact (<em>European multidisciplinary platform against criminal threats<\/em>\u00a0&#8211; Plateforme europ\u00e9enne pluridisciplinaire contre les menaces criminelles) atteintes aux biens et criminalit\u00e9 environnementale.<\/p>\n<p>Avec 135\u00a0000\u00a0\u20ac de budget en 2018, Empact va ainsi permettre \u00e0 l&rsquo;OCLDI de financer des s\u00e9minaires internationaux, d\u2019organiser des r\u00e9unions de coordination entre les enqu\u00eateurs et les magistrats des pays concern\u00e9s, d\u2019acheter des mat\u00e9riels sp\u00e9cifiques, de former les enqu\u00eateurs \u00e0 leur utilisation et, enfin, de r\u00e9mun\u00e9rer les informateurs.<\/p>\n<p>Parall\u00e8lement \u00e0 sa d\u00e9marche pour obtenir le drive sur Empact, l&rsquo;OCLDI a \u00e9galement remport\u00e9 un appel \u00e0 projet de la Commission europ\u00e9enne, dans le cade du Fonds de s\u00e9curit\u00e9 int\u00e9rieure (FSI). Ce projet du FSI, nomm\u00e9 Spectre, arrive en compl\u00e9ment d\u2019Empact, gr\u00e2ce \u00e0 l\u2019allocation d\u2019une enveloppe de 813\u00a0000\u00a0\u20ac.<\/p>\n<p>L\u2019objectif fix\u00e9 dans ce cadre est ambitieux\u00a0: d\u00e9manteler pas moins de 50 groupes criminels \u00e0 travers l\u2019Europe et r\u00e9aliser deux millions d\u2019avoirs criminels sur deux ans.<\/p>\n<p>Source: <a href=\"https:\/\/www.gendcom.gendarmerie.interieur.gouv.fr\/Actualites\/Demantelement-d-un-groupe-criminel-specialise-dans-les-cambriolages\">GENDCOM<\/a> \/ Cr\u00e9dit photo: \u00a9 D.R.<\/p>\n<\/div>\n<\/div>\n","protected":false},"excerpt":{"rendered":"<p>Trente personnes de nationalit\u00e9 g\u00e9orgienne ont \u00e9t\u00e9 interpell\u00e9es, lundi\u00a016 et mardi 17\u00a0avril, en France, plus particuli\u00e8rement \u00e0 Caen, ainsi qu\u2019en Gr\u00e8ce. Elles sont soup\u00e7onn\u00e9es d\u2019avoir commis plus d\u2019un millier de vols en Normandie, principalement au pr\u00e9judice de commer\u00e7ants. Les 16 et 17\u00a0avril, trente ressortissants g\u00e9orgiens, soup\u00e7onn\u00e9s d\u2019\u00eatre impliqu\u00e9s, \u00e0 diff\u00e9rents degr\u00e9s, dans plus d\u2019un millier [&hellip;]<\/p>\n","protected":false},"author":3,"featured_media":1157,"comment_status":"open","ping_status":"open","sticky":false,"template":"","format":"standard","meta":{"_exactmetrics_skip_tracking":false,"_exactmetrics_sitenote_active":false,"_exactmetrics_sitenote_note":"","_exactmetrics_sitenote_category":0,"footnotes":""},"categories":[28],"tags":[],"class_list":["post-1155","post","type-post","status-publish","format-standard","has-post-thumbnail","hentry","category-actualites"],"_links":{"self":[{"href":"https:\/\/avenir-gendarmerie.org\/index.php\/wp-json\/wp\/v2\/posts\/1155","targetHints":{"allow":["GET"]}}],"collection":[{"href":"https:\/\/avenir-gendarmerie.org\/index.php\/wp-json\/wp\/v2\/posts"}],"about":[{"href":"https:\/\/avenir-gendarmerie.org\/index.php\/wp-json\/wp\/v2\/types\/post"}],"author":[{"embeddable":true,"href":"https:\/\/avenir-gendarmerie.org\/index.php\/wp-json\/wp\/v2\/users\/3"}],"replies":[{"embeddable":true,"href":"https:\/\/avenir-gendarmerie.org\/index.php\/wp-json\/wp\/v2\/comments?post=1155"}],"version-history":[{"count":2,"href":"https:\/\/avenir-gendarmerie.org\/index.php\/wp-json\/wp\/v2\/posts\/1155\/revisions"}],"predecessor-version":[{"id":1158,"href":"https:\/\/avenir-gendarmerie.org\/index.php\/wp-json\/wp\/v2\/posts\/1155\/revisions\/1158"}],"wp:featuredmedia":[{"embeddable":true,"href":"https:\/\/avenir-gendarmerie.org\/index.php\/wp-json\/wp\/v2\/media\/1157"}],"wp:attachment":[{"href":"https:\/\/avenir-gendarmerie.org\/index.php\/wp-json\/wp\/v2\/media?parent=1155"}],"wp:term":[{"taxonomy":"category","embeddable":true,"href":"https:\/\/avenir-gendarmerie.org\/index.php\/wp-json\/wp\/v2\/categories?post=1155"},{"taxonomy":"post_tag","embeddable":true,"href":"https:\/\/avenir-gendarmerie.org\/index.php\/wp-json\/wp\/v2\/tags?post=1155"}],"curies":[{"name":"wp","href":"https:\/\/api.w.org\/{rel}","templated":true}]}}