{"id":1210,"date":"2018-05-07T09:16:34","date_gmt":"2018-05-07T09:16:34","guid":{"rendered":"http:\/\/avenir-gendarmerie.org\/?p=1210"},"modified":"2018-05-07T09:17:07","modified_gmt":"2018-05-07T09:17:07","slug":"19e-edition-les-gendarmes-et-les-voleurs-de-temps","status":"publish","type":"post","link":"https:\/\/avenir-gendarmerie.org\/index.php\/2018\/05\/07\/19e-edition-les-gendarmes-et-les-voleurs-de-temps\/","title":{"rendered":"19e \u00e9dition : \u00ables gendarmes et les voleurs de temps\u00bb"},"content":{"rendered":"<div class=\"description\">\n<div class=\"ezrichtext-field\">\n<p>Samedi\u00a019 et dimanche 20\u00a0mai 2018, durant le week-end de la Pentec\u00f4te, venez passer un moment sportif 100\u00a0% \u00e9vasion en pleine nature, au c\u0153ur de la France verdoyante. Ne tardez pas\u00a0! Plus que deux jours pour vous inscrire\u00a0!<\/p>\n<\/div>\n<\/div>\n<div class=\"body\">\n<div class=\"ezrichtext-field\">\n<p>En famille ou entre amis, au programme des \u00e9preuves des \u00ab\u00a0Gendarmes et des voleurs de temps\u00a0\u00bb, vous trouverez la distance qui vous convient pour vivre et partager des \u00e9motions fortes, des moments inoubliables de convivialit\u00e9 dans un site exceptionnel de verdure, d\u2019eau et de pierres, autour et sur les Monts d\u2019Ambazac (87) et du Val du Taurion.<\/p>\n<div class=\"ez-embed-type-image col-md-8 col-xs-12\">\n<figure class=\" gc_medium card-1\"><img decoding=\"async\" src=\"https:\/\/www.gendcom.gendarmerie.interieur.gouv.fr\/pub_storage\/images\/_aliases\/gc_medium\/5\/1\/8\/6\/196815-1-fre-FR\/GVT2016_16-05-15_083353_vkrieger_VK2_1234r.jpg\" alt=\"\" width=\"100%\" \/><\/figure>\n<\/div>\n<p><u>Les \u00e9preuves\u00a0<\/u>:<\/p>\n<p>8 courses dont 1 cani-trail et deux randonn\u00e9es sont propos\u00e9es avec plus de 5\u00a0000 personnes inscrites\u00a0:<\/p>\n<p>&#8211; samedi 19\u00a0mai 2018\u00a0: canitrail de 12\u00a0km, course des 20\u00a0km d\u00e9nomm\u00e9e \u00ab\u00a0trail des Hureaux\u00a0\u00bb, course enfants (0,800\u00a0m \u2013 1\u00a0200\u00a0m), course f\u00e9minine 5\u00a0km d\u00e9nomm\u00e9e \u00ab\u00a0les voleuses de temps\u00a0\u00bb.<\/p>\n<p>&#8211; dimanche 20\u00a0mai 2018\u00a0: course des 52\u00a0km d\u00e9nomm\u00e9e \u00ab\u00a0le grand trail du Limousin\u00a0\u00bb, course des 32\u00a0km d\u00e9nomm\u00e9e \u00ab\u00a0les voleurs de temps\u00a0\u00bb, course des 11\u00a0km d\u00e9nomm\u00e9e \u00ab\u00a0trail d\u00e9couverte\u00a0\u00bb et 2 randonn\u00e9es (de 11 et 14,5\u00a0km).<\/p>\n<p>Le 32\u00a0km est l\u2019\u00e9preuve phare. Baptis\u00e9e \u00ab\u00a0les voleurs de temps\u00a0\u00bb, elle poss\u00e8de le label international.<\/p>\n<div class=\"ez-embed-type-image col-md-8 col-xs-12\">\n<figure class=\" gc_medium card-1\"><img decoding=\"async\" src=\"https:\/\/www.gendcom.gendarmerie.interieur.gouv.fr\/pub_storage\/images\/_aliases\/gc_medium\/3\/0\/8\/6\/196803-1-fre-FR\/GVT2016_16-05-15_164018_vkrieger_VK2_2276r.jpg\" alt=\"\" width=\"100%\" \/><\/figure>\n<\/div>\n<p>Outre le travail de pr\u00e9paration des \u00e9preuves en tant que co-organisatrice de cet \u00e9v\u00e8nement avec l\u2019association loi 1901 \u00ab\u00a0les Gendarmes et les Voleurs de Temps\u00a0\u00bb, la gendarmerie nationale engage 194 personnels civils et militaires sur la dur\u00e9e de cette manifestation sportive.<\/p>\n<p>Ces effectifs sont issus de l\u2019\u00e9tat-major de la r\u00e9gion de gendarmerie du Limousin, des 3 groupements de gendarmerie d\u00e9partementale de la r\u00e9gion de gendarmerie du Limousin, du service de diffusion de la gendarmerie nationale, du groupement de gendarmerie mobile IV\/2 Limoges, de la section a\u00e9rienne de la gendarmerie de Limoges et de l\u2019\u00e9cole de gendarmerie de Tulle.<\/p>\n<div class=\"ez-embed-type-image col-md-10 col-md-offset-1 col-xs-12\">\n<figure class=\" gc_large card-1\"><img decoding=\"async\" src=\"https:\/\/www.gendcom.gendarmerie.interieur.gouv.fr\/pub_storage\/images\/_aliases\/gc_large\/1\/1\/8\/6\/196811-1-fre-FR\/GVT2016_16-05-15_161807_vkrieger_VK2_2189.jpg\" alt=\"\" width=\"100%\" \/><\/figure>\n<\/div>\n<p>La r\u00e9gion de gendarmerie du Limousin assure la s\u00e9curit\u00e9 g\u00e9n\u00e9rale des \u00e9preuves et du site de la course. Elle m\u00e8ne \u00e9galement en parall\u00e8le, sur le site m\u00eame, une op\u00e9ration de communication d\u00e9nomm\u00e9e \u00ab\u00a0La gendarmerie s\u2019expose\u00a0\u00bb. Un village \u00ab\u00a0gendarmerie nationale\u00a0\u00bb est install\u00e9 au c\u0153ur de cette manifestation. Il comprend plusieurs animations destin\u00e9es \u00e0 sensibiliser le public sur les probl\u00e9matiques de s\u00e9curit\u00e9 routi\u00e8re (voiture tonneau +\u00a0simulateurs de conduite 2 roues et VL) ainsi qu\u2019un stand tenu par le CIR de Limoges, pr\u00e9sentant les m\u00e9tiers et carri\u00e8res de la gendarmerie nationale. Un mur d\u2019escalade est install\u00e9 pour les plus jeunes.<\/p>\n<div class=\"ez-embed-type-image col-md-10 col-md-offset-1 col-xs-12\">\n<figure class=\" gc_large card-1\"><img decoding=\"async\" src=\"https:\/\/www.gendcom.gendarmerie.interieur.gouv.fr\/pub_storage\/images\/_aliases\/gc_large\/7\/0\/8\/6\/196807-1-fre-FR\/GVT2016_16-05-14_153028_vkrieger_VK2_0162-2.jpg\" alt=\"\" width=\"100%\" \/><\/figure>\n<\/div>\n<p>Vous trouverez sur le site\u00a0<a href=\"http:\/\/www.gendarmes-et-voleurs.com\/\">www.gendarmes-et-voleurs.com<\/a>\u00a0tous les renseignements utiles sur le d\u00e9roulement de cette manifestation sportive et les conditions d\u2019inscription aux diff\u00e9rentes \u00e9preuves.<\/p>\n<p>Source: <a href=\"https:\/\/www.gendcom.gendarmerie.interieur.gouv.fr\/Loisirs\/Sport\/19e-edition-les-gendarmes-et-les-voleurs-de-temps\">GENDCOM<\/a> \/ Cr\u00e9dits photos: \u00a9 D.R.<\/p>\n<\/div>\n<\/div>\n","protected":false},"excerpt":{"rendered":"<p>Samedi\u00a019 et dimanche 20\u00a0mai 2018, durant le week-end de la Pentec\u00f4te, venez passer un moment sportif 100\u00a0% \u00e9vasion en pleine nature, au c\u0153ur de la France verdoyante. Ne tardez pas\u00a0! Plus que deux jours pour vous inscrire\u00a0! En famille ou entre amis, au programme des \u00e9preuves des \u00ab\u00a0Gendarmes et des voleurs de temps\u00a0\u00bb, vous trouverez [&hellip;]<\/p>\n","protected":false},"author":3,"featured_media":0,"comment_status":"open","ping_status":"open","sticky":false,"template":"","format":"standard","meta":{"_exactmetrics_skip_tracking":false,"_exactmetrics_sitenote_active":false,"_exactmetrics_sitenote_note":"","_exactmetrics_sitenote_category":0,"footnotes":""},"categories":[28],"tags":[],"class_list":["post-1210","post","type-post","status-publish","format-standard","hentry","category-actualites"],"_links":{"self":[{"href":"https:\/\/avenir-gendarmerie.org\/index.php\/wp-json\/wp\/v2\/posts\/1210","targetHints":{"allow":["GET"]}}],"collection":[{"href":"https:\/\/avenir-gendarmerie.org\/index.php\/wp-json\/wp\/v2\/posts"}],"about":[{"href":"https:\/\/avenir-gendarmerie.org\/index.php\/wp-json\/wp\/v2\/types\/post"}],"author":[{"embeddable":true,"href":"https:\/\/avenir-gendarmerie.org\/index.php\/wp-json\/wp\/v2\/users\/3"}],"replies":[{"embeddable":true,"href":"https:\/\/avenir-gendarmerie.org\/index.php\/wp-json\/wp\/v2\/comments?post=1210"}],"version-history":[{"count":2,"href":"https:\/\/avenir-gendarmerie.org\/index.php\/wp-json\/wp\/v2\/posts\/1210\/revisions"}],"predecessor-version":[{"id":1213,"href":"https:\/\/avenir-gendarmerie.org\/index.php\/wp-json\/wp\/v2\/posts\/1210\/revisions\/1213"}],"wp:attachment":[{"href":"https:\/\/avenir-gendarmerie.org\/index.php\/wp-json\/wp\/v2\/media?parent=1210"}],"wp:term":[{"taxonomy":"category","embeddable":true,"href":"https:\/\/avenir-gendarmerie.org\/index.php\/wp-json\/wp\/v2\/categories?post=1210"},{"taxonomy":"post_tag","embeddable":true,"href":"https:\/\/avenir-gendarmerie.org\/index.php\/wp-json\/wp\/v2\/tags?post=1210"}],"curies":[{"name":"wp","href":"https:\/\/api.w.org\/{rel}","templated":true}]}}