{"id":1215,"date":"2018-05-09T07:53:46","date_gmt":"2018-05-09T07:53:46","guid":{"rendered":"http:\/\/avenir-gendarmerie.org\/?p=1215"},"modified":"2018-05-09T07:53:46","modified_gmt":"2018-05-09T07:53:46","slug":"morbihan-un-motard-de-la-gendarmerie-meurt-dans-un-accident-de-la-route","status":"publish","type":"post","link":"https:\/\/avenir-gendarmerie.org\/index.php\/2018\/05\/09\/morbihan-un-motard-de-la-gendarmerie-meurt-dans-un-accident-de-la-route\/","title":{"rendered":"Morbihan : un motard de la gendarmerie meurt dans un accident de la route"},"content":{"rendered":"<h2 class=\"article-full__header\">Le gendarme a \u00e9t\u00e9 violemment percut\u00e9 par une voiture ce mardi \u00e0 Gildas-de-Rhuys.<\/h2>\n<div class=\"article-full__body-content\">\n<p>L\u2019accident s\u2019est produit ce 8 mai, vers 12h15. Un motard de la gendarmerie est d\u00e9c\u00e9d\u00e9 apr\u00e8s avoir percut\u00e9 une voiture qui arrivait face \u00e0 lui \u00e0 Saint-Gildas de-Rhuys (Morbihan), rapporte\u00a0<a href=\"https:\/\/www.ouest-france.fr\/bretagne\/vannes-56000\/morbihan-un-motard-de-la-gendarmerie-tue-dans-un-accident-de-la-route-5747407\" target=\"_blank\" rel=\"nofollow noopener\">Ouest France<\/a>. \u00abLe motard rentrait \u00e0 la brigade apr\u00e8s avoir rempli sa mission de contr\u00f4le routier lorsqu&rsquo;un v\u00e9hicule lui a coup\u00e9 la route en tournant \u00e0 un carrefour\u00bb, a pr\u00e9cis\u00e9 le procureur de la R\u00e9publique de Vannes, Fran\u00e7ois Touron.<\/p>\n<p>Le gendarme appartenait \u00e0 la brigade motoris\u00e9e de Theix-Noyalo. Pris en charge par le Smur, l\u2019homme de 43 ans, c\u00e9libataire et sans enfant, est d\u00e9c\u00e9d\u00e9 sur les lieux de l\u2019accident.<\/p>\n<p>Dans un communiqu\u00e9, le ministre de l\u2019Int\u00e9rieur, G\u00e9rard Collomb, lui a rendu hommage.<\/p>\n<p>Source: <a href=\"http:\/\/www.leparisien.fr\/faits-divers\/morbihan-un-motard-de-la-gendarmerie-meurt-dans-un-accident-de-la-route-08-05-2018-7705179.php\">leparisien.fr<\/a> \/ Cr\u00e9dit photo: \u00a9 D.R.<\/p>\n<\/div>\n","protected":false},"excerpt":{"rendered":"<p>Le gendarme a \u00e9t\u00e9 violemment percut\u00e9 par une voiture ce mardi \u00e0 Gildas-de-Rhuys. L\u2019accident s\u2019est produit ce 8 mai, vers 12h15. Un motard de la gendarmerie est d\u00e9c\u00e9d\u00e9 apr\u00e8s avoir percut\u00e9 une voiture qui arrivait face \u00e0 lui \u00e0 Saint-Gildas de-Rhuys (Morbihan), rapporte\u00a0Ouest France. \u00abLe motard rentrait \u00e0 la brigade apr\u00e8s avoir rempli sa mission [&hellip;]<\/p>\n","protected":false},"author":3,"featured_media":1216,"comment_status":"open","ping_status":"open","sticky":false,"template":"","format":"standard","meta":{"_exactmetrics_skip_tracking":false,"_exactmetrics_sitenote_active":false,"_exactmetrics_sitenote_note":"","_exactmetrics_sitenote_category":0,"footnotes":""},"categories":[28],"tags":[],"class_list":["post-1215","post","type-post","status-publish","format-standard","has-post-thumbnail","hentry","category-actualites"],"_links":{"self":[{"href":"https:\/\/avenir-gendarmerie.org\/index.php\/wp-json\/wp\/v2\/posts\/1215","targetHints":{"allow":["GET"]}}],"collection":[{"href":"https:\/\/avenir-gendarmerie.org\/index.php\/wp-json\/wp\/v2\/posts"}],"about":[{"href":"https:\/\/avenir-gendarmerie.org\/index.php\/wp-json\/wp\/v2\/types\/post"}],"author":[{"embeddable":true,"href":"https:\/\/avenir-gendarmerie.org\/index.php\/wp-json\/wp\/v2\/users\/3"}],"replies":[{"embeddable":true,"href":"https:\/\/avenir-gendarmerie.org\/index.php\/wp-json\/wp\/v2\/comments?post=1215"}],"version-history":[{"count":1,"href":"https:\/\/avenir-gendarmerie.org\/index.php\/wp-json\/wp\/v2\/posts\/1215\/revisions"}],"predecessor-version":[{"id":1217,"href":"https:\/\/avenir-gendarmerie.org\/index.php\/wp-json\/wp\/v2\/posts\/1215\/revisions\/1217"}],"wp:featuredmedia":[{"embeddable":true,"href":"https:\/\/avenir-gendarmerie.org\/index.php\/wp-json\/wp\/v2\/media\/1216"}],"wp:attachment":[{"href":"https:\/\/avenir-gendarmerie.org\/index.php\/wp-json\/wp\/v2\/media?parent=1215"}],"wp:term":[{"taxonomy":"category","embeddable":true,"href":"https:\/\/avenir-gendarmerie.org\/index.php\/wp-json\/wp\/v2\/categories?post=1215"},{"taxonomy":"post_tag","embeddable":true,"href":"https:\/\/avenir-gendarmerie.org\/index.php\/wp-json\/wp\/v2\/tags?post=1215"}],"curies":[{"name":"wp","href":"https:\/\/api.w.org\/{rel}","templated":true}]}}