{"id":1230,"date":"2018-05-14T08:53:02","date_gmt":"2018-05-14T08:53:02","guid":{"rendered":"http:\/\/avenir-gendarmerie.org\/?p=1230"},"modified":"2018-05-14T08:53:02","modified_gmt":"2018-05-14T08:53:02","slug":"hommage-obseques-du-major-philippe-herve","status":"publish","type":"post","link":"https:\/\/avenir-gendarmerie.org\/index.php\/2018\/05\/14\/hommage-obseques-du-major-philippe-herve\/","title":{"rendered":"[HOMMAGE] Obs\u00e8ques du major Philippe Herv\u00e9"},"content":{"rendered":"<p class=\"p1\"><span class=\"s1\">La c\u00e9r\u00e9monie d\u2019hommage au major Philippe Herv\u00e9, d\u00e9c\u00e9d\u00e9 en service le 8 mai 2018, a eu lieu le 12 mai \u00e0 Vannes (56), en pr\u00e9sence du g\u00e9n\u00e9ral de corps d\u2019arm\u00e9e Christian Rodriguez, major g\u00e9n\u00e9ral de la Gendarmerie nationale.<\/span><\/p>\n<p><img loading=\"lazy\" decoding=\"async\" class=\"alignnone size-full wp-image-1233\" src=\"http:\/\/avenir-gendarmerie.org\/wp-content\/uploads\/2018\/05\/hommage3.jpg\" alt=\"\" width=\"960\" height=\"636\" srcset=\"https:\/\/avenir-gendarmerie.org\/wp-content\/uploads\/2018\/05\/hommage3.jpg 960w, https:\/\/avenir-gendarmerie.org\/wp-content\/uploads\/2018\/05\/hommage3-300x199.jpg 300w, https:\/\/avenir-gendarmerie.org\/wp-content\/uploads\/2018\/05\/hommage3-768x509.jpg 768w, https:\/\/avenir-gendarmerie.org\/wp-content\/uploads\/2018\/05\/hommage3-696x461.jpg 696w, https:\/\/avenir-gendarmerie.org\/wp-content\/uploads\/2018\/05\/hommage3-634x420.jpg 634w\" sizes=\"auto, (max-width: 960px) 100vw, 960px\" \/><\/p>\n<p>Source: <a href=\"https:\/\/www.facebook.com\/gendarmerienationale\/posts\/1815431778521009\">Gendarmerie nationale<\/a> \/ Cr\u00e9dits photos: \u00a9 D.R.<\/p>\n","protected":false},"excerpt":{"rendered":"<p>La c\u00e9r\u00e9monie d\u2019hommage au major Philippe Herv\u00e9, d\u00e9c\u00e9d\u00e9 en service le 8 mai 2018, a eu lieu le 12 mai \u00e0 Vannes (56), en pr\u00e9sence du g\u00e9n\u00e9ral de corps d\u2019arm\u00e9e Christian Rodriguez, major g\u00e9n\u00e9ral de la Gendarmerie nationale. Source: Gendarmerie nationale \/ Cr\u00e9dits photos: \u00a9 D.R.<\/p>\n","protected":false},"author":3,"featured_media":1234,"comment_status":"open","ping_status":"open","sticky":false,"template":"","format":"standard","meta":{"_exactmetrics_skip_tracking":false,"_exactmetrics_sitenote_active":false,"_exactmetrics_sitenote_note":"","_exactmetrics_sitenote_category":0,"footnotes":""},"categories":[28],"tags":[],"class_list":["post-1230","post","type-post","status-publish","format-standard","has-post-thumbnail","hentry","category-actualites"],"_links":{"self":[{"href":"https:\/\/avenir-gendarmerie.org\/index.php\/wp-json\/wp\/v2\/posts\/1230","targetHints":{"allow":["GET"]}}],"collection":[{"href":"https:\/\/avenir-gendarmerie.org\/index.php\/wp-json\/wp\/v2\/posts"}],"about":[{"href":"https:\/\/avenir-gendarmerie.org\/index.php\/wp-json\/wp\/v2\/types\/post"}],"author":[{"embeddable":true,"href":"https:\/\/avenir-gendarmerie.org\/index.php\/wp-json\/wp\/v2\/users\/3"}],"replies":[{"embeddable":true,"href":"https:\/\/avenir-gendarmerie.org\/index.php\/wp-json\/wp\/v2\/comments?post=1230"}],"version-history":[{"count":1,"href":"https:\/\/avenir-gendarmerie.org\/index.php\/wp-json\/wp\/v2\/posts\/1230\/revisions"}],"predecessor-version":[{"id":1237,"href":"https:\/\/avenir-gendarmerie.org\/index.php\/wp-json\/wp\/v2\/posts\/1230\/revisions\/1237"}],"wp:featuredmedia":[{"embeddable":true,"href":"https:\/\/avenir-gendarmerie.org\/index.php\/wp-json\/wp\/v2\/media\/1234"}],"wp:attachment":[{"href":"https:\/\/avenir-gendarmerie.org\/index.php\/wp-json\/wp\/v2\/media?parent=1230"}],"wp:term":[{"taxonomy":"category","embeddable":true,"href":"https:\/\/avenir-gendarmerie.org\/index.php\/wp-json\/wp\/v2\/categories?post=1230"},{"taxonomy":"post_tag","embeddable":true,"href":"https:\/\/avenir-gendarmerie.org\/index.php\/wp-json\/wp\/v2\/tags?post=1230"}],"curies":[{"name":"wp","href":"https:\/\/api.w.org\/{rel}","templated":true}]}}