{"id":1238,"date":"2018-05-15T08:26:51","date_gmt":"2018-05-15T08:26:51","guid":{"rendered":"http:\/\/avenir-gendarmerie.org\/?p=1238"},"modified":"2018-05-15T08:26:51","modified_gmt":"2018-05-15T08:26:51","slug":"a-5-ans-il-appelle-les-gendarmes-pour-sauver-son-papa","status":"publish","type":"post","link":"https:\/\/avenir-gendarmerie.org\/index.php\/2018\/05\/15\/a-5-ans-il-appelle-les-gendarmes-pour-sauver-son-papa\/","title":{"rendered":"\u00c0 5 ans, il appelle les gendarmes pour sauver son papa"},"content":{"rendered":"<p class=\"chapeau\">Voyant son p\u00e8re inconscient, un gar\u00e7onnet de 5\u00a0ans d\u2019un village de l\u2019Orne a compos\u00e9 le 17 pour guider les secours, dans la soir\u00e9e du dimanche 13\u00a0mai \u00e0 Glos-la-Ferri\u00e8re, pr\u00e8s de L\u2019Aigle. Un contre-la-montre t\u00e9l\u00e9phonique de 40 minutes avec le central des appels de la gendarmerie \u00e0 Alen\u00e7on. Et avec un happy end pour le p\u00e8re de famille et son h\u00e9ro\u00efque petit gar\u00e7on.<\/p>\n<p><strong>\u00ab\u2009Bonsoir, je crois que mon papa est mort\u2026\u2009\u00bb<\/strong> Dimanche \u00e0 22\u2009h\u200945, quand il voit son p\u00e8re allong\u00e9 sur son lit, <strong>\u00ab\u2009inconscient\u2009\u00bb<\/strong> et <strong>\u00ab\u2009en train de faire de la mousse par la bouche\u2009\u00bb<\/strong>, le jeune Quentin ne panique pas. Le gar\u00e7onnet de 5\u00a0ans qui habite le village ornais de Glos-la-Ferri\u00e8re &#8211; pr\u00e8s de L\u2019Aigle &#8211; compose le 17. \u00c0\u00a0l\u2019autre bout du fil, le gendarme Romuald Arriv\u00e9, un des op\u00e9rateurs du centre des op\u00e9rations et de recherches (CORG) de la gendarmerie de l\u2019Orne.<\/p>\n<h2>Maturit\u00e9 impressionnante<\/h2>\n<p>S\u2019engage alors une conversation qui va durer 40\u00a0minutes. Une course contre-la-montre pendant laquelle le gendarme rassure l\u2019enfant tout en essayant d\u2019obtenir les renseignements qui permettront aux secours de le localiser. Car s\u2019il arrive \u00e0 donner son pr\u00e9nom et celui de son papa, Quentin bredouille son nom de famille et ne conna\u00eet pas exactement son adresse. <strong>\u00ab\u2009Le gamin \u00e9tait d\u2019une maturit\u00e9 impressionnante\u2009\u00bb<\/strong>, souligne le major Alain Leterrier, \u00e9galement en poste dimanche soir.<\/p>\n<p>Le CORG envoie aussit\u00f4t une patrouille de L\u2019Aigle et alerte les pompiers. <strong>\u00ab\u2009On a leur donn\u00e9 comme consigne d\u2019allumer les gyrophares et de mettre les sir\u00e8nes\u2009\u00bb<\/strong>, compl\u00e8te le colonel Baillargeat, patron des gendarmes de l\u2019Orne.<\/p>\n<div class=\"bord-a-bord-xs\">\n<figure><img decoding=\"async\" class=\"media loaded\" title=\"Le centre des op\u00e9rations et des recherches de la gendarmerie de l\u2019Orne a re\u00e7u un dr\u00f4le d\u2019appel, dimanche soir.\" src=\"https:\/\/media.ouest-france.fr\/v1\/pictures\/354f6545e66d4fa7b1069c443f8e55e4-5-ans-il-appelle-les-gendarmes-pour-sauver-son-papa_1.jpg?width=630&amp;height=0&amp;fill=0&amp;focuspoint=50%2C25&amp;cropresize=1\" \/><\/figure>\n<\/div>\n<h2>Portable d\u00e9charg\u00e9, il prend un autre t\u00e9l\u00e9phone<\/h2>\n<p>Au fur et \u00e0 mesure de la conversation, l\u2019op\u00e9rateur relaie \u00e0 ses coll\u00e8gues sur le terrain les informations qu\u2019il glane aupr\u00e8s de son jeune interlocuteur\u2009: la couleur des volets de la maison, o\u00f9 est gar\u00e9e la voiture paternelle, etc. La conversation est soudainement coup\u00e9e, le t\u00e9l\u00e9phone sans fil qu\u2019utilise Quentin est d\u00e9charg\u00e9. L\u2019enfant a alors la pr\u00e9sence d\u2019esprit de prendre un second t\u00e9l\u00e9phone. <strong>\u00ab\u2009Il \u00e9tait vraiment bluffant\u2009\u00bb<\/strong>, admire le major Leterrier.<\/p>\n<h2>Malaise diab\u00e9tique<\/h2>\n<p><strong>\u00ab\u2009Dis Quentin, monte \u00e0 l\u2019\u00e9tage et va secouer ton p\u00e8re pour voir s\u2019il se r\u00e9veille\u2009\u00bb,<\/strong>reprend le gendarme au t\u00e9l\u00e9phone. L\u2019enfant obtemp\u00e8re et revient d\u00e9pit\u00e9, son p\u00e8re, \u00e2g\u00e9 de 44\u00a0ans, reste inconscient, victime d\u2019un malaise diab\u00e9tique. <strong>\u00ab\u2009Alors mets tes chaussures et un manteau, et vas attendre les pompiers sur le pas de la porte\u2009\u00bb<\/strong>. Quentin ouvre la porte et allume les lumi\u00e8res ext\u00e9rieures.<\/p>\n<div class=\"bord-a-bord-xs\">\n<figure><img decoding=\"async\" class=\"media loaded\" title=\"Le centre des op\u00e9rations et des recherches de la gendarmerie de l\u2019Orne a re\u00e7u un dr\u00f4le d\u2019appel, dimanche soir.\" src=\"https:\/\/media.ouest-france.fr\/v1\/pictures\/0b3d0cc036ee9329d6379a3930b3ca73-5-ans-il-appelle-les-gendarmes-pour-sauver-son-papa.jpg?width=630&amp;height=0&amp;fill=0&amp;focuspoint=50%2C25&amp;cropresize=1\" \/><\/figure>\n<\/div>\n<h2><strong>\u00ab<\/strong>\u2009Vous allez soigner mon papa\u2009!\u2009<strong>\u00bb<\/strong><\/h2>\n<p>En contactant Orange, la gendarmerie obtient finalement l\u2019adresse du titulaire de la ligne. Au m\u00eame moment les secours arrivent sur place. <strong>\u00ab\u2009C\u2019est bien que vous soyez arriv\u00e9s, vous allez pouvoir soigner mon papa\u2009!\u2009\u00bb<\/strong> soupire le gar\u00e7onnet. Le SMUR prend le relais et r\u00e9anime le quadrag\u00e9naire. <strong>\u00ab\u2009Le petit a \u00e9t\u00e9 magnifique, il a vraiment sauv\u00e9 son p\u00e8re\u2009\u00bb<\/strong>, souligne avec admiration St\u00e9phane H\u00e9bert, maire-adjoint de Glos-la-Ferri\u00e8re et pr\u00e9sent dimanche en tant que pompier volontaire.<\/p>\n<h2>Happy end<\/h2>\n<p>L\u2019histoire est belle car elle se termine bien, <strong>\u00ab\u2009mais sur le coup, quand on n\u2019arrive pas \u00e0 localiser l\u2019appel et qu\u2019on a un m\u00f4me de 5\u00a0ans qui a peur pour la vie de son p\u00e8re, c\u2019est quand m\u00eame un moment de solitude\u2026\u2009\u00bb<\/strong> indique le major Leterrier. Avant de raccrocher &#8211; et de g\u00e9rer les autres appels de la soir\u00e9e -, son coll\u00e8gue a chaudement f\u00e9licit\u00e9 le petit Quentin pour son attitude.<\/p>\n<p>Source: <a href=\"https:\/\/www.ouest-france.fr\/normandie\/alencon-61000\/5-ans-il-appelle-les-gendarmes-pour-sauver-son-papa-5758863\">ouest-france.fr<\/a> \/ Cr\u00e9dits photos: \u00a9 D.R.<\/p>\n","protected":false},"excerpt":{"rendered":"<p>Voyant son p\u00e8re inconscient, un gar\u00e7onnet de 5\u00a0ans d\u2019un village de l\u2019Orne a compos\u00e9 le 17 pour guider les secours, dans la soir\u00e9e du dimanche 13\u00a0mai \u00e0 Glos-la-Ferri\u00e8re, pr\u00e8s de L\u2019Aigle. Un contre-la-montre t\u00e9l\u00e9phonique de 40 minutes avec le central des appels de la gendarmerie \u00e0 Alen\u00e7on. Et avec un happy end pour le p\u00e8re [&hellip;]<\/p>\n","protected":false},"author":3,"featured_media":1239,"comment_status":"open","ping_status":"open","sticky":false,"template":"","format":"standard","meta":{"_exactmetrics_skip_tracking":false,"_exactmetrics_sitenote_active":false,"_exactmetrics_sitenote_note":"","_exactmetrics_sitenote_category":0,"footnotes":""},"categories":[28],"tags":[],"class_list":["post-1238","post","type-post","status-publish","format-standard","has-post-thumbnail","hentry","category-actualites"],"_links":{"self":[{"href":"https:\/\/avenir-gendarmerie.org\/index.php\/wp-json\/wp\/v2\/posts\/1238","targetHints":{"allow":["GET"]}}],"collection":[{"href":"https:\/\/avenir-gendarmerie.org\/index.php\/wp-json\/wp\/v2\/posts"}],"about":[{"href":"https:\/\/avenir-gendarmerie.org\/index.php\/wp-json\/wp\/v2\/types\/post"}],"author":[{"embeddable":true,"href":"https:\/\/avenir-gendarmerie.org\/index.php\/wp-json\/wp\/v2\/users\/3"}],"replies":[{"embeddable":true,"href":"https:\/\/avenir-gendarmerie.org\/index.php\/wp-json\/wp\/v2\/comments?post=1238"}],"version-history":[{"count":1,"href":"https:\/\/avenir-gendarmerie.org\/index.php\/wp-json\/wp\/v2\/posts\/1238\/revisions"}],"predecessor-version":[{"id":1240,"href":"https:\/\/avenir-gendarmerie.org\/index.php\/wp-json\/wp\/v2\/posts\/1238\/revisions\/1240"}],"wp:featuredmedia":[{"embeddable":true,"href":"https:\/\/avenir-gendarmerie.org\/index.php\/wp-json\/wp\/v2\/media\/1239"}],"wp:attachment":[{"href":"https:\/\/avenir-gendarmerie.org\/index.php\/wp-json\/wp\/v2\/media?parent=1238"}],"wp:term":[{"taxonomy":"category","embeddable":true,"href":"https:\/\/avenir-gendarmerie.org\/index.php\/wp-json\/wp\/v2\/categories?post=1238"},{"taxonomy":"post_tag","embeddable":true,"href":"https:\/\/avenir-gendarmerie.org\/index.php\/wp-json\/wp\/v2\/tags?post=1238"}],"curies":[{"name":"wp","href":"https:\/\/api.w.org\/{rel}","templated":true}]}}