{"id":1272,"date":"2018-05-24T12:45:19","date_gmt":"2018-05-24T12:45:19","guid":{"rendered":"http:\/\/avenir-gendarmerie.org\/?p=1272"},"modified":"2018-05-24T12:45:19","modified_gmt":"2018-05-24T12:45:19","slug":"declaration-dimpot-2018-les-cles-pour-tout-comprendre","status":"publish","type":"post","link":"https:\/\/avenir-gendarmerie.org\/index.php\/2018\/05\/24\/declaration-dimpot-2018-les-cles-pour-tout-comprendre\/","title":{"rendered":"D\u00e9claration d&rsquo;imp\u00f4t 2018 : les cl\u00e9s pour tout comprendre"},"content":{"rendered":"<div id=\"actualite\" class=\"lead\">\n<p>Premi\u00e8re d\u00e9claration, d\u00e9claration annuelle, changement de situation, quotient familial, salaires et revenus locatifs \u00e0 d\u00e9clarer, cr\u00e9dits d&rsquo;imp\u00f4t&#8230; Pour tout comprendre sur la d\u00e9claration\u00a02018, les revenus\u00a02017 \u00e0 d\u00e9clarer ou encore les d\u00e9ductions, r\u00e9ductions et cr\u00e9dits d&rsquo;imp\u00f4t, consultez les fiches pratiques de Service-public.fr.<\/p>\n<\/div>\n<p>Pour la d\u00e9claration de revenus, Service-public.fr revient sur le mode d&#8217;emploi \u00e0 suivre en cas de\u00a0:<\/p>\n<p><a title=\"premi\u00e8re d\u00e9claration - Nouvelle fen\u00eatre\" href=\"https:\/\/www.service-public.fr\/particuliers\/vosdroits\/F369\" target=\"_blank\" rel=\"noopener noreferrer\" data-xiti-name=\"Particuliers::Actualite::Navigation_Directe::premi\u00e8re_d\u00e9claration\" data-xiti-type=\"exit\">premi\u00e8re d\u00e9claration<\/a>\u00a0(d\u00e8s vos 18\u00a0ans si vous n&rsquo;\u00eates pas rattach\u00e9 au foyer fiscal de vos parents)\u00a0;<\/p>\n<p><a title=\"d\u00e9claration annuelle - Nouvelle fen\u00eatre\" href=\"https:\/\/www.service-public.fr\/particuliers\/vosdroits\/F358\" target=\"_blank\" rel=\"noopener noreferrer\" data-xiti-name=\"Particuliers::Actualite::Navigation_Directe::d\u00e9claration_annuelle\" data-xiti-type=\"exit\">d\u00e9claration annuelle<\/a>\u00a0(en ligne ou sur papier, la d\u00e9claration par internet \u00e9tant obligatoire si votre domicile est connect\u00e9 \u00e0 internet et si votre revenu fiscal de r\u00e9f\u00e9rence de\u00a02016 est sup\u00e9rieur \u00e0\u00a0<span class=\"prix\">15\u00a0000\u00a0\u20ac<\/span>)\u00a0;<\/p>\n<p><a title=\"changement de situation - Nouvelle fen\u00eatre\" href=\"https:\/\/www.service-public.fr\/particuliers\/vosdroits\/F388\" target=\"_blank\" rel=\"noopener noreferrer\" data-xiti-name=\"Particuliers::Actualite::Navigation_Directe::changement_de_situation\" data-xiti-type=\"exit\">changement de situation<\/a>\u00a0(en cas de mariage, Pacs, divorce, s\u00e9paration, d\u00e9c\u00e8s de l&rsquo;\u00e9poux ou du partenaire).<\/p>\n<p>Les fiches d\u00e9taillent aussi\u00a0<a title=\"les diff\u00e9rents types de revenus \u00e0 d\u00e9clarer - Nouvelle fen\u00eatre\" href=\"https:\/\/www.service-public.fr\/particuliers\/vosdroits\/N247\" target=\"_blank\" rel=\"noopener noreferrer\" data-xiti-name=\"Particuliers::Actualite::Navigation_Directe::les_diff\u00e9rents_types_de_revenus_\u00e0_d\u00e9clarer\" data-xiti-type=\"exit\">les diff\u00e9rents types de revenus \u00e0 d\u00e9clarer<\/a>\u00a0\u00a0:<\/p>\n<ul>\n<li>salaires et \u00e9l\u00e9ments du salaire (revenus d&rsquo;activit\u00e9 salari\u00e9e, frais professionnels, indemnit\u00e9s de fin de contrat, sommes per\u00e7ues par les jeunes)\u00a0:<\/li>\n<li>pensions (de retraite, d&rsquo;invalidit\u00e9 ou alimentaires)\u00a0;<\/li>\n<li>revenus fonciers et mobiliers (revenus locatifs, plus-values immobili\u00e8res&#8230;).<\/li>\n<\/ul>\n<p>Par ailleurs, ces fiches vous donnent les cl\u00e9s pour mieux appr\u00e9hender les modalit\u00e9s de calcul du quotient familial en fonction des personnes \u00e0 charge (<a title=\"enfants mineurs - Nouvelle fen\u00eatre\" href=\"https:\/\/www.service-public.fr\/particuliers\/vosdroits\/F2633\" target=\"_blank\" rel=\"noopener noreferrer\" data-xiti-name=\"Particuliers::Actualite::Navigation_Directe::enfants_mineurs\" data-xiti-type=\"exit\">enfants mineurs<\/a>\u00a0,\u00a0<a title=\"enfants majeurs - Nouvelle fen\u00eatre\" href=\"https:\/\/www.service-public.fr\/particuliers\/vosdroits\/F3085\" target=\"_blank\" rel=\"noopener noreferrer\" data-xiti-name=\"Particuliers::Actualite::Navigation_Directe::enfants_majeurs\" data-xiti-type=\"exit\">enfants majeurs<\/a>\u00a0,\u00a0<a title=\"enfants handicap\u00e9s - Nouvelle fen\u00eatre\" href=\"https:\/\/www.service-public.fr\/particuliers\/vosdroits\/F2661\" target=\"_blank\" rel=\"noopener noreferrer\" data-xiti-name=\"Particuliers::Actualite::Navigation_Directe::enfants_handicap\u00e9s\" data-xiti-type=\"exit\">enfants handicap\u00e9s<\/a>\u00a0,\u00a0<a title=\"personnes invalides - Nouvelle fen\u00eatre\" href=\"https:\/\/www.service-public.fr\/particuliers\/vosdroits\/F387\" target=\"_blank\" rel=\"noopener noreferrer\" data-xiti-name=\"Particuliers::Actualite::Navigation_Directe::personnes_invalides\" data-xiti-type=\"exit\">personnes invalides<\/a>\u00a0) et de la situation personnelle du contribuable (<a title=\"personne seule - Nouvelle fen\u00eatre\" href=\"https:\/\/www.service-public.fr\/particuliers\/vosdroits\/F2702\" target=\"_blank\" rel=\"noopener noreferrer\" data-xiti-name=\"Particuliers::Actualite::Navigation_Directe::personne_seule\" data-xiti-type=\"exit\">personne seule<\/a>\u00a0,\u00a0<a title=\"personne vivant en concubinage - Nouvelle fen\u00eatre\" href=\"https:\/\/www.service-public.fr\/particuliers\/vosdroits\/F34088\" target=\"_blank\" rel=\"noopener noreferrer\" data-xiti-name=\"Particuliers::Actualite::Navigation_Directe::personne_vivant_en_concubinage\" data-xiti-type=\"exit\">personne vivant en concubinage<\/a>\u00a0,\u00a0<a title=\"couple mari\u00e9 ou pacs\u00e9 - Nouvelle fen\u00eatre\" href=\"https:\/\/www.service-public.fr\/particuliers\/vosdroits\/F2705\" target=\"_blank\" rel=\"noopener noreferrer\" data-xiti-name=\"Particuliers::Actualite::Navigation_Directe::couple_mari\u00e9_ou_pacs\u00e9\" data-xiti-type=\"exit\">couple mari\u00e9 ou pacs\u00e9<\/a>\u00a0).<\/p>\n<div class=\"bloc-edito bloc-aSavoir\">\n<p class=\"bloc-edito-title\">\u00a0\u00a0<strong>\u00c0 savoir :<\/strong><\/p>\n<p><a title=\"D\u00e9ductions, r\u00e9ductions et cr\u00e9dits d'imp\u00f4t - Nouvelle fen\u00eatre\" href=\"https:\/\/www.service-public.fr\/particuliers\/vosdroits\/N19785\" target=\"_blank\" rel=\"noopener noreferrer\" data-xiti-name=\"Particuliers::Actualite::Navigation_Directe::D\u00e9ductions,_r\u00e9ductions_et_cr\u00e9dits_d'imp\u00f4t\" data-xiti-type=\"exit\">D\u00e9ductions, r\u00e9ductions et cr\u00e9dits d&rsquo;imp\u00f4t<\/a>\u00a0&#8230; Service-public vous informe sur les aides fiscales li\u00e9es\u00a0:<\/p>\n<ul>\n<li>\u00e0 la famille (pension alimentaire, frais de scolarisation, frais de garde de jeunes enfants hors du domicile, emploi d&rsquo;un salari\u00e9 \u00e0 domicile&#8230;)\u00a0;<\/li>\n<li>aux dons, cotisations et souscriptions (dons aux organismes d&rsquo;int\u00e9r\u00eat g\u00e9n\u00e9ral ou aux partis politiques, cotisations syndicales ou retraite&#8230;)\u00a0;<\/li>\n<li>aux personnes d\u00e9pendantes (frais d&rsquo;accueil d&rsquo;une personne \u00e2g\u00e9e ou en \u00e9tablissement pour personnes d\u00e9pendantes&#8230;)\u00a0;<\/li>\n<li>au logement (d\u00e9penses concernant la qualit\u00e9 \u00e9nerg\u00e9tique de l&rsquo;habitation principale, int\u00e9r\u00eats d&#8217;emprunt pour acquisition de l&rsquo;habitation principale, d\u00e9penses d&rsquo;\u00e9quipements en faveur des personnes \u00e2g\u00e9es ou en situation de handicap, investissements locatifs&#8230;).<\/li>\n<\/ul>\n<\/div>\n<div class=\"bloc-edito bloc-rappel\">\n<p class=\"bloc-edito-title\">\u00a0\u00a0<strong>Rappel :<\/strong><\/p>\n<p>Pour la d\u00e9claration papier, la date limite \u00e9tait fix\u00e9e au jeudi\u00a017\u00a0mai\u00a02018 \u00e0 minuit.<\/p>\n<p>En ligne, les dates limites sont les suivantes\u00a0:<\/p>\n<ul>\n<li>mardi\u00a022\u00a0mai\u00a02018 \u00e0 minuit (d\u00e9partements n\u00b0\u00a001\u00a0au n\u00b0\u00a019 et non-r\u00e9sidents)\u00a0;<\/li>\n<li>mardi\u00a029\u00a0mai\u00a02018 \u00e0 minuit (d\u00e9partements n\u00b0\u00a020\u00a0au n\u00b0\u00a049)\u00a0;<\/li>\n<li>mardi\u00a05\u00a0juin\u00a02018 \u00e0 minuit (d\u00e9partements n\u00b0\u00a050\u00a0au n\u00b0\u00a0976).<\/li>\n<\/ul>\n<p>Source: <a href=\"https:\/\/www.service-public.fr\/particuliers\/actualites\/A12596\">service-public.fr<\/a> \/ Cr\u00e9dit photo: \u00a9 D.R.<\/p>\n<\/div>\n","protected":false},"excerpt":{"rendered":"<p>Premi\u00e8re d\u00e9claration, d\u00e9claration annuelle, changement de situation, quotient familial, salaires et revenus locatifs \u00e0 d\u00e9clarer, cr\u00e9dits d&rsquo;imp\u00f4t&#8230; Pour tout comprendre sur la d\u00e9claration\u00a02018, les revenus\u00a02017 \u00e0 d\u00e9clarer ou encore les d\u00e9ductions, r\u00e9ductions et cr\u00e9dits d&rsquo;imp\u00f4t, consultez les fiches pratiques de Service-public.fr. Pour la d\u00e9claration de revenus, Service-public.fr revient sur le mode d&#8217;emploi \u00e0 suivre en [&hellip;]<\/p>\n","protected":false},"author":3,"featured_media":1273,"comment_status":"open","ping_status":"open","sticky":false,"template":"","format":"standard","meta":{"_exactmetrics_skip_tracking":false,"_exactmetrics_sitenote_active":false,"_exactmetrics_sitenote_note":"","_exactmetrics_sitenote_category":0,"footnotes":""},"categories":[28],"tags":[],"class_list":["post-1272","post","type-post","status-publish","format-standard","has-post-thumbnail","hentry","category-actualites"],"_links":{"self":[{"href":"https:\/\/avenir-gendarmerie.org\/index.php\/wp-json\/wp\/v2\/posts\/1272","targetHints":{"allow":["GET"]}}],"collection":[{"href":"https:\/\/avenir-gendarmerie.org\/index.php\/wp-json\/wp\/v2\/posts"}],"about":[{"href":"https:\/\/avenir-gendarmerie.org\/index.php\/wp-json\/wp\/v2\/types\/post"}],"author":[{"embeddable":true,"href":"https:\/\/avenir-gendarmerie.org\/index.php\/wp-json\/wp\/v2\/users\/3"}],"replies":[{"embeddable":true,"href":"https:\/\/avenir-gendarmerie.org\/index.php\/wp-json\/wp\/v2\/comments?post=1272"}],"version-history":[{"count":1,"href":"https:\/\/avenir-gendarmerie.org\/index.php\/wp-json\/wp\/v2\/posts\/1272\/revisions"}],"predecessor-version":[{"id":1274,"href":"https:\/\/avenir-gendarmerie.org\/index.php\/wp-json\/wp\/v2\/posts\/1272\/revisions\/1274"}],"wp:featuredmedia":[{"embeddable":true,"href":"https:\/\/avenir-gendarmerie.org\/index.php\/wp-json\/wp\/v2\/media\/1273"}],"wp:attachment":[{"href":"https:\/\/avenir-gendarmerie.org\/index.php\/wp-json\/wp\/v2\/media?parent=1272"}],"wp:term":[{"taxonomy":"category","embeddable":true,"href":"https:\/\/avenir-gendarmerie.org\/index.php\/wp-json\/wp\/v2\/categories?post=1272"},{"taxonomy":"post_tag","embeddable":true,"href":"https:\/\/avenir-gendarmerie.org\/index.php\/wp-json\/wp\/v2\/tags?post=1272"}],"curies":[{"name":"wp","href":"https:\/\/api.w.org\/{rel}","templated":true}]}}