{"id":1302,"date":"2018-05-31T08:05:36","date_gmt":"2018-05-31T08:05:36","guid":{"rendered":"http:\/\/avenir-gendarmerie.org\/?p=1302"},"modified":"2018-05-31T08:05:36","modified_gmt":"2018-05-31T08:05:36","slug":"coup-de-coeur-belle-action-determinante-a-la-maternite-du-chu-de-montpellier","status":"publish","type":"post","link":"https:\/\/avenir-gendarmerie.org\/index.php\/2018\/05\/31\/coup-de-coeur-belle-action-determinante-a-la-maternite-du-chu-de-montpellier\/","title":{"rendered":"[COUP DE C\u0152UR] Belle action d\u00e9terminante \u00e0 la maternit\u00e9 du CHU de Montpellier"},"content":{"rendered":"<p>Le gendarme M r\u00e9serviste au sein du group<span class=\"text_exposed_show\">ement de gendarmerie d\u00e9partementale de l\u2019H\u00e9rault, pr\u00e9sent pour un heureux \u00e9v\u00e9nement \u00e0 la maternit\u00e9 du CHU de Montpellier, ce lundi, s\u2019est trouv\u00e9 confront\u00e9 \u00e0 un individu particuli\u00e8rement violent.<\/span><\/p>\n<div class=\"text_exposed_show\">\n<p>Au petit matin, alors qu\u2019il se reposait aupr\u00e8s de sa compagne et de leur b\u00e9b\u00e9, des cris provenant d\u2019une chambre voisine l\u2019interpellent. Il y d\u00e9couvre un homme agressif envers le personnel m\u00e9dical voulant s\u2019interposer devant une patiente menac\u00e9e.<br \/>\nSans h\u00e9siter, le gendarme r\u00e9serviste M intervient pour le ma\u00eetriser et prot\u00e9ger les victimes dans l\u2019attente du renfort du personnel de s\u00e9curit\u00e9 de l\u2019h\u00f4pital et ensuite de la police nationale qui a proc\u00e9der \u00e0 l\u2019interpellation.<\/p>\n<p>Le mis en cause, d\u00e9f\u00e9r\u00e9 le 29 mai a \u00e9t\u00e9 plac\u00e9 sous contr\u00f4le judiciaire en attente de son jugement au mois d&rsquo;octobre prochain.<\/p>\n<p>Vives f\u00e9licitations \u00e0 notre r\u00e9serviste pour son engagement qui honore la gendarmerie.<\/p>\n<p>Source: <a href=\"https:\/\/www.facebook.com\/GendarmerieHerault\/posts\/1889890484636939\">Gendarmerie de l&rsquo;H\u00e9rault<\/a> \/ Cr\u00e9dit photo: \u00a9 D.R.<\/p>\n<\/div>\n","protected":false},"excerpt":{"rendered":"<p>Le gendarme M r\u00e9serviste au sein du groupement de gendarmerie d\u00e9partementale de l\u2019H\u00e9rault, pr\u00e9sent pour un heureux \u00e9v\u00e9nement \u00e0 la maternit\u00e9 du CHU de Montpellier, ce lundi, s\u2019est trouv\u00e9 confront\u00e9 \u00e0 un individu particuli\u00e8rement violent. Au petit matin, alors qu\u2019il se reposait aupr\u00e8s de sa compagne et de leur b\u00e9b\u00e9, des cris provenant d\u2019une chambre [&hellip;]<\/p>\n","protected":false},"author":3,"featured_media":0,"comment_status":"open","ping_status":"open","sticky":false,"template":"","format":"standard","meta":{"_exactmetrics_skip_tracking":false,"_exactmetrics_sitenote_active":false,"_exactmetrics_sitenote_note":"","_exactmetrics_sitenote_category":0,"footnotes":""},"categories":[28],"tags":[],"class_list":["post-1302","post","type-post","status-publish","format-standard","hentry","category-actualites"],"_links":{"self":[{"href":"https:\/\/avenir-gendarmerie.org\/index.php\/wp-json\/wp\/v2\/posts\/1302","targetHints":{"allow":["GET"]}}],"collection":[{"href":"https:\/\/avenir-gendarmerie.org\/index.php\/wp-json\/wp\/v2\/posts"}],"about":[{"href":"https:\/\/avenir-gendarmerie.org\/index.php\/wp-json\/wp\/v2\/types\/post"}],"author":[{"embeddable":true,"href":"https:\/\/avenir-gendarmerie.org\/index.php\/wp-json\/wp\/v2\/users\/3"}],"replies":[{"embeddable":true,"href":"https:\/\/avenir-gendarmerie.org\/index.php\/wp-json\/wp\/v2\/comments?post=1302"}],"version-history":[{"count":1,"href":"https:\/\/avenir-gendarmerie.org\/index.php\/wp-json\/wp\/v2\/posts\/1302\/revisions"}],"predecessor-version":[{"id":1304,"href":"https:\/\/avenir-gendarmerie.org\/index.php\/wp-json\/wp\/v2\/posts\/1302\/revisions\/1304"}],"wp:attachment":[{"href":"https:\/\/avenir-gendarmerie.org\/index.php\/wp-json\/wp\/v2\/media?parent=1302"}],"wp:term":[{"taxonomy":"category","embeddable":true,"href":"https:\/\/avenir-gendarmerie.org\/index.php\/wp-json\/wp\/v2\/categories?post=1302"},{"taxonomy":"post_tag","embeddable":true,"href":"https:\/\/avenir-gendarmerie.org\/index.php\/wp-json\/wp\/v2\/tags?post=1302"}],"curies":[{"name":"wp","href":"https:\/\/api.w.org\/{rel}","templated":true}]}}