{"id":1305,"date":"2018-06-01T07:51:46","date_gmt":"2018-06-01T07:51:46","guid":{"rendered":"http:\/\/avenir-gendarmerie.org\/?p=1305"},"modified":"2018-06-01T07:51:46","modified_gmt":"2018-06-01T07:51:46","slug":"memorial-day-des-marines-au-bois-de-belleau-surveiller-controler-renseigner","status":"publish","type":"post","link":"https:\/\/avenir-gendarmerie.org\/index.php\/2018\/06\/01\/memorial-day-des-marines-au-bois-de-belleau-surveiller-controler-renseigner\/","title":{"rendered":"Memorial Day des Marines au bois de Belleau : surveiller, contr\u00f4ler, renseigner"},"content":{"rendered":"<div class=\"description\">\n<div class=\"ezrichtext-field\">\n<p>Le Memorial Day, jour du souvenir aux \u00c9tats-Unis, c\u00e9l\u00e8bre chaque dernier dimanche de mai la m\u00e9moire de tous les Am\u00e9ricains qui p\u00e9rirent lors de faits militaires. Dimanche 27 mai, \u00e0 Bois Belleau, dans le cadre des comm\u00e9morations, la compagnie de gendarmerie d\u00e9partementale de Ch\u00e2teau-Thierry a d\u00e9ploy\u00e9 son dispositif de s\u00e9curit\u00e9.<\/p>\n<\/div>\n<\/div>\n<div class=\"body\">\n<div class=\"ezrichtext-field\">\n<p>Cette ann\u00e9e, 5 500 visiteurs se sont rassembl\u00e9s pour c\u00e9l\u00e9brer le centenaire de la bataille du bois de Belleau (02). Parmi eux, des Marines venus nombreux, pour beaucoup accompagn\u00e9s de leurs familles. \u00c9galement pr\u00e9sentes, des autorit\u00e9s civiles et militaires, fran\u00e7aises,<em>\u00a0<\/em>am\u00e9ricaines et allemandes, entour\u00e9es de d\u00e9l\u00e9gations des arm\u00e9es am\u00e9ricaines et allemandes.<\/p>\n<p>La c\u00e9r\u00e9monie a \u00e9t\u00e9 ponctu\u00e9e de nombreux discours et t\u00e9moignages soulignant l\u2019engagement des troupes en 1918 et les alliances fraternelles qui perdurent depuis le dernier conflit mondial. Les hommages ont \u00e9t\u00e9 vibrants, au son des trois hymnes nationaux\u00a0: la Marseillaise, Das Deutschlandlied et Star Spangled Banner. \u00c0 cet instant, pas un seul Marines ne bouge, la t\u00eate baiss\u00e9e en signe de recueillement.<\/p>\n<h2>Les Marines s\u2019illustrent au bois de Belleau en 1918<\/h2>\n<p>\u00ab\u00a0Peu d\u2019endroits ont autant de sens pour les Marines [\u2026] Plus de 2\u00a0200 Marines am\u00e9ricains, soldats fran\u00e7ais et am\u00e9ricains, ont donn\u00e9 leurs vies sur ces terres, comme l\u2019a fait un nombre similaire de leurs ennemis allemands [&#8230;]\u00a0\u00bb, prononce le g\u00e9n\u00e9ral d\u2019arm\u00e9e Robert B. Neller, commandant le corps des Marines des \u00c9tats-Unis d\u2019Am\u00e9rique.<\/p>\n<p>La bataille du bois de Belleau, en juin 1918, repr\u00e9sente le premier engagement des troupes am\u00e9ricaines aux c\u00f4t\u00e9s des alli\u00e9s. Depuis la\u00a0<em>guerre de S\u00e9cession<\/em>, elle d\u00e9tient le triste record du nombre de soldats am\u00e9ricains tu\u00e9s dans une seule bataille jusqu&rsquo;\u00e0 la Seconde guerre mondiale. Au cours de ce combat qui dura une vingtaine de jours, le corps des Marines s\u2019est particuli\u00e8rement illustr\u00e9. Cette bataille est devenue un symbole fort\u00a0: celui au cours duquel il a d\u00e9montr\u00e9 sa valeur. Cet \u00e9v\u00e9nement fonde sa r\u00e9putation. C\u2019est pourquoi ce centenaire rev\u00eat un souvenir sp\u00e9cial et que les militaires de ce corps d\u2019\u00e9lite sont venus en nombre \u00e0 Belleau.<\/p>\n<h2>La gendarmerie de Ch\u00e2teau-Thierry s\u00e9curise cette comm\u00e9moration<\/h2>\n<p>Organis\u00e9e au cimeti\u00e8re du bois de Belleau, cette comm\u00e9moration a n\u00e9cessit\u00e9 l\u2019engagement de 70 militaires de la Compagnie de gendarmerie d\u00e9partementale (CGD) de Ch\u00e2teau-Thierry renforc\u00e9e par des \u00e9quipes de la CGD de Soissons et des r\u00e9servistes. Ces derniers forment la compagnie de r\u00e9serve territoriale et sont r\u00e9guli\u00e8rement engag\u00e9s sur la circonscription de Ch\u00e2teau-Thierry. Ils sont ainsi fid\u00e9lis\u00e9s sur ce territoire et habitu\u00e9s \u00e0 ce type de missions.<\/p>\n<p>\u00ab\u00a0Ce dispositif de s\u00e9curit\u00e9 est rod\u00e9 depuis des ann\u00e9es. Les seuls ajustements concernent principalement les abords du site. Je souhaite une prise en compte des enceintes du cimeti\u00e8re et un contr\u00f4le effectu\u00e9 en hauteur afin d\u2019\u00e9viter toute intrusion venue de l\u2019ext\u00e9rieur\u00a0\u00bb, r\u00e9sume le chef d\u2019escadron Jean-Charles Hou\u00ebl, commandant la CDG de Ch\u00e2teau-Thierry et chef de dispositif pour sa zone de comp\u00e9tence, lors du briefing matinal.<\/p>\n<p>Le type de visiteurs, pour beaucoup des militaires am\u00e9ricains et allemands, est en effet sensible. Les services de renseignements de la police et de la gendarmerie sont \u00e9galement engag\u00e9s dans le cadre des comm\u00e9morations afin de renseigner en cas de besoin. La veille, ils ont v\u00e9rifi\u00e9 les listes de r\u00e9servation des gradins, ainsi que les identit\u00e9s des partenaires ext\u00e9rieurs et de la presse.<\/p>\n<h3>Principales autorit\u00e9s pr\u00e9sentes lors des comm\u00e9morations :<\/h3>\n<p>&#8211; France\u00a0: Madame Genevi\u00e8ve Darrieussecq, secr\u00e9taire d&rsquo;\u00c9tat aupr\u00e8s de la ministre des Arm\u00e9es\u00a0; g\u00e9n\u00e9ral de division Vincent Guionie, sous chef de l\u2019\u00e9tat-major de l\u2019arm\u00e9e de Terre fran\u00e7aise\u00a0;<\/p>\n<p><em>&#8211;\u00a0<\/em>\u00c9tats-Unis\u00a0: g\u00e9n\u00e9ral d\u2019arm\u00e9e Robert B. Neller, commandant le corps des Marines des \u00c9tats-Unis d\u2019Am\u00e9rique\u00a0; Madame Jamie McCourt, ambassadrice des \u00c9tats-Unis en France\u00a0;<\/p>\n<p><em>&#8211;<\/em>\u00a0Allemagne\u00a0: g\u00e9n\u00e9ral de corps d\u2019arm\u00e9e Carsten Jacobson, commandant des capacit\u00e9s op\u00e9rationnelles et chef d\u2019\u00e9tat-major adjoint de l\u2019arm\u00e9e de terre allemande\u00a0;<\/p>\n<p><em>&#8211;<\/em>\u00a0Gendarmerie nationale\u00a0: g\u00e9n\u00e9ral Didier Fortin, commandant la r\u00e9gion de gendarmerie de Picardie et le groupement de la gendarmerie d\u00e9partementale de la Somme.<\/p>\n<h3>En savoir plus\u00a0:<\/h3>\n<p>Plus de 30\u00a0000 soldats am\u00e9ricains perdirent la vie lors de la Premi\u00e8re Guerre mondiale. Ils sont enterr\u00e9s en France, dans l\u2019un des 26 cimeti\u00e8res g\u00e9r\u00e9s par l\u2019agence gouvernementale f\u00e9d\u00e9rale des \u00c9tats-Unis\u00a0: l\u2019ABMC, l\u2019American Battle Monuments Commission.<\/p>\n<p>Source: <a href=\"https:\/\/www.gendcom.gendarmerie.interieur.gouv.fr\/Actualites\/Memorial-Day-des-Marines-au-bois-de-Belleau-surveiller-controler-renseigner\">GENDCOM<\/a> \/ Cr\u00e9dit photo: \u00a9 D.R.<\/p>\n<\/div>\n<\/div>\n","protected":false},"excerpt":{"rendered":"<p>Le Memorial Day, jour du souvenir aux \u00c9tats-Unis, c\u00e9l\u00e8bre chaque dernier dimanche de mai la m\u00e9moire de tous les Am\u00e9ricains qui p\u00e9rirent lors de faits militaires. Dimanche 27 mai, \u00e0 Bois Belleau, dans le cadre des comm\u00e9morations, la compagnie de gendarmerie d\u00e9partementale de Ch\u00e2teau-Thierry a d\u00e9ploy\u00e9 son dispositif de s\u00e9curit\u00e9. Cette ann\u00e9e, 5 500 visiteurs [&hellip;]<\/p>\n","protected":false},"author":3,"featured_media":0,"comment_status":"open","ping_status":"open","sticky":false,"template":"","format":"standard","meta":{"_exactmetrics_skip_tracking":false,"_exactmetrics_sitenote_active":false,"_exactmetrics_sitenote_note":"","_exactmetrics_sitenote_category":0,"footnotes":""},"categories":[28],"tags":[],"class_list":["post-1305","post","type-post","status-publish","format-standard","hentry","category-actualites"],"_links":{"self":[{"href":"https:\/\/avenir-gendarmerie.org\/index.php\/wp-json\/wp\/v2\/posts\/1305","targetHints":{"allow":["GET"]}}],"collection":[{"href":"https:\/\/avenir-gendarmerie.org\/index.php\/wp-json\/wp\/v2\/posts"}],"about":[{"href":"https:\/\/avenir-gendarmerie.org\/index.php\/wp-json\/wp\/v2\/types\/post"}],"author":[{"embeddable":true,"href":"https:\/\/avenir-gendarmerie.org\/index.php\/wp-json\/wp\/v2\/users\/3"}],"replies":[{"embeddable":true,"href":"https:\/\/avenir-gendarmerie.org\/index.php\/wp-json\/wp\/v2\/comments?post=1305"}],"version-history":[{"count":1,"href":"https:\/\/avenir-gendarmerie.org\/index.php\/wp-json\/wp\/v2\/posts\/1305\/revisions"}],"predecessor-version":[{"id":1307,"href":"https:\/\/avenir-gendarmerie.org\/index.php\/wp-json\/wp\/v2\/posts\/1305\/revisions\/1307"}],"wp:attachment":[{"href":"https:\/\/avenir-gendarmerie.org\/index.php\/wp-json\/wp\/v2\/media?parent=1305"}],"wp:term":[{"taxonomy":"category","embeddable":true,"href":"https:\/\/avenir-gendarmerie.org\/index.php\/wp-json\/wp\/v2\/categories?post=1305"},{"taxonomy":"post_tag","embeddable":true,"href":"https:\/\/avenir-gendarmerie.org\/index.php\/wp-json\/wp\/v2\/tags?post=1305"}],"curies":[{"name":"wp","href":"https:\/\/api.w.org\/{rel}","templated":true}]}}