{"id":1319,"date":"2018-06-04T09:06:56","date_gmt":"2018-06-04T09:06:56","guid":{"rendered":"http:\/\/avenir-gendarmerie.org\/?p=1319"},"modified":"2018-06-04T09:06:56","modified_gmt":"2018-06-04T09:06:56","slug":"ce-qui-change-au-1er-juin-2018","status":"publish","type":"post","link":"https:\/\/avenir-gendarmerie.org\/index.php\/2018\/06\/04\/ce-qui-change-au-1er-juin-2018\/","title":{"rendered":"Ce qui change au 1er juin 2018"},"content":{"rendered":"<div id=\"actualite\" class=\"lead\">\n<p>Alertes du minist\u00e8re de l&rsquo;Int\u00e9rieur, vaccins obligatoires, tarifs m\u00e9dicaux ou encore tarifs du gaz. Retrouvez dans notre dossier une premi\u00e8re s\u00e9lection des nouveaux dispositifs qui entrent en vigueur au 1<sup>er<\/sup>\u00a0juin\u00a02018.<\/p>\n<\/div>\n<div id=\"chapitre_1\">\n<h2 id=\"titreChapitre_-3741049658683185263\">Alertes du minist\u00e8re de l&rsquo;Int\u00e9rieur<\/h2>\n<p>\u00c0 partir du 1<sup>er<\/sup>\u00a0juin\u00a02018, le minist\u00e8re de l&rsquo;Int\u00e9rieur passera (en cas de besoin) ses messages d&rsquo;alerte et de pr\u00e9vention sur\u00a0<span class=\"expression\"><em>Twitter,<\/em><\/span><span class=\"expression\"><em>Facebook<\/em><\/span>\u00a0et\u00a0<span class=\"expression\"><em>Google<\/em><\/span>\u00a0mais aussi sur certains canaux de communication de la\u00a0<span class=\"expression\"><em>RATP<\/em><\/span>,\u00a0<span class=\"expression\"><em>Vinci Autoroutes<\/em><\/span>,\u00a0<span class=\"expression\"><em>Radio-France<\/em><\/span>\u00a0et\u00a0<span class=\"expression\"><em>France T\u00e9l\u00e9visions<\/em><\/span>.<\/p>\n<p id=\"lienDTO\"><a class=\"link-arrow\" href=\"https:\/\/www.service-public.fr\/particuliers\/actualites\/A12630\">Les alertes du minist\u00e8re de l&rsquo;Int\u00e9rieur sur les r\u00e9seaux sociaux en cas de danger imm\u00e9diat<\/a><\/p>\n<div data-content=\"sousChapitres\">\u00a0<span style=\"color: #111111; font-family: Roboto, sans-serif; font-size: 27px;\">Vaccins obligatoires<\/span><\/div>\n<\/div>\n<div id=\"chapitre_2\">\n<p>Pour les enfants n\u00e9s \u00e0 partir du 1<sup>er<\/sup>\u00a0janvier\u00a02018, les 11\u00a0vaccinations d\u00e9sormais obligatoires (dipht\u00e9rie, t\u00e9tanos, poliomy\u00e9lite, coqueluche, infections invasives \u00e0 Haemophilus influenzae de type b, h\u00e9patite B, infections invasives \u00e0 pneumocoque, m\u00e9ningocoque de s\u00e9rogroupe C, rougeole, oreillons et rub\u00e9ole) seront exigibles pour \u00eatre admis en en collectivit\u00e9 (cr\u00e8ches, garderies, \u00e9cole) \u00e0 compter du 1<sup>er<\/sup>\u00a0juin\u00a02018.<\/p>\n<p id=\"lienDTO\"><a class=\"link-arrow\" title=\" - Nouvelle fen\u00eatre\" href=\"http:\/\/www.vaccination-info-service.fr\/Questions-frequentes\/Questions-generales\/Politique-vaccinale-en-France\/Avec-la-loi-du-30-decembre-2017-les-enfants-doivent-ils-etre-etre-vaccines-pour-pouvoir-aller-en-creche-ou-a-l-ecole\" target=\"_blank\" rel=\"noopener noreferrer\" data-xiti-name=\"Particuliers::Actualite::Navigation_Directe::Avec_la_loi_du_30_d\u00e9cembre_2017,_les_enfants_doivent-ils_\u00eatre_\u00eatre_vaccin\u00e9s_pour_pouvoir_aller_en_cr\u00e8che_ou_\u00e0_l'\u00e9cole_?\" data-xiti-type=\"exit\">Avec la loi du 30 d\u00e9cembre 2017, les enfants doivent-ils \u00eatre \u00eatre vaccin\u00e9s pour pouvoir aller en cr\u00e8che ou \u00e0 l&rsquo;\u00e9cole ?\u00a0\u00a0<\/a><\/p>\n<div data-content=\"sousChapitres\">\u00a0<span style=\"color: #111111; font-family: Roboto, sans-serif; font-size: 27px;\">Tarifs m\u00e9dicaux<\/span><\/div>\n<\/div>\n<div id=\"chapitre_3\">\n<p>Dans le cadre du parcours de soins coordonn\u00e9s, les tarifs de consultations d&rsquo;un m\u00e9decin correspondant pour avis ponctuel (qui s&rsquo;appliquent lorsque les patients sont envoy\u00e9s par leur m\u00e9decin chez un autre praticien pour avis) sont revus \u00e0 la hausse au 1<sup>er<\/sup>\u00a0juin\u00a02018. Ces tarifs passent ainsi \u00e0\u00a0<span class=\"prix\">50\u00a0\u20ac<\/span>\u00a0pour un sp\u00e9cialiste de secteur\u00a01 ou encore \u00e0\u00a0<span class=\"prix\">62,50\u00a0\u20ac<\/span>\u00a0pour un psychiatre, neuropsychiatre ou neurologue.<\/p>\n<p id=\"lienDTO\"><a class=\"link-arrow\" title=\" - Nouvelle fen\u00eatre\" href=\"https:\/\/www.ameli.fr\/assure\/remboursements\/rembourse\/consultations\/metropole#text_636\" target=\"_blank\" rel=\"noopener noreferrer\" data-xiti-name=\"Particuliers::Actualite::Navigation_Directe::Consultations_en_m\u00e9tropole_:_vos_remboursements\" data-xiti-type=\"exit\">Consultations en m\u00e9tropole : vos remboursements\u00a0\u00a0<\/a><\/p>\n<div data-content=\"sousChapitres\">\u00a0<span style=\"color: #111111; font-family: Roboto, sans-serif; font-size: 27px;\">Tarifs du gaz<\/span><\/div>\n<\/div>\n<div id=\"chapitre_4\">\n<p>Les tarifs r\u00e9glement\u00e9s de vente de gaz d&rsquo;Engie augmentent de\u00a0<span class=\"prix\">2,1\u00a0%<\/span>\u00a0en moyenne au 1<sup>er<\/sup>\u00a0juin\u00a02018 par rapport au bar\u00e8me en vigueur en mai\u00a02018.<\/p>\n<p id=\"lienDTO\"><a class=\"link-arrow\" href=\"https:\/\/www.service-public.fr\/particuliers\/actualites\/A12626\">Tarifs r\u00e9glement\u00e9s du gaz\u00a0:\u00a0+\u00a02,1\u00a0%\u00a0au 1er\u00a0juin\u00a02018<\/a><\/p>\n<p>Source: <a href=\"https:\/\/www.service-public.fr\/particuliers\/actualites\/A12640\">service-public.fr<\/a> \/ Cr\u00e9dit photo: \u00a9 D.R.<\/p>\n<\/div>\n","protected":false},"excerpt":{"rendered":"<p>Alertes du minist\u00e8re de l&rsquo;Int\u00e9rieur, vaccins obligatoires, tarifs m\u00e9dicaux ou encore tarifs du gaz. Retrouvez dans notre dossier une premi\u00e8re s\u00e9lection des nouveaux dispositifs qui entrent en vigueur au 1er\u00a0juin\u00a02018. Alertes du minist\u00e8re de l&rsquo;Int\u00e9rieur \u00c0 partir du 1er\u00a0juin\u00a02018, le minist\u00e8re de l&rsquo;Int\u00e9rieur passera (en cas de besoin) ses messages d&rsquo;alerte et de pr\u00e9vention sur\u00a0Twitter,Facebook\u00a0et\u00a0Google\u00a0mais [&hellip;]<\/p>\n","protected":false},"author":3,"featured_media":0,"comment_status":"open","ping_status":"open","sticky":false,"template":"","format":"standard","meta":{"_exactmetrics_skip_tracking":false,"_exactmetrics_sitenote_active":false,"_exactmetrics_sitenote_note":"","_exactmetrics_sitenote_category":0,"footnotes":""},"categories":[28],"tags":[],"class_list":["post-1319","post","type-post","status-publish","format-standard","hentry","category-actualites"],"_links":{"self":[{"href":"https:\/\/avenir-gendarmerie.org\/index.php\/wp-json\/wp\/v2\/posts\/1319","targetHints":{"allow":["GET"]}}],"collection":[{"href":"https:\/\/avenir-gendarmerie.org\/index.php\/wp-json\/wp\/v2\/posts"}],"about":[{"href":"https:\/\/avenir-gendarmerie.org\/index.php\/wp-json\/wp\/v2\/types\/post"}],"author":[{"embeddable":true,"href":"https:\/\/avenir-gendarmerie.org\/index.php\/wp-json\/wp\/v2\/users\/3"}],"replies":[{"embeddable":true,"href":"https:\/\/avenir-gendarmerie.org\/index.php\/wp-json\/wp\/v2\/comments?post=1319"}],"version-history":[{"count":1,"href":"https:\/\/avenir-gendarmerie.org\/index.php\/wp-json\/wp\/v2\/posts\/1319\/revisions"}],"predecessor-version":[{"id":1321,"href":"https:\/\/avenir-gendarmerie.org\/index.php\/wp-json\/wp\/v2\/posts\/1319\/revisions\/1321"}],"wp:attachment":[{"href":"https:\/\/avenir-gendarmerie.org\/index.php\/wp-json\/wp\/v2\/media?parent=1319"}],"wp:term":[{"taxonomy":"category","embeddable":true,"href":"https:\/\/avenir-gendarmerie.org\/index.php\/wp-json\/wp\/v2\/categories?post=1319"},{"taxonomy":"post_tag","embeddable":true,"href":"https:\/\/avenir-gendarmerie.org\/index.php\/wp-json\/wp\/v2\/tags?post=1319"}],"curies":[{"name":"wp","href":"https:\/\/api.w.org\/{rel}","templated":true}]}}