{"id":1360,"date":"2018-06-12T07:46:50","date_gmt":"2018-06-12T07:46:50","guid":{"rendered":"http:\/\/avenir-gendarmerie.org\/?p=1360"},"modified":"2018-06-12T07:46:50","modified_gmt":"2018-06-12T07:46:50","slug":"envisager-tous-les-scenarios","status":"publish","type":"post","link":"https:\/\/avenir-gendarmerie.org\/index.php\/2018\/06\/12\/envisager-tous-les-scenarios\/","title":{"rendered":"Envisager tous les sc\u00e9narios"},"content":{"rendered":"<div class=\"description\">\n<div class=\"ezrichtext-field\">\n<p>Pour faire face \u00e0 une op\u00e9ration potentiellement de grande ampleur sur l\u2019ex-Zad de Notre-Dame-des-Landes, la gendarmerie se met tr\u00e8s t\u00f4t en ordre de bataille. Elle planifie tout, dans le d\u00e9tail, afin d\u2019anticiper au maximum l\u2019\u00e9ventail des possibilit\u00e9s d\u00e9cid\u00e9es par le gouvernement. Mais quelle que soit la man\u0153uvre \u00e0 conduire, une priorit\u00e9\u00a0: la s\u00e9curit\u00e9 des forces de l\u2019ordre et des opposants.<\/p>\n<\/div>\n<\/div>\n<div class=\"body\">\n<div class=\"ezrichtext-field\">\n<p>\u00ab\u00a0Cette op\u00e9ration d\u2019une ampleur singuli\u00e8re, tant par sa pr\u00e9paration que par les moyens qu\u2019elle engage, mobilise toute la maison gendarmerie, dans l\u2019ensemble de ses composantes.\u00a0\u00bb Cet extrait du message de soutien adress\u00e9, le 11 avril, par le directeur g\u00e9n\u00e9ral de la gendarmerie nationale, aux militaires d\u00e9ploy\u00e9s au plus fort de l\u2019op\u00e9ration, r\u00e9sume l\u2019engagement des personnels de l\u2019Institution. Et ce, bien avant le d\u00e9clenchement de la man\u0153uvre op\u00e9rationnelle.<\/p>\n<h2>\u00ab\u00a0Planifier, c\u2019est anticiper\u00a0\u00bb<\/h2>\n<p>D\u00e8s la mi-d\u00e9cembre 2017, date de remise du rapport des m\u00e9diateurs quant \u00e0 la construction, ou non, de l\u2019a\u00e9roport de Notre-Dame-des-Landes, la planification s\u2019intensifie en administration centrale. Jusqu\u2019\u00e0 la d\u00e9cision du 17 janvier 2018, la gendarmerie n\u2019a aucune connaissance de l\u2019option qui sera choisie par le politique. Ainsi, des semaines durant, elle se pr\u00e9pare \u00e0 toutes les \u00e9ventualit\u00e9s.<\/p>\n<p>Autour du colonel Fran\u00e7ois Santarelli, commandant le\u00a0<a href=\"https:\/\/www.gendarmerie.interieur.gouv.fr\/Notre-institution\/Nos-composantes\/Au-niveau-central\/Le-Centre-de-Planification-et-de-Gestion-de-Crise-CPGC\">Centre de planification et de gestion de crise (CPGC)<\/a>, un \u00e9tat-major, calqu\u00e9 sur le mod\u00e8le militaire de type Otan (voir infographie), se met en place, afin de gagner en efficacit\u00e9 et de concevoir les man\u0153uvres qui colleront le mieux aux objectifs fix\u00e9s par le gouvernement.<\/p>\n<div class=\"ez-embed-type-image center col-md-10 col-md-offset-1 col-xs-12\">\n<figure class=\" gc_large card-1\"><img decoding=\"async\" src=\"https:\/\/www.gendcom.gendarmerie.interieur.gouv.fr\/pub_storage\/images\/_aliases\/gc_large\/2\/1\/0\/0\/200012-1-fre-FR\/2018-163%20infographie.png\" alt=\"\" width=\"100%\" \/><figcaption><span class=\"legend\">Afin de gagner en efficacit\u00e9 et de concevoir les man\u0153uvres qui colleront le mieux aux objectifs fix\u00e9s par le gouvernement, un \u00e9tat-major calqu\u00e9 sur le mod\u00e8le militaire de type Otan est mis en place.\u00a0<\/span><small>&#8211; \u00a9\u00a0<span class=\"ezstring-field\">SirpaGend &#8211; P. Hartard<\/span><\/small><\/figcaption><\/figure>\n<\/div>\n<p>Tous les matins, les experts des diff\u00e9rents domaines concern\u00e9s rendent compte de leurs avanc\u00e9es ou probl\u00e9matiques respectives. Puis, en fin de journ\u00e9e, le g\u00e9n\u00e9ral Pierre Sauvegrain, adjoint au directeur des op\u00e9rations et de l\u2019emploi, transmet les derni\u00e8res orientations du directeur g\u00e9n\u00e9ral. \u00ab\u00a0Qu\u2019importe l\u2019hypoth\u00e8se de travail retenue par le politique, un engagement moindre ou d\u2019ampleur, nous serons pr\u00eats\u00a0\u00bb, affirme alors le colonel Santarelli, en sa qualit\u00e9 de sp\u00e9cialiste en pr\u00e9paration de gestion de crise.<\/p>\n<p>Le colonel Richard C., commandant le Groupement op\u00e9rationnel de maintien de l\u2019ordre (Gomo) d\u00e9di\u00e9 \u00e0 Notre-Dame-des-Landes, pr\u00e9sent \u00e0 chaque r\u00e9union, le confirme\u00a0: \u00ab\u00a0Le temps du politique n\u2019est pas celui de la conception de man\u0153uvre ni de la logistique. Planifier, c\u2019est anticiper, c\u2019est \u00eatre proactif, et c\u2019est ce que nous faisons\u00a0!\u00a0\u00bb<\/p>\n<h2>Une man\u0153uvre d\u2019ampleur exceptionnelle<\/h2>\n<p>Au cours de cette phase de pr\u00e9paration, tous ont conscience que l\u2019engagement des forces sera d\u2019une ampleur exceptionnelle. \u00ab\u00a0Il faut se rappeler qu\u2019il n\u2019y a pas eu d\u2019op\u00e9ration de r\u00e9tablissement de l\u2019ordre de cette ampleur sur le territoire fran\u00e7ais depuis mai 68\u00a0! La sensibilit\u00e9 politique est donc \u00e0 son paroxysme, \u00e0 la fois en termes de symboles, de risques et de moyens engag\u00e9s\u00a0\u00bb, d\u00e9clare le colonel Richard C., en charge de la conception de man\u0153uvre.<\/p>\n<p>Il reprend\u00a0: \u00ab\u00a0Pour nous, il s\u2019agit d\u2019une premi\u00e8re\u00a0: tant en termes de moyens humains que de diversit\u00e9 des moyens techniques, l\u2019engagement aux c\u00f4t\u00e9s des gendarmes mobiles, d\u2019\u00e9quipes d\u2019appui judiciaire int\u00e9gr\u00e9es et l\u2019emploi effectif des\u00a0<a href=\"https:\/\/www.defense.gouv.fr\/gendarmerie\/metiers\/intervention\/le-groupement-blinde-de-gendarmerie-mobile-gbgm\">VBRG (V\u00e9hicules Blind\u00e9s \u00e0 Roues de la Gendarmerie)<\/a>.\u00a0\u00bb<\/p>\n<p>Ainsi, la planification se doit d\u2019\u00eatre rigoureuse pour \u00e9viter toute surprise ou rupture dans la man\u0153uvre \u00e0 partir du d\u00e9clenchement de la mission.<\/p>\n<p>\u00c0 ce titre, la pertinence des hypoth\u00e8ses de travail est \u00e9prouv\u00e9e, d\u00e9but janvier, au cours d\u2019une simulation d\u2019op\u00e9ration d\u2019\u00e9vacuation, de type \u00ab\u00a0Wargaming\u00a0\u00bb. Cet exercice permet \u00e9galement de d\u00e9celer d\u2019\u00e9ventuelles faiblesses afin de proc\u00e9der aux ajustements n\u00e9cessaires.<\/p>\n<p>\u00ab\u00a0L\u2019\u00e9tude de l\u2019adversaire, du terrain, le dispositif mis en place et la sensibilisation des gendarmes mobiles et d\u00e9partementaux ont pour objectif d\u2019atteindre l\u2019\u00e9tat final recherch\u00e9 par le politique, tout en pr\u00e9servant au maximum l\u2019int\u00e9grit\u00e9 physique de l\u2019adversaire et des forces de l\u2019ordre engag\u00e9es. C\u2019est ce qui conditionne le choix de la man\u0153uvre et c\u2019est dans cet esprit que la gendarmerie adopte une posture op\u00e9rationelle s\u00e9curitaire\u00a0\u00bb, conclut le commandant du Gomo.<\/p>\n<p>Le 26 janvier, un premier engagement de forces a lieu, notamment pour r\u00e9tablir la viabilit\u00e9 des axes traversant la zone de Notre-Dame-des-Landes. Forte de cette premi\u00e8re exp\u00e9rience, la gendarmerie se pr\u00e9pare alors \u00e0 apporter son concours \u00e0 l\u2019ex\u00e9cution des d\u00e9cisions de justice visant \u00e0 mettre fin \u00e0 l\u2019occupation ill\u00e9gale du site. Les op\u00e9rations d\u00e9butent le 9 avril. Mission pour la gendarmerie\u00a0: accompagner et s\u00e9curiser les proc\u00e9dures d\u2019expulsions et de d\u00e9constructions de \u00ab\u00a0squats\u00a0\u00bb, tout en r\u00e9tablissant la libre circulation sur les axes qui traversent cette zone de 12,4 km2.<\/p>\n<p>Source: <a href=\"https:\/\/www.gendcom.gendarmerie.interieur.gouv.fr\/Dossiers\/Notre-Dame-des-Landes\/Envisager-tous-les-scenarios\">GENDCOM<\/a> \/ Cr\u00e9dit photo: \u00a9 D.R.<\/p>\n<\/div>\n<\/div>\n","protected":false},"excerpt":{"rendered":"<p>Pour faire face \u00e0 une op\u00e9ration potentiellement de grande ampleur sur l\u2019ex-Zad de Notre-Dame-des-Landes, la gendarmerie se met tr\u00e8s t\u00f4t en ordre de bataille. Elle planifie tout, dans le d\u00e9tail, afin d\u2019anticiper au maximum l\u2019\u00e9ventail des possibilit\u00e9s d\u00e9cid\u00e9es par le gouvernement. Mais quelle que soit la man\u0153uvre \u00e0 conduire, une priorit\u00e9\u00a0: la s\u00e9curit\u00e9 des forces [&hellip;]<\/p>\n","protected":false},"author":3,"featured_media":1361,"comment_status":"open","ping_status":"open","sticky":false,"template":"","format":"standard","meta":{"_exactmetrics_skip_tracking":false,"_exactmetrics_sitenote_active":false,"_exactmetrics_sitenote_note":"","_exactmetrics_sitenote_category":0,"footnotes":""},"categories":[28],"tags":[],"class_list":["post-1360","post","type-post","status-publish","format-standard","has-post-thumbnail","hentry","category-actualites"],"_links":{"self":[{"href":"https:\/\/avenir-gendarmerie.org\/index.php\/wp-json\/wp\/v2\/posts\/1360","targetHints":{"allow":["GET"]}}],"collection":[{"href":"https:\/\/avenir-gendarmerie.org\/index.php\/wp-json\/wp\/v2\/posts"}],"about":[{"href":"https:\/\/avenir-gendarmerie.org\/index.php\/wp-json\/wp\/v2\/types\/post"}],"author":[{"embeddable":true,"href":"https:\/\/avenir-gendarmerie.org\/index.php\/wp-json\/wp\/v2\/users\/3"}],"replies":[{"embeddable":true,"href":"https:\/\/avenir-gendarmerie.org\/index.php\/wp-json\/wp\/v2\/comments?post=1360"}],"version-history":[{"count":1,"href":"https:\/\/avenir-gendarmerie.org\/index.php\/wp-json\/wp\/v2\/posts\/1360\/revisions"}],"predecessor-version":[{"id":1362,"href":"https:\/\/avenir-gendarmerie.org\/index.php\/wp-json\/wp\/v2\/posts\/1360\/revisions\/1362"}],"wp:featuredmedia":[{"embeddable":true,"href":"https:\/\/avenir-gendarmerie.org\/index.php\/wp-json\/wp\/v2\/media\/1361"}],"wp:attachment":[{"href":"https:\/\/avenir-gendarmerie.org\/index.php\/wp-json\/wp\/v2\/media?parent=1360"}],"wp:term":[{"taxonomy":"category","embeddable":true,"href":"https:\/\/avenir-gendarmerie.org\/index.php\/wp-json\/wp\/v2\/categories?post=1360"},{"taxonomy":"post_tag","embeddable":true,"href":"https:\/\/avenir-gendarmerie.org\/index.php\/wp-json\/wp\/v2\/tags?post=1360"}],"curies":[{"name":"wp","href":"https:\/\/api.w.org\/{rel}","templated":true}]}}