{"id":1363,"date":"2018-06-13T09:00:39","date_gmt":"2018-06-13T09:00:39","guid":{"rendered":"http:\/\/avenir-gendarmerie.org\/?p=1363"},"modified":"2018-06-13T09:00:49","modified_gmt":"2018-06-13T09:00:49","slug":"un-serial-voleur-a-la-roulotte","status":"publish","type":"post","link":"https:\/\/avenir-gendarmerie.org\/index.php\/2018\/06\/13\/un-serial-voleur-a-la-roulotte\/","title":{"rendered":"Un serial voleur \u00e0 la roulotte"},"content":{"rendered":"<p class=\"p1\"><span class=\"s1\">Un s\u00e9rial voleur \u00e0 la roulotte agissant durant les c\u00e9r\u00e9monies d\u2019obs\u00e8ques en 2016 et 2017, condamn\u00e9 \u00e0 4 ann\u00e9es d&#8217;emprisonnement.<\/span><\/p>\n<p class=\"p5\"><span class=\"s1\">De ao\u00fbt \u00e0 d\u00e9cembre 2016, le d\u00e9partement de la Haute-Vienne \u00e9tait frapp\u00e9<span class=\"Apple-converted-space\">\u00a0 <\/span>par une recrudescence de vols \u00e0 la roulotte (vols dans v\u00e9hicule),<span class=\"Apple-converted-space\">\u00a0 <\/span>lesquels \u00e9taient commis pendant les c\u00e9r\u00e9monies d\u2019obs\u00e8ques sur les<span class=\"Apple-converted-space\">\u00a0 <\/span>parkings ou \u00e0 proximit\u00e9 des lieux de culte et des cimeti\u00e8res. Au 05<span class=\"Apple-converted-space\">\u00a0 <\/span>janvier 2017, pas moins de 31 faits d\u00e9lictueux similaires \u00e9taient<span class=\"Apple-converted-space\">\u00a0 <\/span>r\u00e9pertori\u00e9s sur le d\u00e9partement. <\/span><\/p>\n<p class=\"p5\"><span class=\"s1\">La mani\u00e8re d&rsquo;op\u00e9rer observ\u00e9e \u00e9tait identique et consistait dans le bris<span class=\"Apple-converted-space\">\u00a0 <\/span>d&rsquo;une vitre des v\u00e9hicules pour s&#8217;emparer des sacs \u00e0 main, sacoches ou<span class=\"Apple-converted-space\">\u00a0 <\/span>portefeuilles laiss\u00e9s \u00e0 l&rsquo;int\u00e9rieur par les victimes. <\/span><\/p>\n<p class=\"p5\"><span class=\"s1\">Parall\u00e8lement, il \u00e9tait constat\u00e9 que ce ph\u00e9nom\u00e8ne d\u00e9lictueux choquant<span class=\"Apple-converted-space\">\u00a0 <\/span>s&rsquo;\u00e9tendait hors du Limousin, sur les d\u00e9partements de la Charente, de La<span class=\"Apple-converted-space\">\u00a0 <\/span>Vienne et de la Charente-Maritime o\u00f9 de nombreux autres faits \u00e9taient<span class=\"Apple-converted-space\">\u00a0 <\/span>\u00e9galement comptabilis\u00e9s. <\/span><\/p>\n<p class=\"p5\"><span class=\"s1\">A l&rsquo;\u00e9poque, des surveillances particuli\u00e8res avaient \u00e9t\u00e9 mises en place<span class=\"Apple-converted-space\">\u00a0 <\/span>par les unit\u00e9s du groupement de gendarmerie d\u00e9partementale de la<span class=\"Apple-converted-space\">\u00a0 <\/span>Haute-Vienne pour d&rsquo;une part enrayer la commission des ces faits<span class=\"Apple-converted-space\">\u00a0 <\/span>d\u00e9lictueux r\u00e9currents, et de l&rsquo;autre, recueillir des \u00e9l\u00e9ments de nature<span class=\"Apple-converted-space\">\u00a0 <\/span>\u00e0 en identifier l&rsquo;auteur. <\/span><\/p>\n<p class=\"p5\"><span class=\"s1\">C&rsquo;est ainsi que le 30 janvier 2017, la brigade de recherches de<span class=\"Apple-converted-space\">\u00a0 <\/span>Saint-Junien ayant recueilli des renseignements d\u00e9terminants,<span class=\"Apple-converted-space\">\u00a0 <\/span>identifiait et interpellait l&rsquo;auteur de ces m\u00e9faits, lequel r\u00e9sidait \u00e0<span class=\"Apple-converted-space\">\u00a0 <\/span>l&rsquo;\u00e9poque sur le d\u00e9partement de la Dordogne. A l&rsquo;issue de sa garde \u00e0 vue,<span class=\"Apple-converted-space\">\u00a0 <\/span>il avait \u00e9t\u00e9 pr\u00e9sent\u00e9 au parquet. <\/span><\/p>\n<p class=\"p5\"><span class=\"s1\">Au terme d&rsquo;une proc\u00e9dure importante et tentaculaire, l&rsquo;auteur a<span class=\"Apple-converted-space\">\u00a0 <\/span>finalement<span class=\"Apple-converted-space\">\u00a0 <\/span>\u00e9t\u00e9 renvoy\u00e9 devant le tribunal correctionnel de Limoges o\u00f9<span class=\"Apple-converted-space\">\u00a0 <\/span>il a comparu \u00e0 l&rsquo;audience du vendredi 08 juin 2018. Au total, 74<span class=\"Apple-converted-space\">\u00a0 <\/span>victimes ont \u00e9t\u00e9 identifi\u00e9es. L&rsquo;auteur a \u00e9t\u00e9 condamn\u00e9 \u00e0 04 ans<span class=\"Apple-converted-space\">\u00a0 <\/span>d&#8217;emprisonnement ferme&#8230;<\/span><\/p>\n<p>Source: <a href=\"https:\/\/www.facebook.com\/notes\/gendarmerie-de-la-haute-vienne\/un-s\u00e9rial-voleur-\u00e0-la-roulotte-agissant-durant-les-c\u00e9r\u00e9monies-dobs\u00e8ques-en-2016-\/1536782959782553\/\">Gendarmerie de la Haute-Vienne<\/a> \/ Cr\u00e9dit photo: \u00a9 D.R.<\/p>\n","protected":false},"excerpt":{"rendered":"<p>Un s\u00e9rial voleur \u00e0 la roulotte agissant durant les c\u00e9r\u00e9monies d\u2019obs\u00e8ques en 2016 et 2017, condamn\u00e9 \u00e0 4 ann\u00e9es d&#8217;emprisonnement. De ao\u00fbt \u00e0 d\u00e9cembre 2016, le d\u00e9partement de la Haute-Vienne \u00e9tait frapp\u00e9\u00a0 par une recrudescence de vols \u00e0 la roulotte (vols dans v\u00e9hicule),\u00a0 lesquels \u00e9taient commis pendant les c\u00e9r\u00e9monies d\u2019obs\u00e8ques sur les\u00a0 parkings ou \u00e0 [&hellip;]<\/p>\n","protected":false},"author":3,"featured_media":0,"comment_status":"open","ping_status":"open","sticky":false,"template":"","format":"standard","meta":{"_exactmetrics_skip_tracking":false,"_exactmetrics_sitenote_active":false,"_exactmetrics_sitenote_note":"","_exactmetrics_sitenote_category":0,"footnotes":""},"categories":[28],"tags":[],"class_list":["post-1363","post","type-post","status-publish","format-standard","hentry","category-actualites"],"_links":{"self":[{"href":"https:\/\/avenir-gendarmerie.org\/index.php\/wp-json\/wp\/v2\/posts\/1363","targetHints":{"allow":["GET"]}}],"collection":[{"href":"https:\/\/avenir-gendarmerie.org\/index.php\/wp-json\/wp\/v2\/posts"}],"about":[{"href":"https:\/\/avenir-gendarmerie.org\/index.php\/wp-json\/wp\/v2\/types\/post"}],"author":[{"embeddable":true,"href":"https:\/\/avenir-gendarmerie.org\/index.php\/wp-json\/wp\/v2\/users\/3"}],"replies":[{"embeddable":true,"href":"https:\/\/avenir-gendarmerie.org\/index.php\/wp-json\/wp\/v2\/comments?post=1363"}],"version-history":[{"count":2,"href":"https:\/\/avenir-gendarmerie.org\/index.php\/wp-json\/wp\/v2\/posts\/1363\/revisions"}],"predecessor-version":[{"id":1366,"href":"https:\/\/avenir-gendarmerie.org\/index.php\/wp-json\/wp\/v2\/posts\/1363\/revisions\/1366"}],"wp:attachment":[{"href":"https:\/\/avenir-gendarmerie.org\/index.php\/wp-json\/wp\/v2\/media?parent=1363"}],"wp:term":[{"taxonomy":"category","embeddable":true,"href":"https:\/\/avenir-gendarmerie.org\/index.php\/wp-json\/wp\/v2\/categories?post=1363"},{"taxonomy":"post_tag","embeddable":true,"href":"https:\/\/avenir-gendarmerie.org\/index.php\/wp-json\/wp\/v2\/tags?post=1363"}],"curies":[{"name":"wp","href":"https:\/\/api.w.org\/{rel}","templated":true}]}}