{"id":1367,"date":"2018-06-13T09:04:55","date_gmt":"2018-06-13T09:04:55","guid":{"rendered":"http:\/\/avenir-gendarmerie.org\/?p=1367"},"modified":"2018-06-13T09:05:49","modified_gmt":"2018-06-13T09:05:49","slug":"dijon-inauguration-dune-nouveau-centre-operationnel-de-la-gendarmerie","status":"publish","type":"post","link":"https:\/\/avenir-gendarmerie.org\/index.php\/2018\/06\/13\/dijon-inauguration-dune-nouveau-centre-operationnel-de-la-gendarmerie\/","title":{"rendered":"[Dijon] Inauguration d&rsquo;un nouveau centre op\u00e9rationnel de la gendarmerie"},"content":{"rendered":"<p class=\"p1\"><span class=\"s1\">Ce lundi 11 juin 2018, le Centre r\u00e9gional des op\u00e9rations et de la s\u00e9curit\u00e9 des mobilit\u00e9s a \u00e9t\u00e9 inaugur\u00e9. C&rsquo;est d\u00e9sormais depuis Dijon\u00a0 que les gendarmes surveilleront tout ce qui transite sur les routes, les rails, les voies navigables de la r\u00e9gion Bourgogne-Franche-Comt\u00e9.<\/span><\/p>\n<p class=\"p1\"><span class=\"s1\">\u00ab\u00a0J&rsquo;ai pens\u00e9 qu&rsquo;il \u00e9tait pertinent de <\/span><span class=\"s2\">cr\u00e9er un centre r\u00e9gional qui suive tous les mouvements de trafic, les transports routiers ou ferroviaires sensibles ainsi que les d\u00e9placements officiels<\/span><span class=\"s1\"> qui traversent notre r\u00e9gion\u00a0\u00bb, pr\u00e9cise\u00a0le g\u00e9n\u00e9ral Olivier Kim \u00e0 la t\u00eate de la r\u00e9gion de gendarmerie de Bourgogne-Franche-Comt\u00e9.<\/span><\/p>\n<p class=\"p1\"><span class=\"s1\">Cette mission recouvre notamment <\/span><span class=\"s2\">le transport de produits nucl\u00e9aires, le convoyage de fonds ou encore les transferts de d\u00e9tenus<\/span><span class=\"s1\">. La gendarmerie s&rsquo;est dot\u00e9e nouveaux locaux dans leur QG dijonnaise, Quartier de Flandre.<\/span><\/p>\n<p class=\"p1\"><span class=\"s1\">Pour assurer ce suivi sur le terrain et \u00e0 distance, ce service dispose de nouveaux moyens avec notamment <\/span><span class=\"s2\">une localisation GPS de tous les v\u00e9hicules engag\u00e9s<\/span><span class=\"s1\">. Ces moyens doivent intervenir le plus rapidement possibles sur de nombreux cas de figure exceptionnels : attaque terroriste sur un convoi exceptionnel, accidents entre deux barges engendrant une pollution de fleuve, accident ferroviaire, etc.<\/span><\/p>\n<p><iframe loading=\"lazy\" width=\"696\" height=\"392\" src=\"https:\/\/www.youtube.com\/embed\/W3Hz45MZP8c?feature=oembed\" frameborder=\"0\" allow=\"autoplay; encrypted-media\" allowfullscreen><\/iframe><\/p>\n<p>Source: <a href=\"https:\/\/france3-regions.francetvinfo.fr\/bourgogne-franche-comte\/cote-d-or\/dijon\/dijon-inauguration-nouveau-centre-operationnel-gendarmerie-1492835.html\">France 3<\/a> \/ Cr\u00e9dit photo: \u00a9 D.R.<\/p>\n<p>&nbsp;<\/p>\n","protected":false},"excerpt":{"rendered":"<p>Ce lundi 11 juin 2018, le Centre r\u00e9gional des op\u00e9rations et de la s\u00e9curit\u00e9 des mobilit\u00e9s a \u00e9t\u00e9 inaugur\u00e9. C&rsquo;est d\u00e9sormais depuis Dijon\u00a0 que les gendarmes surveilleront tout ce qui transite sur les routes, les rails, les voies navigables de la r\u00e9gion Bourgogne-Franche-Comt\u00e9. \u00ab\u00a0J&rsquo;ai pens\u00e9 qu&rsquo;il \u00e9tait pertinent de cr\u00e9er un centre r\u00e9gional qui suive [&hellip;]<\/p>\n","protected":false},"author":3,"featured_media":1368,"comment_status":"open","ping_status":"open","sticky":false,"template":"","format":"standard","meta":{"_exactmetrics_skip_tracking":false,"_exactmetrics_sitenote_active":false,"_exactmetrics_sitenote_note":"","_exactmetrics_sitenote_category":0,"footnotes":""},"categories":[28],"tags":[],"class_list":["post-1367","post","type-post","status-publish","format-standard","has-post-thumbnail","hentry","category-actualites"],"_links":{"self":[{"href":"https:\/\/avenir-gendarmerie.org\/index.php\/wp-json\/wp\/v2\/posts\/1367","targetHints":{"allow":["GET"]}}],"collection":[{"href":"https:\/\/avenir-gendarmerie.org\/index.php\/wp-json\/wp\/v2\/posts"}],"about":[{"href":"https:\/\/avenir-gendarmerie.org\/index.php\/wp-json\/wp\/v2\/types\/post"}],"author":[{"embeddable":true,"href":"https:\/\/avenir-gendarmerie.org\/index.php\/wp-json\/wp\/v2\/users\/3"}],"replies":[{"embeddable":true,"href":"https:\/\/avenir-gendarmerie.org\/index.php\/wp-json\/wp\/v2\/comments?post=1367"}],"version-history":[{"count":2,"href":"https:\/\/avenir-gendarmerie.org\/index.php\/wp-json\/wp\/v2\/posts\/1367\/revisions"}],"predecessor-version":[{"id":1370,"href":"https:\/\/avenir-gendarmerie.org\/index.php\/wp-json\/wp\/v2\/posts\/1367\/revisions\/1370"}],"wp:featuredmedia":[{"embeddable":true,"href":"https:\/\/avenir-gendarmerie.org\/index.php\/wp-json\/wp\/v2\/media\/1368"}],"wp:attachment":[{"href":"https:\/\/avenir-gendarmerie.org\/index.php\/wp-json\/wp\/v2\/media?parent=1367"}],"wp:term":[{"taxonomy":"category","embeddable":true,"href":"https:\/\/avenir-gendarmerie.org\/index.php\/wp-json\/wp\/v2\/categories?post=1367"},{"taxonomy":"post_tag","embeddable":true,"href":"https:\/\/avenir-gendarmerie.org\/index.php\/wp-json\/wp\/v2\/tags?post=1367"}],"curies":[{"name":"wp","href":"https:\/\/api.w.org\/{rel}","templated":true}]}}