{"id":1371,"date":"2018-06-14T08:11:19","date_gmt":"2018-06-14T08:11:19","guid":{"rendered":"http:\/\/avenir-gendarmerie.org\/?p=1371"},"modified":"2018-06-14T08:11:19","modified_gmt":"2018-06-14T08:11:19","slug":"130e-anniversaire-de-la-caisse-nationale-du-gendarme","status":"publish","type":"post","link":"https:\/\/avenir-gendarmerie.org\/index.php\/2018\/06\/14\/130e-anniversaire-de-la-caisse-nationale-du-gendarme\/","title":{"rendered":"130e anniversaire de la Caisse nationale du gendarme."},"content":{"rendered":"<p>Le 13 juin 2018, a \u00e9t\u00e9 d\u00e9voil\u00e9e au quartier des C\u00e9lestins une plaque comm\u00e9morative en hommage au capitaine Paoli, fondateur en 1888 de la Caisse nationale du gendarme. Cet officier, d\u00e9crit comme un homme sensible et g\u00e9n\u00e9reux ne peut se r\u00e9signer aux souffrances et situations dramatiques subies par les membres de la Gendarmerie dans un pays d\u00e9vast\u00e9 par les guerres. Il d\u00e9cide alors de cr\u00e9er un fonds au profit des militaires de l&rsquo;Arme tu\u00e9s et bless\u00e9s dans l&rsquo;exercice de leurs fonctions et de leurs familles. Ainsi d\u00e9bute l&rsquo;histoire de la Caisse nationale du gendarme.<\/p>\n<p><img loading=\"lazy\" decoding=\"async\" class=\"alignnone size-full wp-image-1372\" src=\"http:\/\/avenir-gendarmerie.org\/wp-content\/uploads\/2018\/06\/paoli1.jpg\" alt=\"\" width=\"2048\" height=\"1365\" srcset=\"https:\/\/avenir-gendarmerie.org\/wp-content\/uploads\/2018\/06\/paoli1.jpg 2048w, https:\/\/avenir-gendarmerie.org\/wp-content\/uploads\/2018\/06\/paoli1-300x200.jpg 300w, https:\/\/avenir-gendarmerie.org\/wp-content\/uploads\/2018\/06\/paoli1-768x512.jpg 768w, https:\/\/avenir-gendarmerie.org\/wp-content\/uploads\/2018\/06\/paoli1-1024x683.jpg 1024w, https:\/\/avenir-gendarmerie.org\/wp-content\/uploads\/2018\/06\/paoli1-696x464.jpg 696w, https:\/\/avenir-gendarmerie.org\/wp-content\/uploads\/2018\/06\/paoli1-1068x712.jpg 1068w, https:\/\/avenir-gendarmerie.org\/wp-content\/uploads\/2018\/06\/paoli1-630x420.jpg 630w, https:\/\/avenir-gendarmerie.org\/wp-content\/uploads\/2018\/06\/paoli1-1920x1280.jpg 1920w\" sizes=\"auto, (max-width: 2048px) 100vw, 2048px\" \/><\/p>\n<p>Source: Garde r\u00e9publicaine \/ Cr\u00e9dits photos: \u00a9 D.R.<\/p>\n","protected":false},"excerpt":{"rendered":"<p>Le 13 juin 2018, a \u00e9t\u00e9 d\u00e9voil\u00e9e au quartier des C\u00e9lestins une plaque comm\u00e9morative en hommage au capitaine Paoli, fondateur en 1888 de la Caisse nationale du gendarme. Cet officier, d\u00e9crit comme un homme sensible et g\u00e9n\u00e9reux ne peut se r\u00e9signer aux souffrances et situations dramatiques subies par les membres de la Gendarmerie dans un [&hellip;]<\/p>\n","protected":false},"author":3,"featured_media":1373,"comment_status":"open","ping_status":"open","sticky":false,"template":"","format":"standard","meta":{"_exactmetrics_skip_tracking":false,"_exactmetrics_sitenote_active":false,"_exactmetrics_sitenote_note":"","_exactmetrics_sitenote_category":0,"footnotes":""},"categories":[28],"tags":[],"class_list":["post-1371","post","type-post","status-publish","format-standard","has-post-thumbnail","hentry","category-actualites"],"_links":{"self":[{"href":"https:\/\/avenir-gendarmerie.org\/index.php\/wp-json\/wp\/v2\/posts\/1371","targetHints":{"allow":["GET"]}}],"collection":[{"href":"https:\/\/avenir-gendarmerie.org\/index.php\/wp-json\/wp\/v2\/posts"}],"about":[{"href":"https:\/\/avenir-gendarmerie.org\/index.php\/wp-json\/wp\/v2\/types\/post"}],"author":[{"embeddable":true,"href":"https:\/\/avenir-gendarmerie.org\/index.php\/wp-json\/wp\/v2\/users\/3"}],"replies":[{"embeddable":true,"href":"https:\/\/avenir-gendarmerie.org\/index.php\/wp-json\/wp\/v2\/comments?post=1371"}],"version-history":[{"count":1,"href":"https:\/\/avenir-gendarmerie.org\/index.php\/wp-json\/wp\/v2\/posts\/1371\/revisions"}],"predecessor-version":[{"id":1374,"href":"https:\/\/avenir-gendarmerie.org\/index.php\/wp-json\/wp\/v2\/posts\/1371\/revisions\/1374"}],"wp:featuredmedia":[{"embeddable":true,"href":"https:\/\/avenir-gendarmerie.org\/index.php\/wp-json\/wp\/v2\/media\/1373"}],"wp:attachment":[{"href":"https:\/\/avenir-gendarmerie.org\/index.php\/wp-json\/wp\/v2\/media?parent=1371"}],"wp:term":[{"taxonomy":"category","embeddable":true,"href":"https:\/\/avenir-gendarmerie.org\/index.php\/wp-json\/wp\/v2\/categories?post=1371"},{"taxonomy":"post_tag","embeddable":true,"href":"https:\/\/avenir-gendarmerie.org\/index.php\/wp-json\/wp\/v2\/tags?post=1371"}],"curies":[{"name":"wp","href":"https:\/\/api.w.org\/{rel}","templated":true}]}}