{"id":1440,"date":"2018-07-02T08:15:23","date_gmt":"2018-07-02T08:15:23","guid":{"rendered":"http:\/\/avenir-gendarmerie.org\/?p=1440"},"modified":"2018-07-02T08:15:23","modified_gmt":"2018-07-02T08:15:23","slug":"grand-prix-de-france-de-f1-la-gendarmerie-en-pole-position-pour-la-securite","status":"publish","type":"post","link":"https:\/\/avenir-gendarmerie.org\/index.php\/2018\/07\/02\/grand-prix-de-france-de-f1-la-gendarmerie-en-pole-position-pour-la-securite\/","title":{"rendered":"Grand Prix de France de F1 : la gendarmerie en p\u00f4le position pour la s\u00e9curit\u00e9"},"content":{"rendered":"<div class=\"description\">\n<div class=\"ezrichtext-field\">\n<p>Le week-end des 22, 23 et 24\u00a0juin, apr\u00e8s dix ans d&rsquo;absence, le Grand Prix de France de Formule 1 a fait son retour sur le mythique circuit \u00ab\u00a0Paul Ricard\u00a0\u00bb du Castellet (83). \u00c0 l&rsquo;occasion de cet \u00e9v\u00e9nement, la gendarmerie a d\u00e9ploy\u00e9 un dispositif de grande ampleur, mobilisant pas moins de 500 militaires, afin d\u2019assurer une s\u00e9curit\u00e9 optimale.<\/p>\n<\/div>\n<\/div>\n<div class=\"body\">\n<div class=\"ezrichtext-field\">\n<p>Le dispositif d\u00e9ploy\u00e9 par la gendarmerie, comptant pas moins de 500 militaires, dont 80 r\u00e9servistes op\u00e9rationnels, avait pour mission principale d\u2019assurer la s\u00e9curisation du site.<\/p>\n<div id=\"myCarousel\" class=\"carousel slide\" data-ride=\"carousel\">\n<div class=\"carousel-inner\" role=\"listbox\">\n<div class=\"item active left\">\n<figure class=\"ezimage-field\"><img decoding=\"async\" class=\"img-responsive\" src=\"https:\/\/www.gendcom.gendarmerie.interieur.gouv.fr\/pub_storage\/images\/_aliases\/diaporama\/7\/0\/1\/1\/201107-1-fre-FR\/2%20-%20S%C3%A9cu%20site%20par%20GM.jpg\" alt=\"\" width=\"100%\" height=\"100%\" \/><\/figure>\n<div class=\"container\"><\/div>\n<\/div>\n<div class=\"item next left\">\n<figure class=\"ezimage-field\"><img decoding=\"async\" class=\"img-responsive\" src=\"https:\/\/www.gendcom.gendarmerie.interieur.gouv.fr\/pub_storage\/images\/_aliases\/diaporama\/5\/1\/1\/1\/201115-1-fre-FR\/3%20-%20S%C3%A9curisation%20site%20par%20GD.jpg\" alt=\"\" width=\"100%\" height=\"100%\" \/><\/figure>\n<div class=\"container\"><\/div>\n<\/div>\n<\/div>\n<\/div>\n<p>Pr\u00e9sents aux portes et \u00e0 l&rsquo;int\u00e9rieur de l&rsquo;enceinte du circuit \u00ab\u00a0Paul Ricard\u00a0\u00bb, les gendarmes des Escadrons de gendarmerie mobile (EGM) 14\/5 de Bourg-Saint-And\u00e9ol et 18\/5 d&rsquo;Aurillac, plac\u00e9s sous les ordres d\u2019un Groupement tactique de gendarmerie (GTG), ont pris en compte la s\u00e9curit\u00e9 des quelque 65\u00a0000 spectateurs passionn\u00e9s venus assister \u00e0 cette course internationale.<\/p>\n<p>Le risque d\u2019attaque terroriste n\u2019\u00e9tant pas \u00e9cart\u00e9, deux \u00e9quipes cynophiles Rexpemo (Recherche d\u2019explosifs sur personnes en mouvement) ont \u00e9t\u00e9 engag\u00e9es.<\/p>\n<p>Les axes routiers menant au Castellet \u00e9tant sous-dimensionn\u00e9s pour un flux de v\u00e9hicules aussi important, des militaires des brigades, des Psig et de l\u2019Escadron d\u00e9partemental de s\u00e9curit\u00e9 routi\u00e8re (EDSR) du groupement de gendarmerie d\u00e9partementale du Var, appuy\u00e9s par des r\u00e9servistes op\u00e9rationnels, ont \u00e9galement assur\u00e9 une mission de gestion des flux plus en profondeur. Positionn\u00e9s sur des points strat\u00e9giques, ils ont ainsi veill\u00e9 \u00e0 fluidifier au maximum la circulation.<\/p>\n<p>Source: <a href=\"https:\/\/www.gendcom.gendarmerie.interieur.gouv.fr\/Actualites\/Grand-Prix-de-France-de-F1-la-gendarmerie-en-pole-position-pour-la-securite\">GENDCOM<\/a> \/ Cr\u00e9dits photos: \u00a9 D.R.<\/p>\n<\/div>\n<\/div>\n","protected":false},"excerpt":{"rendered":"<p>Le week-end des 22, 23 et 24\u00a0juin, apr\u00e8s dix ans d&rsquo;absence, le Grand Prix de France de Formule 1 a fait son retour sur le mythique circuit \u00ab\u00a0Paul Ricard\u00a0\u00bb du Castellet (83). \u00c0 l&rsquo;occasion de cet \u00e9v\u00e9nement, la gendarmerie a d\u00e9ploy\u00e9 un dispositif de grande ampleur, mobilisant pas moins de 500 militaires, afin d\u2019assurer une [&hellip;]<\/p>\n","protected":false},"author":3,"featured_media":0,"comment_status":"open","ping_status":"open","sticky":false,"template":"","format":"standard","meta":{"_exactmetrics_skip_tracking":false,"_exactmetrics_sitenote_active":false,"_exactmetrics_sitenote_note":"","_exactmetrics_sitenote_category":0,"footnotes":""},"categories":[28],"tags":[],"class_list":["post-1440","post","type-post","status-publish","format-standard","hentry","category-actualites"],"_links":{"self":[{"href":"https:\/\/avenir-gendarmerie.org\/index.php\/wp-json\/wp\/v2\/posts\/1440","targetHints":{"allow":["GET"]}}],"collection":[{"href":"https:\/\/avenir-gendarmerie.org\/index.php\/wp-json\/wp\/v2\/posts"}],"about":[{"href":"https:\/\/avenir-gendarmerie.org\/index.php\/wp-json\/wp\/v2\/types\/post"}],"author":[{"embeddable":true,"href":"https:\/\/avenir-gendarmerie.org\/index.php\/wp-json\/wp\/v2\/users\/3"}],"replies":[{"embeddable":true,"href":"https:\/\/avenir-gendarmerie.org\/index.php\/wp-json\/wp\/v2\/comments?post=1440"}],"version-history":[{"count":1,"href":"https:\/\/avenir-gendarmerie.org\/index.php\/wp-json\/wp\/v2\/posts\/1440\/revisions"}],"predecessor-version":[{"id":1442,"href":"https:\/\/avenir-gendarmerie.org\/index.php\/wp-json\/wp\/v2\/posts\/1440\/revisions\/1442"}],"wp:attachment":[{"href":"https:\/\/avenir-gendarmerie.org\/index.php\/wp-json\/wp\/v2\/media?parent=1440"}],"wp:term":[{"taxonomy":"category","embeddable":true,"href":"https:\/\/avenir-gendarmerie.org\/index.php\/wp-json\/wp\/v2\/categories?post=1440"},{"taxonomy":"post_tag","embeddable":true,"href":"https:\/\/avenir-gendarmerie.org\/index.php\/wp-json\/wp\/v2\/tags?post=1440"}],"curies":[{"name":"wp","href":"https:\/\/api.w.org\/{rel}","templated":true}]}}