{"id":1447,"date":"2018-07-03T09:14:00","date_gmt":"2018-07-03T09:14:00","guid":{"rendered":"http:\/\/avenir-gendarmerie.org\/?p=1447"},"modified":"2018-07-03T09:14:00","modified_gmt":"2018-07-03T09:14:00","slug":"lhommage-de-la-nation-a-simone-veil","status":"publish","type":"post","link":"https:\/\/avenir-gendarmerie.org\/index.php\/2018\/07\/03\/lhommage-de-la-nation-a-simone-veil\/","title":{"rendered":"L\u2019hommage de la Nation \u00e0 Simone Veil"},"content":{"rendered":"<div class=\"description\">\n<div class=\"ezrichtext-field\">\n<p>Hier matin, Simone Veil et son mari Antoine sont entr\u00e9s au Panth\u00e9on. Elle est la cinqui\u00e8me femme \u00e0 y \u00eatre inhum\u00e9e.<\/p>\n<\/div>\n<\/div>\n<div class=\"body\">\n<div class=\"ezrichtext-field\">\n<p>Parti \u00e0 10h30 du m\u00e9morial de la Shoah, sous l&rsquo;escorte de quinze motocyclistes de la garde r\u00e9publicaine, le convoi fun\u00e9raire s\u2019est arr\u00eat\u00e9 sur la place Edmond-Rostand.<\/p>\n<p>Sous un soleil de plomb et les applaudissements de la foule, les deux cercueils, recouverts du drapeau fran\u00e7ais, ont ensuite remont\u00e9 la rue Soufflot port\u00e9s par des militaires du 1er r\u00e9giment d\u2019infanterie de la garde r\u00e9publicaine.<\/p>\n<p>Le cort\u00e8ge s\u2019est arr\u00eat\u00e9 \u00e0 trois reprises en hommage aux trois grands combats men\u00e9s par Simone Veil\u00a0: celui pour les droits des femmes, celui pour l\u2019Europe et celui pour la m\u00e9moire de la d\u00e9portation.<\/p>\n<p>Sur la place du Panth\u00e9on, \u00e9galement s\u00e9curis\u00e9e par la garde r\u00e9publicaine, les deux cercueils recouverts du drapeau fran\u00e7ais ont \u00e9t\u00e9 accueillis par le Chant des marais, interpr\u00e9t\u00e9 par 92 choristes. Apr\u00e8s le discours du pr\u00e9sident de la R\u00e9publique, ils ont fait leur entr\u00e9e au Panth\u00e9on en pr\u00e9sence du pr\u00e9sident de la R\u00e9publique et de son \u00e9pouse, et des descendants du couple Veil.<\/p>\n<p>Source: <a href=\"https:\/\/www.gendcom.gendarmerie.interieur.gouv.fr\/Actualites\/L-hommage-de-la-Nation-a-Simone-Veil\">GENDCOM<\/a> \/ Cr\u00e9dit photo: \u00a9 D.R.<\/p>\n<\/div>\n<\/div>\n","protected":false},"excerpt":{"rendered":"<p>Hier matin, Simone Veil et son mari Antoine sont entr\u00e9s au Panth\u00e9on. Elle est la cinqui\u00e8me femme \u00e0 y \u00eatre inhum\u00e9e. Parti \u00e0 10h30 du m\u00e9morial de la Shoah, sous l&rsquo;escorte de quinze motocyclistes de la garde r\u00e9publicaine, le convoi fun\u00e9raire s\u2019est arr\u00eat\u00e9 sur la place Edmond-Rostand. Sous un soleil de plomb et les applaudissements [&hellip;]<\/p>\n","protected":false},"author":3,"featured_media":1448,"comment_status":"open","ping_status":"open","sticky":false,"template":"","format":"standard","meta":{"_exactmetrics_skip_tracking":false,"_exactmetrics_sitenote_active":false,"_exactmetrics_sitenote_note":"","_exactmetrics_sitenote_category":0,"footnotes":""},"categories":[28],"tags":[],"class_list":["post-1447","post","type-post","status-publish","format-standard","has-post-thumbnail","hentry","category-actualites"],"_links":{"self":[{"href":"https:\/\/avenir-gendarmerie.org\/index.php\/wp-json\/wp\/v2\/posts\/1447","targetHints":{"allow":["GET"]}}],"collection":[{"href":"https:\/\/avenir-gendarmerie.org\/index.php\/wp-json\/wp\/v2\/posts"}],"about":[{"href":"https:\/\/avenir-gendarmerie.org\/index.php\/wp-json\/wp\/v2\/types\/post"}],"author":[{"embeddable":true,"href":"https:\/\/avenir-gendarmerie.org\/index.php\/wp-json\/wp\/v2\/users\/3"}],"replies":[{"embeddable":true,"href":"https:\/\/avenir-gendarmerie.org\/index.php\/wp-json\/wp\/v2\/comments?post=1447"}],"version-history":[{"count":1,"href":"https:\/\/avenir-gendarmerie.org\/index.php\/wp-json\/wp\/v2\/posts\/1447\/revisions"}],"predecessor-version":[{"id":1449,"href":"https:\/\/avenir-gendarmerie.org\/index.php\/wp-json\/wp\/v2\/posts\/1447\/revisions\/1449"}],"wp:featuredmedia":[{"embeddable":true,"href":"https:\/\/avenir-gendarmerie.org\/index.php\/wp-json\/wp\/v2\/media\/1448"}],"wp:attachment":[{"href":"https:\/\/avenir-gendarmerie.org\/index.php\/wp-json\/wp\/v2\/media?parent=1447"}],"wp:term":[{"taxonomy":"category","embeddable":true,"href":"https:\/\/avenir-gendarmerie.org\/index.php\/wp-json\/wp\/v2\/categories?post=1447"},{"taxonomy":"post_tag","embeddable":true,"href":"https:\/\/avenir-gendarmerie.org\/index.php\/wp-json\/wp\/v2\/tags?post=1447"}],"curies":[{"name":"wp","href":"https:\/\/api.w.org\/{rel}","templated":true}]}}