{"id":1453,"date":"2018-07-04T08:27:02","date_gmt":"2018-07-04T08:27:02","guid":{"rendered":"http:\/\/avenir-gendarmerie.org\/?p=1453"},"modified":"2018-07-04T08:27:02","modified_gmt":"2018-07-04T08:27:02","slug":"deces-en-service","status":"publish","type":"post","link":"https:\/\/avenir-gendarmerie.org\/index.php\/2018\/07\/04\/deces-en-service\/","title":{"rendered":"D\u00e9c\u00e8s en service"},"content":{"rendered":"<p class=\"p1\"><span class=\"s1\">Le lundi 3 juillet 2018, sur la RN 104 \u00e0 hauteur d\u2019Attainville (95), alors qu\u2019il effectue une liaison en service afin de rejoindre l\u2019escorte d\u2019un d\u00e9tenu DPS, le garde Guillaume Derouen est victime d\u2019un grave accident de la circulation routi\u00e8re. Pris en charge sur place par les secours et rapidement h\u00e9liport\u00e9 vers le centre hospitalier de Percy-Clamart (92), le sous-officier est d\u00e9c\u00e9d\u00e9 des suites de ses blessures en d\u00e9but d\u2019apr\u00e8s-midi. Il \u00e9tait \u00e2g\u00e9 de 40 ans, il laisse une compagne et deux enfants.\u00a0<\/span><span class=\"s1\">Le g\u00e9n\u00e9ral d&rsquo;Arm\u00e9e Richard Lizurey, Directeur g\u00e9n\u00e9ral de la Gendarmerie nationale, apporte tout son soutien \u00e0 la famille du militaire d\u00e9c\u00e9d\u00e9, ainsi qu&rsquo;aux personnels de son unit\u00e9. Les personnels de la r\u00e9gion de gendarmerie de Normandie s&rsquo;associent au t\u00e9moignage de soutien du g\u00e9n\u00e9ral Lizurey.<\/span><\/p>\n<p>Source: <a href=\"https:\/\/www.facebook.com\/gendarmerienationale\/posts\/1881775488553304\">Gendarmerie nationale<\/a> \/ Cr\u00e9dit photo: \u00a9 D.R.<\/p>\n","protected":false},"excerpt":{"rendered":"<p>Le lundi 3 juillet 2018, sur la RN 104 \u00e0 hauteur d\u2019Attainville (95), alors qu\u2019il effectue une liaison en service afin de rejoindre l\u2019escorte d\u2019un d\u00e9tenu DPS, le garde Guillaume Derouen est victime d\u2019un grave accident de la circulation routi\u00e8re. Pris en charge sur place par les secours et rapidement h\u00e9liport\u00e9 vers le centre hospitalier [&hellip;]<\/p>\n","protected":false},"author":3,"featured_media":1454,"comment_status":"open","ping_status":"open","sticky":false,"template":"","format":"standard","meta":{"_exactmetrics_skip_tracking":false,"_exactmetrics_sitenote_active":false,"_exactmetrics_sitenote_note":"","_exactmetrics_sitenote_category":0,"footnotes":""},"categories":[28],"tags":[],"class_list":["post-1453","post","type-post","status-publish","format-standard","has-post-thumbnail","hentry","category-actualites"],"_links":{"self":[{"href":"https:\/\/avenir-gendarmerie.org\/index.php\/wp-json\/wp\/v2\/posts\/1453","targetHints":{"allow":["GET"]}}],"collection":[{"href":"https:\/\/avenir-gendarmerie.org\/index.php\/wp-json\/wp\/v2\/posts"}],"about":[{"href":"https:\/\/avenir-gendarmerie.org\/index.php\/wp-json\/wp\/v2\/types\/post"}],"author":[{"embeddable":true,"href":"https:\/\/avenir-gendarmerie.org\/index.php\/wp-json\/wp\/v2\/users\/3"}],"replies":[{"embeddable":true,"href":"https:\/\/avenir-gendarmerie.org\/index.php\/wp-json\/wp\/v2\/comments?post=1453"}],"version-history":[{"count":1,"href":"https:\/\/avenir-gendarmerie.org\/index.php\/wp-json\/wp\/v2\/posts\/1453\/revisions"}],"predecessor-version":[{"id":1455,"href":"https:\/\/avenir-gendarmerie.org\/index.php\/wp-json\/wp\/v2\/posts\/1453\/revisions\/1455"}],"wp:featuredmedia":[{"embeddable":true,"href":"https:\/\/avenir-gendarmerie.org\/index.php\/wp-json\/wp\/v2\/media\/1454"}],"wp:attachment":[{"href":"https:\/\/avenir-gendarmerie.org\/index.php\/wp-json\/wp\/v2\/media?parent=1453"}],"wp:term":[{"taxonomy":"category","embeddable":true,"href":"https:\/\/avenir-gendarmerie.org\/index.php\/wp-json\/wp\/v2\/categories?post=1453"},{"taxonomy":"post_tag","embeddable":true,"href":"https:\/\/avenir-gendarmerie.org\/index.php\/wp-json\/wp\/v2\/tags?post=1453"}],"curies":[{"name":"wp","href":"https:\/\/api.w.org\/{rel}","templated":true}]}}