{"id":1460,"date":"2018-07-05T09:00:40","date_gmt":"2018-07-05T09:00:40","guid":{"rendered":"http:\/\/avenir-gendarmerie.org\/?p=1460"},"modified":"2018-07-05T09:00:40","modified_gmt":"2018-07-05T09:00:40","slug":"tour-de-france-2018-le-detachement-gendarmerie-de-la-caravane-dans-les-starting-blocks","status":"publish","type":"post","link":"https:\/\/avenir-gendarmerie.org\/index.php\/2018\/07\/05\/tour-de-france-2018-le-detachement-gendarmerie-de-la-caravane-dans-les-starting-blocks\/","title":{"rendered":"Tour de France 2018 : le d\u00e9tachement gendarmerie de la caravane dans les starting-blocks"},"content":{"rendered":"<div id=\"featured\" class=\"col-md-8 tab-pane in active featured\" role=\"tabpanel\">\n<div class=\"row article-content\">\n<div class=\"col-md-12\">\n<div class=\"description\">\n<div class=\"ezrichtext-field\">\n<p>Les gendarmes du d\u00e9tachement gendarmerie de la 105e \u00e9dition du Tour, ainsi que les v\u00e9hicules sp\u00e9cialement s\u00e9rigraphi\u00e9s, ont \u00e9t\u00e9 pr\u00e9sent\u00e9s au directeur g\u00e9n\u00e9ral, mercredi 4\u00a0juillet, \u00e0 Issy-les-Moulineaux. Le Tour de France, c&rsquo;est aussi 13 000 gendarmes d\u00e9partementaux, mobiles, \u00e9l\u00e8ves-gendarmes ou r\u00e9servistes, ainsi que 35 motocyclistes de la Garde R\u00e9publicaine mobilis\u00e9s pour le bon d\u00e9roulement de cette grande f\u00eate du v\u00e9lo.<\/p>\n<\/div>\n<\/div>\n<div class=\"body\">\n<div class=\"ezrichtext-field\">\n<p>Mercredi 4\u00a0juillet, trois jours avant le d\u00e9but de la 105e \u00e9dition du Tour, qui s\u2019\u00e9lancera le 7\u00a0juillet de l\u2019\u00eele de Noirmoutiers, en Vend\u00e9e, le d\u00e9tachement gendarmerie de la caravane du Tour de France 2018 a \u00e9t\u00e9 pr\u00e9sent\u00e9 au g\u00e9n\u00e9ral d&rsquo;arm\u00e9e Richard Lizurey et au g\u00e9n\u00e9ral de corps d\u2019arm\u00e9e Christian Rodriguez, en pr\u00e9sence de partenaires fortement associ\u00e9s \u00e0 la pr\u00e9paration\u00a0et \u00e0 l&rsquo;organisation\u00a0de cet \u00e9v\u00e9nement (Peugeot France et soci\u00e9t\u00e9 SIRAC), ainsi que des militaires du d\u00e9tachement 2017.<\/p>\n<p>La gendarmerie est en effet pr\u00e9sente dans la caravane publicitaire du Tour de France depuis 1995. Cette ann\u00e9e encore, douze militaires, officier, sous-officiers, gendarmes adjoints volontaires, militaires du corps de soutien, vont ainsi parcourir les 3\u00a0329\u00a0kilom\u00e8tres du Tour \u00e0 bord de quatre v\u00e9hicules Peugeot 3008, mis\u00a0\u00e0 disposition par le constructeur et sp\u00e9cialement s\u00e9rigraphi\u00e9s pour l&rsquo;occasion\u00a0par les \u00e9quipes techniques du minist\u00e8re de l\u2019Int\u00e9rieur. Ils sillonneront ainsi la France pour diffuser des messages de pr\u00e9vention et de recrutement aux 15\u00a0millions de spectateurs attendus sur le parcours.<\/p>\n<div class=\"ez-embed-type-image center col-md-10 col-md-offset-1 col-xs-12\">\n<figure class=\" gc_large card-1\"><img decoding=\"async\" src=\"https:\/\/www.gendcom.gendarmerie.interieur.gouv.fr\/pub_storage\/images\/_aliases\/gc_large\/6\/6\/5\/1\/201566-1-fre-FR\/CORPS%201.jpg\" alt=\"\" width=\"100%\" \/><figcaption><span class=\"legend\">Sirpa Gend \u00a9 MAJ F. Balsamo<\/span><\/figcaption><\/figure>\n<\/div>\n<p>\u00ab\u00a0C\u2019est un vrai travail, qui certes peut rev\u00eatir un aspect ludique, mais qui n\u00e9cessite une vigilance de tous les instants, un engagement, une disponibilit\u00e9 et une r\u00e9sistance physique. C\u2019est un engagement au service de la gendarmerie, dont vous portez les couleurs sur les routes de France\u00a0\u00bb, a soulign\u00e9 le directeur g\u00e9n\u00e9ral, comparant le d\u00e9tachement du Tour de France \u00e0 une brigade temporaire itin\u00e9rante habit\u00e9e d\u2019un solide esprit d\u2019\u00e9quipe.<\/p>\n<p>Le directeur g\u00e9n\u00e9ral a \u00e9galement rencontr\u00e9 l\u2019\u00e9quipe responsable de l\u2019Op\u00e9ration T\u00e9moins de S\u00e9curit\u00e9, compos\u00e9e de deux personnels, dont un officier de r\u00e9serve. Celle-ci est charg\u00e9e de mettre en \u0153uvre, en lien avec les \u00e9lus locaux, cette action de pr\u00e9vention dans 18 communes partenaires. L&rsquo;objectif, gr\u00e2ce au relais dans les m\u00e9dias et sur les r\u00e9seaux sociaux, est d&rsquo;inciter les spectateurs, notamment les plus jeunes, \u00e0 adopter un comportement prudent et responsable au passage de la caravane et des coureurs.<\/p>\n<p>Le d\u00e9tachement gendarmerie sur le Tour comprend aussi une \u00e9quipe communication\u00a0compos\u00e9e de deux personnels, dont un officier de r\u00e9serve, journaliste de m\u00e9tier, dont la mission est de valoriser l&rsquo;action de la gendarmerie tout au long des trois semaines. Du 7 au 29\u00a0juillet, vous pourrez d\u2019ailleurs suivre l\u2019actualit\u00e9 du Tour sur les r\u00e9seaux sociaux.<\/p>\n<div class=\"ez-embed-type-image center col-md-10 col-md-offset-1 col-xs-12\">\n<figure class=\" gc_large card-1\"><img decoding=\"async\" src=\"https:\/\/www.gendcom.gendarmerie.interieur.gouv.fr\/pub_storage\/images\/_aliases\/gc_large\/0\/7\/5\/1\/201570-1-fre-FR\/CORPS2.jpg\" alt=\"\" width=\"100%\" \/><figcaption><span class=\"legend\">Sirpa Gend \u00a9 MAJ F. Balsamo<\/span><\/figcaption><\/figure>\n<\/div>\n<p>Enfin, cette ann\u00e9e, la gendarmerie nationale tiendra chaque soir, sur ouest-france.fr (et\u00a0le lendemain matin\u00a0dans la Newsletter \u00ab\u00a0Tour de France\u00a0\u00bb du journal), une chronique libre intitul\u00e9e \u00ab\u00a0Gardiens du Tour\u00a0\u00bb. Chaque billet\u00a0partira des sp\u00e9cificit\u00e9s territoriales\u00a0de l&rsquo;\u00e9tape du jour et du travail de s\u00e9curisation men\u00e9 sur place par\u00a0nos personnels\u00a0pour pr\u00e9senter plus largement, quotidiennement, au grand public, un pan diff\u00e9rent de la gendarmerie, de ses m\u00e9tiers, de ses priorit\u00e9s, de son action.\u00a0\u00c0 lire\u00a0et \u00e0 relayer\u00a0en interne ou sur les r\u00e9seaux sociaux\u00a0!<\/p>\n<p>Le Tour de France, c&rsquo;est aussi 13 000 gendarmes d\u00e9partementaux, mobiles, \u00e9l\u00e8ves-gendarmes ou r\u00e9servistes, ainsi que 35 motocyclistes de la Garde R\u00e9publicaine mobilis\u00e9s pour le bon d\u00e9roulement de cette grande f\u00eate du v\u00e9lo.<\/p>\n<\/div>\n<\/div>\n<\/div>\n<\/div>\n<\/div>\n<div id=\"stream\" class=\"col-md-4 col-lg-4 col-xs-12 tab-pane\" role=\"tabpanel\">\n<div class=\"sidebar\">\u00a0Source: <a href=\"https:\/\/www.gendcom.gendarmerie.interieur.gouv.fr\/Actualites\/Tour-de-France-2018-le-detachement-gendarmerie-de-la-caravane-dans-les-starting-blocks\">GENDCOM<\/a> \/ Cr\u00e9dits photos: \u00a9 D.R.<\/div>\n<\/div>\n","protected":false},"excerpt":{"rendered":"<p>Les gendarmes du d\u00e9tachement gendarmerie de la 105e \u00e9dition du Tour, ainsi que les v\u00e9hicules sp\u00e9cialement s\u00e9rigraphi\u00e9s, ont \u00e9t\u00e9 pr\u00e9sent\u00e9s au directeur g\u00e9n\u00e9ral, mercredi 4\u00a0juillet, \u00e0 Issy-les-Moulineaux. Le Tour de France, c&rsquo;est aussi 13 000 gendarmes d\u00e9partementaux, mobiles, \u00e9l\u00e8ves-gendarmes ou r\u00e9servistes, ainsi que 35 motocyclistes de la Garde R\u00e9publicaine mobilis\u00e9s pour le bon d\u00e9roulement de [&hellip;]<\/p>\n","protected":false},"author":3,"featured_media":0,"comment_status":"open","ping_status":"open","sticky":false,"template":"","format":"standard","meta":{"_exactmetrics_skip_tracking":false,"_exactmetrics_sitenote_active":false,"_exactmetrics_sitenote_note":"","_exactmetrics_sitenote_category":0,"footnotes":""},"categories":[28],"tags":[],"class_list":["post-1460","post","type-post","status-publish","format-standard","hentry","category-actualites"],"_links":{"self":[{"href":"https:\/\/avenir-gendarmerie.org\/index.php\/wp-json\/wp\/v2\/posts\/1460","targetHints":{"allow":["GET"]}}],"collection":[{"href":"https:\/\/avenir-gendarmerie.org\/index.php\/wp-json\/wp\/v2\/posts"}],"about":[{"href":"https:\/\/avenir-gendarmerie.org\/index.php\/wp-json\/wp\/v2\/types\/post"}],"author":[{"embeddable":true,"href":"https:\/\/avenir-gendarmerie.org\/index.php\/wp-json\/wp\/v2\/users\/3"}],"replies":[{"embeddable":true,"href":"https:\/\/avenir-gendarmerie.org\/index.php\/wp-json\/wp\/v2\/comments?post=1460"}],"version-history":[{"count":1,"href":"https:\/\/avenir-gendarmerie.org\/index.php\/wp-json\/wp\/v2\/posts\/1460\/revisions"}],"predecessor-version":[{"id":1462,"href":"https:\/\/avenir-gendarmerie.org\/index.php\/wp-json\/wp\/v2\/posts\/1460\/revisions\/1462"}],"wp:attachment":[{"href":"https:\/\/avenir-gendarmerie.org\/index.php\/wp-json\/wp\/v2\/media?parent=1460"}],"wp:term":[{"taxonomy":"category","embeddable":true,"href":"https:\/\/avenir-gendarmerie.org\/index.php\/wp-json\/wp\/v2\/categories?post=1460"},{"taxonomy":"post_tag","embeddable":true,"href":"https:\/\/avenir-gendarmerie.org\/index.php\/wp-json\/wp\/v2\/tags?post=1460"}],"curies":[{"name":"wp","href":"https:\/\/api.w.org\/{rel}","templated":true}]}}