{"id":1498,"date":"2018-07-17T08:01:08","date_gmt":"2018-07-17T08:01:08","guid":{"rendered":"http:\/\/avenir-gendarmerie.org\/?p=1498"},"modified":"2018-07-17T08:01:30","modified_gmt":"2018-07-17T08:01:30","slug":"deux-ans-apres-lattentat-de-nice-le-premier-ministre-rend-hommage-aux-victimes","status":"publish","type":"post","link":"https:\/\/avenir-gendarmerie.org\/index.php\/2018\/07\/17\/deux-ans-apres-lattentat-de-nice-le-premier-ministre-rend-hommage-aux-victimes\/","title":{"rendered":"Deux ans apr\u00e8s l&rsquo;attentat de Nice, le Premier ministre rend hommage aux victimes"},"content":{"rendered":"<div class=\"description\">\n<div class=\"ezrichtext-field\">\n<p>Deux ans apr\u00e8s l\u2019attentat perp\u00e9tr\u00e9 le 14\u00a0juillet 2016 sur la Promenade des Anglais, \u00e0 Nice, le Premier ministre a particip\u00e9, samedi dernier, \u00e0 l&rsquo;hommage rendu aux 86 victimes.<\/p>\n<\/div>\n<\/div>\n<div class=\"body\">\n<div class=\"ezrichtext-field\">\n<p>\u00c9douard Philippe a soulign\u00e9, \u00e0 cette occasion, le travail des forces de l&rsquo;ordre, dont l&rsquo;action \u00ab\u00a0souterraine contre le terrorisme a permis de d\u00e9jouer 25 projets d&rsquo;attentats depuis le mois de janvier\u00a02017\u00a0\u00bb en France.<\/p>\n<p>Dans son allocution, il a tenu \u00e0 associer \u00e0 la m\u00e9moire des victimes de l&rsquo;attaque de Nice celles des autres attentats survenus depuis. Il a \u00e9galement rappel\u00e9 le projet, annonc\u00e9 la veille, de cr\u00e9er \u00ab\u00a0un juge de l\u2019indemnisation des victimes d\u2019actes terroristes qui aura une comp\u00e9tence nationale\u00a0\u00bb.<\/p>\n<p>Avant la c\u00e9r\u00e9monie, le Premier ministre avait assist\u00e9 au d\u00e9fil\u00e9 militaire du 14\u00a0juillet et rencontr\u00e9, en mairie, \u00e0 huis clos, une quarantaine de familles, en compagnie du maire.<\/p>\n<p>La journ\u00e9e d\u2019hommages et de c\u00e9l\u00e9bration de la f\u00eate nationale, b\u00e9n\u00e9ficiant d\u2019un dispositif de s\u00e9curit\u00e9 cons\u00e9quent, s\u2019est prolong\u00e9e dans la soir\u00e9e par un concert donn\u00e9 par l\u2019Orchestre philharmonique de Nice et le chanteur Patrick Fiori, suivi par un l\u00e2cher de 86 ballons et l\u2019illumination d\u2019autant de faisceaux sur la promenade des Anglais.<\/p>\n<p>Source: <a href=\"https:\/\/www.gendcom.gendarmerie.interieur.gouv.fr\/L-info-en-continu\/Deux-ans-apres-l-attentat-de-Nice-le-Premier-ministre-rend-hommage-aux-victimes\">GENDCOM<\/a> \/ Cr\u00e9dit photo: \u00a9 D.R.<\/p>\n<\/div>\n<\/div>\n","protected":false},"excerpt":{"rendered":"<p>Deux ans apr\u00e8s l\u2019attentat perp\u00e9tr\u00e9 le 14\u00a0juillet 2016 sur la Promenade des Anglais, \u00e0 Nice, le Premier ministre a particip\u00e9, samedi dernier, \u00e0 l&rsquo;hommage rendu aux 86 victimes. \u00c9douard Philippe a soulign\u00e9, \u00e0 cette occasion, le travail des forces de l&rsquo;ordre, dont l&rsquo;action \u00ab\u00a0souterraine contre le terrorisme a permis de d\u00e9jouer 25 projets d&rsquo;attentats depuis [&hellip;]<\/p>\n","protected":false},"author":3,"featured_media":0,"comment_status":"open","ping_status":"open","sticky":false,"template":"","format":"standard","meta":{"_exactmetrics_skip_tracking":false,"_exactmetrics_sitenote_active":false,"_exactmetrics_sitenote_note":"","_exactmetrics_sitenote_category":0,"footnotes":""},"categories":[28],"tags":[],"class_list":["post-1498","post","type-post","status-publish","format-standard","hentry","category-actualites"],"_links":{"self":[{"href":"https:\/\/avenir-gendarmerie.org\/index.php\/wp-json\/wp\/v2\/posts\/1498","targetHints":{"allow":["GET"]}}],"collection":[{"href":"https:\/\/avenir-gendarmerie.org\/index.php\/wp-json\/wp\/v2\/posts"}],"about":[{"href":"https:\/\/avenir-gendarmerie.org\/index.php\/wp-json\/wp\/v2\/types\/post"}],"author":[{"embeddable":true,"href":"https:\/\/avenir-gendarmerie.org\/index.php\/wp-json\/wp\/v2\/users\/3"}],"replies":[{"embeddable":true,"href":"https:\/\/avenir-gendarmerie.org\/index.php\/wp-json\/wp\/v2\/comments?post=1498"}],"version-history":[{"count":1,"href":"https:\/\/avenir-gendarmerie.org\/index.php\/wp-json\/wp\/v2\/posts\/1498\/revisions"}],"predecessor-version":[{"id":1500,"href":"https:\/\/avenir-gendarmerie.org\/index.php\/wp-json\/wp\/v2\/posts\/1498\/revisions\/1500"}],"wp:attachment":[{"href":"https:\/\/avenir-gendarmerie.org\/index.php\/wp-json\/wp\/v2\/media?parent=1498"}],"wp:term":[{"taxonomy":"category","embeddable":true,"href":"https:\/\/avenir-gendarmerie.org\/index.php\/wp-json\/wp\/v2\/categories?post=1498"},{"taxonomy":"post_tag","embeddable":true,"href":"https:\/\/avenir-gendarmerie.org\/index.php\/wp-json\/wp\/v2\/tags?post=1498"}],"curies":[{"name":"wp","href":"https:\/\/api.w.org\/{rel}","templated":true}]}}