{"id":1516,"date":"2018-07-19T07:29:06","date_gmt":"2018-07-19T07:29:06","guid":{"rendered":"http:\/\/avenir-gendarmerie.org\/?p=1516"},"modified":"2018-07-19T07:29:06","modified_gmt":"2018-07-19T07:29:06","slug":"fortes-chaleurs-comment-garder-son-logement-frais-en-ete","status":"publish","type":"post","link":"https:\/\/avenir-gendarmerie.org\/index.php\/2018\/07\/19\/fortes-chaleurs-comment-garder-son-logement-frais-en-ete\/","title":{"rendered":"Fortes chaleurs : comment garder son logement frais en \u00e9t\u00e9 ?"},"content":{"rendered":"<div id=\"actualite\" class=\"lead\">\n<p>Il est parfois difficile de pr\u00e9server la fra\u00eecheur de son logement en p\u00e9riode de forte chaleur. Volets, a\u00e9ration, plantations v\u00e9g\u00e9tales, climatisation &#8230; L&rsquo;Agence de l&rsquo;environnement et de la ma\u00eetrise de l&rsquo;\u00e9nergie (Ademe) vous propose des solutions et vous aide \u00e0 adopter les bons comportements pour passer l&rsquo;\u00e9t\u00e9 au frais.<\/p>\n<\/div>\n<p>La fa\u00e7on la plus simple de garder votre logement frais en \u00e9t\u00e9 est d&#8217;emp\u00eacher la chaleur d&rsquo;y entrer. Pour cela, l&rsquo;Ademe propose le guide pratique\u00a0<a title=\" Chaud dehors, frais dedans - Nouvelle fen\u00eatre\" href=\"https:\/\/www.ademe.fr\/sites\/default\/files\/assets\/documents\/guide-pratique-chaud-dehors-frais-dedans.pdf\" target=\"_blank\" rel=\"noopener noreferrer\" data-xiti-name=\"Particuliers::Actualite::Navigation_Directe::_Chaud_dehors,_frais_dedans\" data-xiti-type=\"exit\">Chaud dehors, frais dedans<span class=\"format-download\">\u00a0[null &#8211; 1.2 MB]<\/span><\/a>\u00a0qui pr\u00e9sente un certain nombre de recommandations utiles.<\/p>\n<div id=\"chapitre_2\">\n<h2 id=\"titreChapitre_601604869995991879\">Cr\u00e9er de l&rsquo;ombre\u00a0: volets, stores, brise-soleil orientables, pare-soleil, \u00e9crans, auvents<\/h2>\n<p>Prot\u00e9gez les baies vitr\u00e9es au sud et \u00e0 l&rsquo;ouest. Privil\u00e9giez les protections solaires ext\u00e9rieures qui pr\u00e9servent mieux de la chaleur qu&rsquo;un store plac\u00e9 \u00e0 l&rsquo;int\u00e9rieur et optez pour des couleurs claires qui r\u00e9fl\u00e9chissent la lumi\u00e8re et la chaleur.<\/p>\n<p>Baissez les stores d\u00e8s que le soleil \u00e9claire les fen\u00eatres. Fermez les volets en journ\u00e9e d\u00e8s que le soleil tape sur la fen\u00eatre ou avant de partir travailler le matin. Fermez aussi les fen\u00eatres d\u00e8s que la temp\u00e9rature ext\u00e9rieure d\u00e9passe celle de votre logement.<\/p>\n<div data-content=\"sousChapitres\">\u00a0<span style=\"color: #111111; font-family: Roboto, sans-serif; font-size: 27px;\">Utiliser les v\u00e9g\u00e9taux\u00a0: haie, pergola, treille, \u00e9cran de plantes grimpantes<\/span><\/div>\n<\/div>\n<div id=\"chapitre_3\">\n<p>Les v\u00e9g\u00e9taux \u00e0 feuilles caduques (qui tombent en automne) procurent un ombrage utile en \u00e9t\u00e9 et ne masquent pas le soleil en hiver. De plus, les plantes entretiennent, par \u00e9vapo-transpiration, une ambiance de fra\u00eecheur.<\/p>\n<\/div>\n<div id=\"chapitre_4\">\n<h2 id=\"titreChapitre_8702820861588827746\">Profiter de la nuit pour a\u00e9rer<\/h2>\n<p>Ouvrez les fen\u00eatres la nuit et cr\u00e9ez des circulations d&rsquo;air pour \u00e9vacuer la chaleur stock\u00e9e \u00e0 l&rsquo;int\u00e9rieur. Si votre logement est sur plusieurs niveaux, ouvrez les fen\u00eatres en \u00e9tage pour \u00e9vacuer l&rsquo;air chaud (<span class=\"citation\">\u00ab\u00a0<em>effet chemin\u00e9e<\/em>\u00a0\u00bb<\/span>).<\/p>\n<p>Faites entrer et circuler l&rsquo;air ext\u00e9rieur permet de refroidir les murs, les plafonds, les planchers qui emmagasineront la fra\u00eecheur pour la restituer dans la journ\u00e9e. De plus, l&rsquo;air en mouvement favorise l&rsquo;\u00e9vaporation de la transpiration et procure une sensation de fra\u00eecheur.<\/p>\n<div data-content=\"sousChapitres\">\u00a0<span style=\"color: #111111; font-family: Roboto, sans-serif; font-size: 27px;\">Brasser l&rsquo;air<\/span><\/div>\n<\/div>\n<div id=\"chapitre_5\">\n<p>Le ventilateur est une solution utile pour cr\u00e9er des circulations d&rsquo;air et am\u00e9liorer le confort.<\/p>\n<p>Le brasseur d&rsquo;air portable n&rsquo;est efficace que pour la personne qui l&rsquo;oriente vers elle. Privil\u00e9giez le brasseur d&rsquo;air de plafond avec r\u00e9gulateur de vitesse qui favorise un brassage lent et r\u00e9gulier de l&rsquo;air. Il est inutile de le laisser fonctionner s&rsquo;il n&rsquo;y a personne dans la pi\u00e8ce car il ne rafra\u00eechit pas l&rsquo;air mais le brasse.<\/p>\n<div data-content=\"sousChapitres\">\u00a0<span style=\"color: #111111; font-family: Roboto, sans-serif; font-size: 27px;\">\u00c9viter de faire fonctionner des appareils qui produisent de la chaleur<\/span><\/div>\n<\/div>\n<div id=\"chapitre_6\">\n<p>Limitez l&rsquo;usage de votre four. Ne laissez pas allum\u00e9s inutilement l&rsquo;ordinateur, les consoles de jeux vid\u00e9o, etc.<\/p>\n<\/div>\n<div id=\"chapitre_7\">\n<h2 id=\"titreChapitre_-1445236551280727729\">Bien isoler le logement<\/h2>\n<ul>\n<li>Isolation par l&rsquo;ext\u00e9rieur, efficace \u00e0 la fois en \u00e9t\u00e9 et en hiver\u00a0;<\/li>\n<li>Isolation r\u00e9partie, int\u00e9gr\u00e9e au mur lui-m\u00eame, en utilisant des mat\u00e9riaux de construction particuliers\u00a0;<\/li>\n<li>Isolation de la toiture, primordiale car apr\u00e8s les ouvertures, c&rsquo;est le toit qui apporte le plus de chaleur en \u00e9t\u00e9.<\/li>\n<\/ul>\n<p>\u00c0 l&rsquo;occasion d&rsquo;un ravalement de fa\u00e7ade, pensez aussi \u00e0 privil\u00e9gier des couleurs claires pour les peintures.<\/p>\n<\/div>\n<div id=\"chapitre_8\">\n<h2 id=\"titreChapitre_-6584964514448813221\">Installer la climatisation<\/h2>\n<p>Si malgr\u00e9 tout vous n&rsquo;arrivez pas \u00e0 rafra\u00eechir votre logement, vous pouvez installer une climatisation adapt\u00e9e \u00e0 vos besoins, fiable et sobre en mati\u00e8re d&rsquo;\u00e9nergie. Au moment de la choisir, fiez-vous \u00e0 l&rsquo;\u00e9tiquette \u00e9nergie pour rep\u00e9rer les \u00e9quipements les plus appropri\u00e9s. Le mat\u00e9riel bas de gamme est souvent moins efficace tout en consommant beaucoup d&rsquo;\u00e9nergie.<\/p>\n<p>Il faut savoir que la climatisation comporte un certain nombre d&rsquo;inconv\u00e9nients\u00a0:<\/p>\n<ul>\n<li>Une climatisation en fonctionnement oblige \u00e0 vivre fen\u00eatres et portes ferm\u00e9es\u00a0;<\/li>\n<li>Certains appareils, surtout individuels, peuvent \u00eatre bruyants pour l&rsquo;utilisateur et\/ou pour ses voisins\u00a0;<\/li>\n<li>Les co\u00fbts d&rsquo;achat, d&rsquo;installation et de consommation \u00e9lectrique ne sont pas n\u00e9gligeables\u00a0;<\/li>\n<li>La g\u00e9n\u00e9ralisation de l&#8217;emploi de climatiseurs augmente la consommation globale d&rsquo;\u00e9nergie. De plus, leur fonctionnement en plein \u00e9t\u00e9 correspond \u00e0 un moment o\u00f9 les capacit\u00e9s de production \u00e9lectrique sont r\u00e9duites\u00a0;<\/li>\n<li>Les passages fr\u00e9quents de l&rsquo;int\u00e9rieur \u00e0 l&rsquo;ext\u00e9rieur peuvent provoquer des chocs thermiques nocifs pour votre sant\u00e9 si l&rsquo;\u00e9cart de temp\u00e9ratures est important. Il est conseill\u00e9 qu&rsquo;il n&rsquo;y ait pas plus de\u00a05 \u00e0\u00a07<sup>\u00b0<\/sup>\u00a0C de diff\u00e9rence entre int\u00e9rieur et ext\u00e9rieur.<\/li>\n<\/ul>\n<p>L&rsquo;Ademe fait le point sur les diff\u00e9rents syst\u00e8mes de climatisation pour vous guider dans votre choix.<\/p>\n<div class=\"bloc-edito bloc-aNoter\">\n<p class=\"bloc-edito-title\"><strong>\u00c0 noter :<\/strong><\/p>\n<p>Plan national canicule (PNC)\u00a0: le dispositif de surveillance saisonni\u00e8re est activ\u00e9 du 1<sup>e<\/sup>\u00a0juin au 15\u00a0septembre\u00a02018 en France m\u00e9tropolitaine.<\/p>\n<p>Le minist\u00e8re des Solidarit\u00e9s et de la Sant\u00e9 met \u00e0 votre disposition la plate-forme t\u00e9l\u00e9phonique\u00a0<span class=\"citation\">\u00ab<em>Canicule<\/em>\u00a0\u00bb<\/span>, accessible au 0\u00a0800\u00a006\u00a066\u00a066 (appel gratuit depuis un poste fixe) de 9\u00a0heures \u00e0 19\u00a0heures afin de vous informer sur les recommandations sanitaires \u00e0 suivre en p\u00e9riode de fortes chaleurs.<\/p>\n<p>Par ailleurs, vous pouvez retrouver toutes les alertes m\u00e9t\u00e9orologiques sur la carte de vigilance actualis\u00e9e deux fois par jour sur le site\u00a0<a title=\"Vigilance m\u00e9t\u00e9orologique de M\u00e9t\u00e9o France - Nouvelle fen\u00eatre\" href=\"http:\/\/vigilance.meteofrance.com\/\" target=\"_blank\" rel=\"noopener noreferrer\" data-xiti-name=\"Particuliers::Actualite::Navigation_Directe::Vigilance_m\u00e9t\u00e9orologique_de_M\u00e9t\u00e9o_France\" data-xiti-type=\"exit\">Vigilance m\u00e9t\u00e9orologique de M\u00e9t\u00e9o France<\/a>\u00a0.<\/p>\n<\/div>\n<p>Source: <a href=\"https:\/\/www.service-public.fr\/particuliers\/actualites\/A12786\">service-public.fr<\/a> \/ Cr\u00e9dit photo: \u00a9 D.R.<\/p>\n<\/div>\n","protected":false},"excerpt":{"rendered":"<p>Il est parfois difficile de pr\u00e9server la fra\u00eecheur de son logement en p\u00e9riode de forte chaleur. Volets, a\u00e9ration, plantations v\u00e9g\u00e9tales, climatisation &#8230; L&rsquo;Agence de l&rsquo;environnement et de la ma\u00eetrise de l&rsquo;\u00e9nergie (Ademe) vous propose des solutions et vous aide \u00e0 adopter les bons comportements pour passer l&rsquo;\u00e9t\u00e9 au frais. La fa\u00e7on la plus simple de [&hellip;]<\/p>\n","protected":false},"author":3,"featured_media":0,"comment_status":"open","ping_status":"open","sticky":false,"template":"","format":"standard","meta":{"_exactmetrics_skip_tracking":false,"_exactmetrics_sitenote_active":false,"_exactmetrics_sitenote_note":"","_exactmetrics_sitenote_category":0,"footnotes":""},"categories":[28],"tags":[],"class_list":["post-1516","post","type-post","status-publish","format-standard","hentry","category-actualites"],"_links":{"self":[{"href":"https:\/\/avenir-gendarmerie.org\/index.php\/wp-json\/wp\/v2\/posts\/1516","targetHints":{"allow":["GET"]}}],"collection":[{"href":"https:\/\/avenir-gendarmerie.org\/index.php\/wp-json\/wp\/v2\/posts"}],"about":[{"href":"https:\/\/avenir-gendarmerie.org\/index.php\/wp-json\/wp\/v2\/types\/post"}],"author":[{"embeddable":true,"href":"https:\/\/avenir-gendarmerie.org\/index.php\/wp-json\/wp\/v2\/users\/3"}],"replies":[{"embeddable":true,"href":"https:\/\/avenir-gendarmerie.org\/index.php\/wp-json\/wp\/v2\/comments?post=1516"}],"version-history":[{"count":1,"href":"https:\/\/avenir-gendarmerie.org\/index.php\/wp-json\/wp\/v2\/posts\/1516\/revisions"}],"predecessor-version":[{"id":1518,"href":"https:\/\/avenir-gendarmerie.org\/index.php\/wp-json\/wp\/v2\/posts\/1516\/revisions\/1518"}],"wp:attachment":[{"href":"https:\/\/avenir-gendarmerie.org\/index.php\/wp-json\/wp\/v2\/media?parent=1516"}],"wp:term":[{"taxonomy":"category","embeddable":true,"href":"https:\/\/avenir-gendarmerie.org\/index.php\/wp-json\/wp\/v2\/categories?post=1516"},{"taxonomy":"post_tag","embeddable":true,"href":"https:\/\/avenir-gendarmerie.org\/index.php\/wp-json\/wp\/v2\/tags?post=1516"}],"curies":[{"name":"wp","href":"https:\/\/api.w.org\/{rel}","templated":true}]}}