{"id":1542,"date":"2018-07-26T07:52:08","date_gmt":"2018-07-26T07:52:08","guid":{"rendered":"http:\/\/avenir-gendarmerie.org\/?p=1542"},"modified":"2018-07-26T07:52:08","modified_gmt":"2018-07-26T07:52:08","slug":"allocation-de-rentree-scolaire-ars-2018-pour-quand-et-pour-qui","status":"publish","type":"post","link":"https:\/\/avenir-gendarmerie.org\/index.php\/2018\/07\/26\/allocation-de-rentree-scolaire-ars-2018-pour-quand-et-pour-qui\/","title":{"rendered":"Allocation de rentr\u00e9e scolaire (ARS) 2018 : pour quand et pour qui ?"},"content":{"rendered":"<div id=\"actualite\" class=\"lead\">\n<p>La rentr\u00e9e scolaire\u00a02018-2019 aura lieu \u00e0 partir du 3\u00a0septembre\u00a02018 pour la majorit\u00e9 des \u00e9l\u00e8ves. Afin d&rsquo;aider les parents d&rsquo;enfants de\u00a06 \u00e0\u00a018\u00a0ans \u00e0 assumer le co\u00fbt de cette reprise de la scolarit\u00e9, l&rsquo;allocation de rentr\u00e9e scolaire (ARS) sera vers\u00e9e sous conditions de ressources \u00e0 partir de la fin du mois d&rsquo;ao\u00fbt.<\/p>\n<\/div>\n<p>L&rsquo;ARS est attribu\u00e9e sous certaines conditions\u00a0:<\/p>\n<ul>\n<li>Vous avez \u00e0 votre charge un ou plusieurs enfants \u00e9coliers, \u00e9tudiants ou apprentis \u00e2g\u00e9s de\u00a06 \u00e0 18\u00a0ans (pour la rentr\u00e9e scolaire\u00a02018, l&rsquo;enfant doit \u00eatre n\u00e9 entre le 16\u00a0septembre\u00a02000 et le 31\u00a0d\u00e9cembre\u00a02012). Si votre enfant est \u00e2g\u00e9 de\u00a016 \u00e0 18\u00a0ans, vous devez au pr\u00e9alable d\u00e9clarer en ligne qu&rsquo;il est bien scolaris\u00e9 dans la rubrique\u00a0<a title=\" Mon Compte sur caf.fr - Nouvelle fen\u00eatre\" href=\"https:\/\/wwwd.caf.fr\/wps\/portal\/caffr\/login\/!ut\/p\/a1\/04_Sj9CPykssy0xPLMnMz0vMAfGjzOID_A3dPbyDDdz9A1yNDTxdzQNDXJ19DS0CjYAKIoEKDHAARwNC-sP1o8BK8JjgpR-VnpOfBHRNuJN-VECQc2JoOchex7wkY4t0_aii1LTUotQivYz84hL9iPLycr3kxDS9tCL9gtwIA90ot3QA_RgKKQ!!\/dl5\/d5\/L2dBISEvZ0FBIS9nQSEh\/#\/signature\" target=\"_blank\" rel=\"noopener noreferrer\" data-xiti-name=\"Particuliers::Actualite::Navigation_Directe::_Mon_Compte_sur_caf.fr\" data-xiti-type=\"exit\">Mon Compte sur caf.fr<\/a>\u00a0ou \u00e0 partir de l&rsquo;application mobile\u00a0<span class=\"citation\">\u00ab\u00a0<em>Caf &#8211; Mon Compte<\/em>\u00a0\u00bb<\/span>.<\/li>\n<li>L&rsquo;enfant doit \u00eatre inscrit dans un \u00e9tablissement ou un organisme d&rsquo;enseignement public ou priv\u00e9, ou encore aupr\u00e8s d&rsquo;un organisme d&rsquo;enseignement \u00e0 distance, comme le Centre national d&rsquo;enseignement \u00e0 distance (Cned). En revanche, l&rsquo;enfant instruit au sein de sa famille n&rsquo;y donne pas droit.<\/li>\n<li>Si votre enfant est confi\u00e9 par le juge \u00e0 l&rsquo;aide sociale \u00e0 l&rsquo;enfance (Ase) ou \u00e0 un service ou \u00e9tablissement sanitaire ou d&rsquo;\u00e9ducation, son allocation de rentr\u00e9e scolaire sera conserv\u00e9e sur un compte bloqu\u00e9 aupr\u00e8s de la Caisse des d\u00e9p\u00f4ts et consignations. Elle sera vers\u00e9e \u00e0 votre enfant, \u00e0 sa demande, quand il sera majeur pour l&rsquo;accompagner dans son autonomie.<\/li>\n<li>Vos ressources de l&rsquo;ann\u00e9e\u00a02016 ne doivent pas d\u00e9passer un certain montant en fonction de la situation familiale au 31\u00a0juillet\u00a02018\u00a0:<\/li>\n<\/ul>\n<div class=\"table-responsive\">\n<table class=\"table\">\n<caption>Plafond des ressources \u00e0 ne pas d\u00e9passer pour b\u00e9n\u00e9ficier de l&rsquo;ARS<\/caption>\n<thead>\n<tr>\n<th colspan=\"1\" rowspan=\"1\" scope=\"col\">Nombre d&rsquo;enfants \u00e0 charge<\/th>\n<th colspan=\"1\" rowspan=\"1\" scope=\"col\">Ressources 2016<\/th>\n<\/tr>\n<\/thead>\n<tbody>\n<tr>\n<td colspan=\"1\" rowspan=\"1\">Pour 1 enfant<\/td>\n<td colspan=\"1\" rowspan=\"1\"><span class=\"prix\">24\u00a0453\u00a0\u20ac<\/span><\/td>\n<\/tr>\n<tr>\n<td colspan=\"1\" rowspan=\"1\">Pour 2 enfants<\/td>\n<td colspan=\"1\" rowspan=\"1\"><span class=\"prix\">30\u00a0096\u00a0\u20ac<\/span><\/td>\n<\/tr>\n<tr>\n<td colspan=\"1\" rowspan=\"1\">Pour 3 enfants<\/td>\n<td colspan=\"1\" rowspan=\"1\"><span class=\"prix\">35\u00a0739\u00a0\u20ac<\/span><\/td>\n<\/tr>\n<tr>\n<td colspan=\"1\" rowspan=\"1\">Par enfant suppl\u00e9mentaire<\/td>\n<td colspan=\"1\" rowspan=\"1\"><span class=\"prix\">+ 5\u00a0643\u00a0\u20ac<\/span><\/td>\n<\/tr>\n<\/tbody>\n<\/table>\n<\/div>\n<ul>\n<li>Le montant de l&rsquo;ARS d\u00e9pend de l&rsquo;\u00e2ge de l&rsquo;enfant\u00a0:<\/li>\n<\/ul>\n<div class=\"table-responsive\">\n<table class=\"table\">\n<caption>Montant de l&rsquo;ARS selon l&rsquo;\u00e2ge de l&rsquo;enfant au 31 d\u00e9cembre 2018<\/caption>\n<thead>\n<tr>\n<th colspan=\"1\" rowspan=\"1\" scope=\"col\">\u00c2ge de l&rsquo;enfant<\/th>\n<th colspan=\"1\" rowspan=\"1\" scope=\"col\">Montant<\/th>\n<\/tr>\n<\/thead>\n<tbody>\n<tr>\n<td colspan=\"1\" rowspan=\"1\">6 \u00e0 10 ans<\/td>\n<td colspan=\"1\" rowspan=\"1\"><span class=\"prix\">367\u00a0\u20ac<\/span><\/td>\n<\/tr>\n<tr>\n<td colspan=\"1\" rowspan=\"1\">11 \u00e0 14 ans<\/td>\n<td colspan=\"1\" rowspan=\"1\"><span class=\"prix\">388\u00a0\u20ac<\/span><\/td>\n<\/tr>\n<tr>\n<td colspan=\"1\" rowspan=\"1\">15 \u00e0 18 ans<\/td>\n<td colspan=\"1\" rowspan=\"1\"><span class=\"prix\">401\u00a0\u20ac<\/span><\/td>\n<\/tr>\n<\/tbody>\n<\/table>\n<\/div>\n<div class=\"bloc-edito bloc-rappel\">\n<p class=\"bloc-edito-title\">\u00a0\u00a0<strong>Rappel :<\/strong><\/p>\n<ul>\n<li>Si vous n&rsquo;\u00eates pas allocataire, vous devez t\u00e9l\u00e9charger un formulaire de demande de prestation sur le site de la Caf dans la rubrique\u00a0<span class=\"citation\">\u00ab\u00a0<em>Mes services en ligne<\/em>\u00a0\u00bb<\/span>, l&rsquo;imprimer et le renvoyer rempli \u00e0 votre Caf.<\/li>\n<li>Si vous \u00eates allocataire et si vous y avez droit, l&rsquo;ARS est vers\u00e9e automatiquement pour vos enfants qui auront de\u00a06 \u00e0\u00a015\u00a0ans au plus tard le 31\u00a0d\u00e9cembre suivant la rentr\u00e9e.<\/li>\n<li>Pour ceux \u00e2g\u00e9s de\u00a016 \u00e0\u00a018 ans (n\u00e9s entre le 16\u00a0septembre\u00a02000 et le 31\u00a0d\u00e9cembre\u00a02002 inclus), vous devez d\u00e9clarer \u00e0 partir de mi-juillet que votre enfant est toujours scolaris\u00e9 ou en apprentissage pour la rentr\u00e9e\u00a02018 dans la rubrique\u00a0<span class=\"citation\">\u00ab\u00a0<em>Mon Compte<\/em>\u00a0\u00bb<\/span>\u00a0sur caf.fr ou \u00e0 partir de l&rsquo;application mobile\u00a0<span class=\"citation\">\u00ab\u00a0<em>Caf &#8211; Mon Compte<\/em>\u00a0\u00bb<\/span>.<\/li>\n<li>Si votre enfant entre en CP en septembre mais n&rsquo;aura 6\u00a0ans qu&rsquo;en\u00a02019, vous devrez adresser \u00e0 votre Caf un certificat de scolarit\u00e9 \u00e0 demander aupr\u00e8s de l&rsquo;\u00e9tablissement scolaire.<\/li>\n<\/ul>\n<\/div>\n<div class=\"bloc-edito bloc-aNoter\">\n<p class=\"bloc-edito-title\">\u00a0\u00a0<strong>\u00c0 noter :<\/strong><\/p>\n<p>L&rsquo;ARS est \u00e9galement vers\u00e9e par le R\u00e9gime agricole (MSA) selon des modalit\u00e9s identiques.<\/p>\n<p>Source: <a href=\"https:\/\/www.service-public.fr\/particuliers\/actualites\/A12790\">service-public.fr<\/a> \/ Cr\u00e9dit photo: \u00a9 D.R.<\/p>\n<\/div>\n","protected":false},"excerpt":{"rendered":"<p>La rentr\u00e9e scolaire\u00a02018-2019 aura lieu \u00e0 partir du 3\u00a0septembre\u00a02018 pour la majorit\u00e9 des \u00e9l\u00e8ves. Afin d&rsquo;aider les parents d&rsquo;enfants de\u00a06 \u00e0\u00a018\u00a0ans \u00e0 assumer le co\u00fbt de cette reprise de la scolarit\u00e9, l&rsquo;allocation de rentr\u00e9e scolaire (ARS) sera vers\u00e9e sous conditions de ressources \u00e0 partir de la fin du mois d&rsquo;ao\u00fbt. L&rsquo;ARS est attribu\u00e9e sous certaines [&hellip;]<\/p>\n","protected":false},"author":3,"featured_media":0,"comment_status":"open","ping_status":"open","sticky":false,"template":"","format":"standard","meta":{"_exactmetrics_skip_tracking":false,"_exactmetrics_sitenote_active":false,"_exactmetrics_sitenote_note":"","_exactmetrics_sitenote_category":0,"footnotes":""},"categories":[28],"tags":[],"class_list":["post-1542","post","type-post","status-publish","format-standard","hentry","category-actualites"],"_links":{"self":[{"href":"https:\/\/avenir-gendarmerie.org\/index.php\/wp-json\/wp\/v2\/posts\/1542","targetHints":{"allow":["GET"]}}],"collection":[{"href":"https:\/\/avenir-gendarmerie.org\/index.php\/wp-json\/wp\/v2\/posts"}],"about":[{"href":"https:\/\/avenir-gendarmerie.org\/index.php\/wp-json\/wp\/v2\/types\/post"}],"author":[{"embeddable":true,"href":"https:\/\/avenir-gendarmerie.org\/index.php\/wp-json\/wp\/v2\/users\/3"}],"replies":[{"embeddable":true,"href":"https:\/\/avenir-gendarmerie.org\/index.php\/wp-json\/wp\/v2\/comments?post=1542"}],"version-history":[{"count":1,"href":"https:\/\/avenir-gendarmerie.org\/index.php\/wp-json\/wp\/v2\/posts\/1542\/revisions"}],"predecessor-version":[{"id":1544,"href":"https:\/\/avenir-gendarmerie.org\/index.php\/wp-json\/wp\/v2\/posts\/1542\/revisions\/1544"}],"wp:attachment":[{"href":"https:\/\/avenir-gendarmerie.org\/index.php\/wp-json\/wp\/v2\/media?parent=1542"}],"wp:term":[{"taxonomy":"category","embeddable":true,"href":"https:\/\/avenir-gendarmerie.org\/index.php\/wp-json\/wp\/v2\/categories?post=1542"},{"taxonomy":"post_tag","embeddable":true,"href":"https:\/\/avenir-gendarmerie.org\/index.php\/wp-json\/wp\/v2\/tags?post=1542"}],"curies":[{"name":"wp","href":"https:\/\/api.w.org\/{rel}","templated":true}]}}