{"id":1563,"date":"2018-08-01T08:20:59","date_gmt":"2018-08-01T08:20:59","guid":{"rendered":"http:\/\/avenir-gendarmerie.org\/?p=1563"},"modified":"2018-08-01T08:20:59","modified_gmt":"2018-08-01T08:20:59","slug":"la-gav-manon-brunet-sacree-championne-du-monde-de-sabre-par-equipe","status":"publish","type":"post","link":"https:\/\/avenir-gendarmerie.org\/index.php\/2018\/08\/01\/la-gav-manon-brunet-sacree-championne-du-monde-de-sabre-par-equipe\/","title":{"rendered":"La GAV Manon Brunet sacr\u00e9e championne du monde de sabre par \u00e9quipe"},"content":{"rendered":"<div class=\"description\">\n<div class=\"ezrichtext-field\">\n<p>La Chine a accueilli, pour la premi\u00e8re fois, le championnat du Monde complet d\u2019escrime. La comp\u00e9tition, qui s\u2019est d\u00e9roul\u00e9e du 19 au 27 juillet dans la ville de Wuxi, a notamment vu le sacre par \u00e9quipe d\u2019une jeune gendarme adjoint volontaire.<\/p>\n<\/div>\n<\/div>\n<div class=\"body\">\n<div class=\"ezrichtext-field\">\n<p>Si ce championnat du Monde n\u2019a pas souri \u00e0 la GAV\u00a0<a href=\"https:\/\/www.facebook.com\/manonbrunetofficiel\/?fref=mentions\">Manon Brunet<\/a>\u00a0\u00e0 titre individuel, la jeune sportive de 22 ans a termin\u00e9 en apoth\u00e9ose en d\u00e9crochant, vendredi 27 juillet, le titre mondial en sabre par \u00e9quipe, devant les Russes, grandes favorites de l\u2019\u00e9preuve.<\/p>\n<p>Les trois sabreuses fran\u00e7aises, Manon Brunet, C\u00e9cilia Berder et Caroline Qu\u00e9roli ont ainsi ramen\u00e9 une quatri\u00e8me m\u00e9daille \u00e0 la France.<\/p>\n<p>Membre de l\u2019\u00e9quipe des Sportifs de haut niveau de la d\u00e9fense gendarmerie, la GAV Brunet, sp\u00e9cialiste du sabre, avait d\u00e9j\u00e0 obtenu la 3e place avec ses co\u00e9quipi\u00e8res lors des derniers championnats d\u2019Europe.<\/p>\n<p>Source: <a href=\"https:\/\/www.gendcom.gendarmerie.interieur.gouv.fr\/Loisirs\/Sport\/La-GAV-Manon-Brunet-sacree-championne-du-monde-de-sabre-par-equipe\">GENDCOM<\/a> \/ Cr\u00e9dit photo: \u00a9 D.R.<\/p>\n<\/div>\n<\/div>\n","protected":false},"excerpt":{"rendered":"<p>La Chine a accueilli, pour la premi\u00e8re fois, le championnat du Monde complet d\u2019escrime. La comp\u00e9tition, qui s\u2019est d\u00e9roul\u00e9e du 19 au 27 juillet dans la ville de Wuxi, a notamment vu le sacre par \u00e9quipe d\u2019une jeune gendarme adjoint volontaire. Si ce championnat du Monde n\u2019a pas souri \u00e0 la GAV\u00a0Manon Brunet\u00a0\u00e0 titre individuel, [&hellip;]<\/p>\n","protected":false},"author":3,"featured_media":1564,"comment_status":"open","ping_status":"open","sticky":false,"template":"","format":"standard","meta":{"_exactmetrics_skip_tracking":false,"_exactmetrics_sitenote_active":false,"_exactmetrics_sitenote_note":"","_exactmetrics_sitenote_category":0,"footnotes":""},"categories":[28],"tags":[],"class_list":["post-1563","post","type-post","status-publish","format-standard","has-post-thumbnail","hentry","category-actualites"],"_links":{"self":[{"href":"https:\/\/avenir-gendarmerie.org\/index.php\/wp-json\/wp\/v2\/posts\/1563","targetHints":{"allow":["GET"]}}],"collection":[{"href":"https:\/\/avenir-gendarmerie.org\/index.php\/wp-json\/wp\/v2\/posts"}],"about":[{"href":"https:\/\/avenir-gendarmerie.org\/index.php\/wp-json\/wp\/v2\/types\/post"}],"author":[{"embeddable":true,"href":"https:\/\/avenir-gendarmerie.org\/index.php\/wp-json\/wp\/v2\/users\/3"}],"replies":[{"embeddable":true,"href":"https:\/\/avenir-gendarmerie.org\/index.php\/wp-json\/wp\/v2\/comments?post=1563"}],"version-history":[{"count":1,"href":"https:\/\/avenir-gendarmerie.org\/index.php\/wp-json\/wp\/v2\/posts\/1563\/revisions"}],"predecessor-version":[{"id":1565,"href":"https:\/\/avenir-gendarmerie.org\/index.php\/wp-json\/wp\/v2\/posts\/1563\/revisions\/1565"}],"wp:featuredmedia":[{"embeddable":true,"href":"https:\/\/avenir-gendarmerie.org\/index.php\/wp-json\/wp\/v2\/media\/1564"}],"wp:attachment":[{"href":"https:\/\/avenir-gendarmerie.org\/index.php\/wp-json\/wp\/v2\/media?parent=1563"}],"wp:term":[{"taxonomy":"category","embeddable":true,"href":"https:\/\/avenir-gendarmerie.org\/index.php\/wp-json\/wp\/v2\/categories?post=1563"},{"taxonomy":"post_tag","embeddable":true,"href":"https:\/\/avenir-gendarmerie.org\/index.php\/wp-json\/wp\/v2\/tags?post=1563"}],"curies":[{"name":"wp","href":"https:\/\/api.w.org\/{rel}","templated":true}]}}