{"id":1717,"date":"2018-09-25T07:26:12","date_gmt":"2018-09-25T07:26:12","guid":{"rendered":"http:\/\/avenir-gendarmerie.org\/?p=1717"},"modified":"2018-09-25T07:26:12","modified_gmt":"2018-09-25T07:26:12","slug":"la-garde-republicaine-ouvre-ses-portes-les-29-et-30-septembre","status":"publish","type":"post","link":"https:\/\/avenir-gendarmerie.org\/index.php\/2018\/09\/25\/la-garde-republicaine-ouvre-ses-portes-les-29-et-30-septembre\/","title":{"rendered":"La Garde r\u00e9publicaine ouvre ses portes les 29 et 30 septembre"},"content":{"rendered":"<div class=\"description\">\n<div class=\"ezrichtext-field\">\n<p><strong>Apr\u00e8s le succ\u00e8s rencontr\u00e9 lors des journ\u00e9es europ\u00e9ennes du patrimoine, la garde r\u00e9publicaine accueille \u00e0 nouveau le grand public, les samedi 29 et dimanche 30 septembre, au quartier Carnot.<\/strong><\/p>\n<\/div>\n<\/div>\n<div class=\"body\">\n<div class=\"ezrichtext-field\">\n<p>Le week-end du 29 au 30 septembre, la garde r\u00e9publicaine ouvrira ses portes au grand public au sein du quartier Carnot, situ\u00e9 dans le bois de Vincennes \u00e0 Paris (75).<\/p>\n<p>En plus des stands qui permettront de d\u00e9couvrir les diff\u00e9rentes unit\u00e9s de la garde r\u00e9publicaine, de nombreuses d\u00e9monstrations dynamiques seront propos\u00e9es.<\/p>\n<p>Le r\u00e9giment de cavalerie de la garde r\u00e9publicaine d\u00e9clinera les principes de l\u2019art \u00e9questre fran\u00e7ais en pr\u00e9sentant des tableaux \u00e9vocateurs de ses comp\u00e9tences en dressage.<\/p>\n<p>Autre formation bien connue du grand public, les motocyclistes d\u2019\u00e9lite de la garde r\u00e9publicaine s\u2019ex\u00e9cuteront sur des parcours tr\u00e8s techniques. Une d\u00e9monstration de coh\u00e9sion et de discipline sera \u00e9galement faite par les fantassins du 1er r\u00e9giment d\u2019infanterie qui encha\u00eeneront des d\u00e9placements cadenc\u00e9s et des maniements d\u2019arme parfaitement synchronis\u00e9s au travers du \u00ab\u00a0quadrille des ba\u00efonnettes\u00a0\u00bb.<\/p>\n<p>Bien entendu, la musique de la garde r\u00e9publicaine sera \u00e9galement pr\u00e9sente pour ravir les oreilles des m\u00e9lomanes.<\/p>\n<p>Retrouvez le programme d\u00e9taill\u00e9 ci-dessous.<\/p>\n<p>Venez nombreux\u00a0!<\/p>\n<figure class=\"ezimage-field\"><img decoding=\"async\" src=\"https:\/\/www.gendcom.gendarmerie.interieur.gouv.fr\/pub_storage\/images\/_aliases\/gc_large\/6\/2\/6\/7\/207626-2-fre-FR\/Vignette%20captur%C3%A9e.JPG\" alt=\"\" \/><\/figure>\n<\/div>\n<\/div>\n","protected":false},"excerpt":{"rendered":"<p>Apr\u00e8s le succ\u00e8s rencontr\u00e9 lors des journ\u00e9es europ\u00e9ennes du patrimoine, la garde r\u00e9publicaine accueille \u00e0 nouveau le grand public, les samedi 29 et dimanche 30 septembre, au quartier Carnot. Le week-end du 29 au 30 septembre, la garde r\u00e9publicaine ouvrira ses portes au grand public au sein du quartier Carnot, situ\u00e9 dans le bois de [&hellip;]<\/p>\n","protected":false},"author":3,"featured_media":1718,"comment_status":"open","ping_status":"open","sticky":false,"template":"","format":"standard","meta":{"_exactmetrics_skip_tracking":false,"_exactmetrics_sitenote_active":false,"_exactmetrics_sitenote_note":"","_exactmetrics_sitenote_category":0,"footnotes":""},"categories":[28],"tags":[],"class_list":["post-1717","post","type-post","status-publish","format-standard","has-post-thumbnail","hentry","category-actualites"],"_links":{"self":[{"href":"https:\/\/avenir-gendarmerie.org\/index.php\/wp-json\/wp\/v2\/posts\/1717","targetHints":{"allow":["GET"]}}],"collection":[{"href":"https:\/\/avenir-gendarmerie.org\/index.php\/wp-json\/wp\/v2\/posts"}],"about":[{"href":"https:\/\/avenir-gendarmerie.org\/index.php\/wp-json\/wp\/v2\/types\/post"}],"author":[{"embeddable":true,"href":"https:\/\/avenir-gendarmerie.org\/index.php\/wp-json\/wp\/v2\/users\/3"}],"replies":[{"embeddable":true,"href":"https:\/\/avenir-gendarmerie.org\/index.php\/wp-json\/wp\/v2\/comments?post=1717"}],"version-history":[{"count":1,"href":"https:\/\/avenir-gendarmerie.org\/index.php\/wp-json\/wp\/v2\/posts\/1717\/revisions"}],"predecessor-version":[{"id":1719,"href":"https:\/\/avenir-gendarmerie.org\/index.php\/wp-json\/wp\/v2\/posts\/1717\/revisions\/1719"}],"wp:featuredmedia":[{"embeddable":true,"href":"https:\/\/avenir-gendarmerie.org\/index.php\/wp-json\/wp\/v2\/media\/1718"}],"wp:attachment":[{"href":"https:\/\/avenir-gendarmerie.org\/index.php\/wp-json\/wp\/v2\/media?parent=1717"}],"wp:term":[{"taxonomy":"category","embeddable":true,"href":"https:\/\/avenir-gendarmerie.org\/index.php\/wp-json\/wp\/v2\/categories?post=1717"},{"taxonomy":"post_tag","embeddable":true,"href":"https:\/\/avenir-gendarmerie.org\/index.php\/wp-json\/wp\/v2\/tags?post=1717"}],"curies":[{"name":"wp","href":"https:\/\/api.w.org\/{rel}","templated":true}]}}