{"id":1851,"date":"2018-10-24T16:26:39","date_gmt":"2018-10-24T16:26:39","guid":{"rendered":"http:\/\/avenir-gendarmerie.org\/?p=1851"},"modified":"2021-02-09T10:21:34","modified_gmt":"2021-02-09T10:21:34","slug":"congres-2018","status":"publish","type":"post","link":"https:\/\/avenir-gendarmerie.org\/index.php\/2018\/10\/24\/congres-2018\/","title":{"rendered":"94e Congr\u00e8s de la FNRG \u00e0 Orl\u00e9ans"},"content":{"rendered":"<p class=\"p1\"><strong>Du jeudi 11 octobre 2018 au dimanche 14 octobre 2018 dans la matin\u00e9e, les sections de la F\u00e9d\u00e9ration Nationale des Retrait\u00e9s de la Gendarmerie se sont r\u00e9unies en congr\u00e8s, le 94<sup>e<\/sup>, \u00e0 Orl\u00e9ans (45).<\/strong><\/p>\n<p><img loading=\"lazy\" decoding=\"async\" class=\"alignnone size-large wp-image-1863\" src=\"http:\/\/avenir-gendarmerie.org\/wp-content\/uploads\/2018\/10\/Congres6-1024x512.jpg\" alt=\"\" width=\"696\" height=\"348\" srcset=\"https:\/\/avenir-gendarmerie.org\/wp-content\/uploads\/2018\/10\/Congres6-1024x512.jpg 1024w, https:\/\/avenir-gendarmerie.org\/wp-content\/uploads\/2018\/10\/Congres6-300x150.jpg 300w, https:\/\/avenir-gendarmerie.org\/wp-content\/uploads\/2018\/10\/Congres6-768x384.jpg 768w, https:\/\/avenir-gendarmerie.org\/wp-content\/uploads\/2018\/10\/Congres6-696x348.jpg 696w, https:\/\/avenir-gendarmerie.org\/wp-content\/uploads\/2018\/10\/Congres6-1068x534.jpg 1068w, https:\/\/avenir-gendarmerie.org\/wp-content\/uploads\/2018\/10\/Congres6-840x420.jpg 840w, https:\/\/avenir-gendarmerie.org\/wp-content\/uploads\/2018\/10\/Congres6.jpg 1920w\" sizes=\"auto, (max-width: 696px) 100vw, 696px\" \/><\/p>\n<p class=\"p1\">Cela faisait un moment, depuis celui de Rochefort (17), que ce type de r\u00e9union n\u2019avait eu lieu. C\u2019est toujours un moment important puisqu\u2019il permet bien s\u00fbr de faire l\u2019\u00e9tat des lieux de la F\u00e9d\u00e9ration mais c\u2019est surtout l\u2019occasion de se retrouver physiquement avec des camarades, avec qui bien s\u00fbr, nous avons des relations \u00e9pistolaires ou t\u00e9l\u00e9phoniques r\u00e9guli\u00e8res. En premier lieu, nous pensons aux organisateurs locaux (sections FNRG du Loiret) qui dans cet exercice de funambule sont en permanence sur la corde raide. Des impond\u00e9rables, il y en a toujours et des d\u00e9fections parfois, telles celles d\u2019un transporteur qui n\u2019assure pas ses engagements. Heureusement, l\u2019organisateur avait pr\u00e9vu un v\u00e9hicule de secours d\u2019une dizaine de places pour acheminer ceux qui avaient des difficult\u00e9s \u00e0 marcher. Autre \u00e9l\u00e9ment int\u00e9ressant, notre bonne ville d\u2019Orl\u00e9ans dispose d\u2019un r\u00e9seau de tramways avec une excellente desserte et la plupart de nos pr\u00e9sidents sont encore bien alertes et ne craignent pas la marche \u00e0 pied\u2026<\/p>\n<p><img loading=\"lazy\" decoding=\"async\" class=\"alignnone size-large wp-image-1864\" src=\"http:\/\/avenir-gendarmerie.org\/wp-content\/uploads\/2018\/10\/Congres5-1024x512.jpg\" alt=\"\" width=\"696\" height=\"348\" srcset=\"https:\/\/avenir-gendarmerie.org\/wp-content\/uploads\/2018\/10\/Congres5-1024x512.jpg 1024w, https:\/\/avenir-gendarmerie.org\/wp-content\/uploads\/2018\/10\/Congres5-300x150.jpg 300w, https:\/\/avenir-gendarmerie.org\/wp-content\/uploads\/2018\/10\/Congres5-768x384.jpg 768w, https:\/\/avenir-gendarmerie.org\/wp-content\/uploads\/2018\/10\/Congres5-696x348.jpg 696w, https:\/\/avenir-gendarmerie.org\/wp-content\/uploads\/2018\/10\/Congres5-1068x534.jpg 1068w, https:\/\/avenir-gendarmerie.org\/wp-content\/uploads\/2018\/10\/Congres5-840x420.jpg 840w, https:\/\/avenir-gendarmerie.org\/wp-content\/uploads\/2018\/10\/Congres5.jpg 1920w\" sizes=\"auto, (max-width: 696px) 100vw, 696px\" \/><\/p>\n<p class=\"p1\">Il nous faut remercier ces organisateurs, sous la f\u00e9rule de Jean-Pierre Alluard, qui malgr\u00e9 leur infortune, ont r\u00e9ussi \u00e0 nous faire un beau congr\u00e8s, tant sur le plan de l\u2019accueil, de l\u2019h\u00e9bergement, que pour celui de la restauration et des activit\u00e9s r\u00e9cr\u00e9atives. Comme pr\u00e9cis\u00e9 supra, les op\u00e9rations ont d\u00e9but\u00e9 en milieu d\u2019apr\u00e8s-midi le 11 octobre apr\u00e8s que les congressistes aient d\u00e9pos\u00e9 leurs bagages dans les diff\u00e9rents sites d\u2019h\u00e9bergement au nombre de trois. Le parking des voitures \u00e9tait pr\u00e9vu au sein d\u2019une emprise gendarmerie. Pour ceux qui \u00e9taient arriv\u00e9s dans la matin\u00e9e un repas au cercle-mess de la gendarmerie \u00e9tait pr\u00e9vu et ce fut l\u00e0, une occasion d\u2019appr\u00e9cier, d\u00e9j\u00e0, une restauration de qualit\u00e9 et un accueil tout \u00e0 fait chaleureux. Donc, r\u00e9union vers 16 heures \u00e0 Orl\u00e9ans-Centre dans la salle de la Canop\u00e9 qui \u00e9tait tout \u00e0 fait convenable et confortable. Apr\u00e8s le mot d\u2019accueil de Jean-Claude Fontaine, pr\u00e9sident national, le conseil d\u2019administration sortant s\u2019est r\u00e9uni. \u00c0 l\u2019issue, retour vers le cercle-mess et d\u00eener, tout aussi appr\u00e9ci\u00e9 que le midi. Apr\u00e8s ce repas, retour sur les r\u00e9sidences respectives. Cette premi\u00e8re journ\u00e9e a consacr\u00e9 les retrouvailles et constituait une mise en bouche pour le gros morceau de la journ\u00e9e du lendemain. D\u00e8s 8h15, rassemblement et d\u00e9part des r\u00e9sidence vers la salle de la Canop\u00e9 o\u00f9 s\u2019ouvrait \u00e0 9 heures pour les d\u00e9l\u00e9gu\u00e9s des sections, l\u2019assembl\u00e9e g\u00e9n\u00e9rale nationale et o\u00f9 se situait aussi le lieu de d\u00e9part des accompagnants vers les activit\u00e9s touristiques pr\u00e9vues dont visite de la cath\u00e9drale d\u2019Orl\u00e9ans et aussi du parc floral et puis aussi, d\u00e9couverte de la vieille ville. Pour ceux qui \u00e9taient r\u00e9unis en assembl\u00e9e g\u00e9n\u00e9rale, c\u2019\u00e9tait le moment de se compter. 57 sections \u00e9taient repr\u00e9sent\u00e9es sur les 70 recens\u00e9es soit plus de 80%, d\u00e9j\u00e0 le quorum de 66% \u00e9tait d\u00e9pass\u00e9\u2026 Nous n\u2019\u00e9tions pas venus pour rien. L\u2019ordre du jour n\u2019\u00e9tait pas trop charg\u00e9. D\u00e9signation du pr\u00e9sident de s\u00e9ance en la personne d\u2019Andr\u00e9 Dosset, pr\u00e9sident national adjoint.<\/p>\n<p><img loading=\"lazy\" decoding=\"async\" class=\"alignnone size-large wp-image-1865\" src=\"http:\/\/avenir-gendarmerie.org\/wp-content\/uploads\/2018\/10\/Congres8-1024x512.jpg\" alt=\"\" width=\"696\" height=\"348\" srcset=\"https:\/\/avenir-gendarmerie.org\/wp-content\/uploads\/2018\/10\/Congres8-1024x512.jpg 1024w, https:\/\/avenir-gendarmerie.org\/wp-content\/uploads\/2018\/10\/Congres8-300x150.jpg 300w, https:\/\/avenir-gendarmerie.org\/wp-content\/uploads\/2018\/10\/Congres8-768x384.jpg 768w, https:\/\/avenir-gendarmerie.org\/wp-content\/uploads\/2018\/10\/Congres8-696x348.jpg 696w, https:\/\/avenir-gendarmerie.org\/wp-content\/uploads\/2018\/10\/Congres8-1068x534.jpg 1068w, https:\/\/avenir-gendarmerie.org\/wp-content\/uploads\/2018\/10\/Congres8-840x420.jpg 840w, https:\/\/avenir-gendarmerie.org\/wp-content\/uploads\/2018\/10\/Congres8.jpg 1920w\" sizes=\"auto, (max-width: 696px) 100vw, 696px\" \/><\/p>\n<p class=\"p1\">Lecture des diff\u00e9rents rapports qui avaient \u00e9t\u00e9 pr\u00e9alablement adress\u00e9s les jours pr\u00e9c\u00e9dents aux pr\u00e9sidents de section, approbation de ces rapports, \u00e0 l\u2019unanimit\u00e9, d\u00e9claration du v\u00e9rificateur aux comptes, demande de quitus, accord\u00e9 \u00e0 l\u2019unanimit\u00e9 et pr\u00e9sentation de la motion adopt\u00e9e la veille par le conseil d\u2019administration sortant. Apr\u00e8s quelques mises au point cette motion \u00e9tait adopt\u00e9e et vot\u00e9e \u00e0 l\u2019unanimit\u00e9. Enfin, d\u00e9signation de 3 personnes ne faisant pas partie du conseil pour tenir un bureau de vote pour les op\u00e9rations de l\u2019apr\u00e8s-midi. Tout \u00e9tait parfait. Restait \u00e0 nous rendre \u00e0 la gendarmerie pour nous restaurer. Un excellent moules-frites qui laissait pr\u00e9sager une somnolence post prandiale cons\u00e9quente\u2026 Enfin, nous nous sommes retrouv\u00e9s, quelque peu assoupis, en salle de la Canop\u00e9, pour op\u00e9rer au renouvellement du conseil d\u2019administration. Six administrateurs \u00e9taient sortants dont un ne d\u00e9sirant pas renouveler son mandat. Deux nouveaux volontaires s\u2019\u00e9taient fait conna\u00eetre et il y avait donc 7 volontaires pour occuper 6 postes de titulaires et 2 postes de suppl\u00e9ants. Les op\u00e9rations de vote se sont d\u00e9roul\u00e9es sous la surveillance du bureau de vote constitu\u00e9, suivies du d\u00e9pouillement et de la proclamation des r\u00e9sultats Tous les postes vacants ont donc \u00e9t\u00e9 combl\u00e9s, \u00e0 savoir 6 postes de titulaires et un poste de suppl\u00e9ant. Apr\u00e8s cet immense effort, l\u2019assembl\u00e9e g\u00e9n\u00e9rale a \u00e9t\u00e9 invit\u00e9e \u00e0 poser des questions, en fait tr\u00e8s peu, et l\u2019assembl\u00e9e a \u00e9t\u00e9 lev\u00e9e par le pr\u00e9sident Dosset\u2026 mais, ce n\u2019\u00e9tait pas fini. Retour vers le restaurant (mess) pour se refaire une sant\u00e9, il fallait bien \u00e7a&nbsp;! Et puis, pr\u00e9paratifs pour se rendre \u00e0 l\u2019\u00e9glise Saint-Pierre-du-Martroi. Pas question de nous faire pardonner nos fautes, non&nbsp;! Au contraire, nous allions juger des talents musicaux de la batterie fanfare de la ville d\u2019Orl\u00e9ans. Devant l\u2019auditoire, dont des \u00e9diles locaux, le pr\u00e9sident Alluard nous a fait un discours introductif, et puis en avant\u2026 marche&nbsp;! Le cadre \u00e9tait somptueux et parfait et la musique \u00e9tait bonne, tout le monde \u00e9tait ravi, tant pis pour ceux qui n\u2019\u00e9taient pas venus\u2026L\u2019heure du coucher arrivait et chacun est all\u00e9 rejoindre son lit. Un autre gros morceau attendait les congressistes le lendemain. Ce samedi 13 octobre laissait pr\u00e9sager une excellente mais combien dure journ\u00e9e. Le soleil \u00e9tait de la partie (comme toujours \u00e0 Orl\u00e9ans) depuis plusieurs jours et les temp\u00e9ratures \u00e9taient estivales (tant pis pour les frileux qui avaient mis des pulls dans la valise). Venaient les c\u00e9r\u00e9monies de cl\u00f4ture. Apr\u00e8s le petit-d\u00e9jeuner nous nous sommes retrouv\u00e9s dans la salle du conseil municipal de la ville d\u2019Orl\u00e9ans \u00e0 9 heures sonnantes.<\/p>\n<p><img loading=\"lazy\" decoding=\"async\" class=\"alignnone size-large wp-image-1866\" src=\"http:\/\/avenir-gendarmerie.org\/wp-content\/uploads\/2018\/10\/Congres2-1024x512.jpg\" alt=\"\" width=\"696\" height=\"348\" srcset=\"https:\/\/avenir-gendarmerie.org\/wp-content\/uploads\/2018\/10\/Congres2-1024x512.jpg 1024w, https:\/\/avenir-gendarmerie.org\/wp-content\/uploads\/2018\/10\/Congres2-300x150.jpg 300w, https:\/\/avenir-gendarmerie.org\/wp-content\/uploads\/2018\/10\/Congres2-768x384.jpg 768w, https:\/\/avenir-gendarmerie.org\/wp-content\/uploads\/2018\/10\/Congres2-696x348.jpg 696w, https:\/\/avenir-gendarmerie.org\/wp-content\/uploads\/2018\/10\/Congres2-1068x534.jpg 1068w, https:\/\/avenir-gendarmerie.org\/wp-content\/uploads\/2018\/10\/Congres2-840x420.jpg 840w, https:\/\/avenir-gendarmerie.org\/wp-content\/uploads\/2018\/10\/Congres2.jpg 1920w\" sizes=\"auto, (max-width: 696px) 100vw, 696px\" \/><\/p>\n<p class=\"p1\">Un tr\u00e8s joli amphith\u00e9\u00e2tre, confortable et fort fonctionnel. Arriv\u00e9es de l\u2019adjointe au maire d\u2019Orl\u00e9ans, du g\u00e9n\u00e9ral, commandant la r\u00e9gion Centre. Les discours d\u2019usage ont \u00e9t\u00e9 prononc\u00e9s avec un accent particulier de la ville d\u2019Orl\u00e9ans qui s\u2019est dite tr\u00e8s heureuse de pouvoir accueillir ce congr\u00e8s qui \u00e9tait aussi une occasion pour les congressistes de d\u00e9couvrir les charmes de la cit\u00e9 orl\u00e9anaise. Le pr\u00e9sident Fontaine s\u2019est lui, attach\u00e9 \u00e0 mettre en exergue les points \u00e9voqu\u00e9s dans la motion et aussi pr\u00e9ciser que la F\u00e9d\u00e9ration maintenait le cap. Le g\u00e9n\u00e9ral commandant de r\u00e9gion a aussi exprim\u00e9 toute sa satisfaction de voir la FNRG sur ses terres et de pouvoir ainsi maintenir le lien interg\u00e9n\u00e9rationnel entre actifs et retrait\u00e9s. Bien s\u00fbr, nous remercions cette autorit\u00e9 de la gendarmerie pour l\u2019aide que ses services ont pu nous apporter pour la r\u00e9ussite de cet \u00e9v\u00e9nement important que constitue un congr\u00e8s. Suite \u00e0 cela, le pr\u00e9sident Fontaine a remis des troph\u00e9es sp\u00e9cialement con\u00e7us pour l\u2019occasion par notre partenaire BCP (Bureau Central des Partenariat) \u00e0 Jean-Pierre Alluard, organisateur et pr\u00e9sident de la section FNRG d\u2019Orl\u00e9ans, au g\u00e9n\u00e9ral commandant de r\u00e9gion, \u00e0 l\u2019adjointe au maire d\u2019Orl\u00e9ans. Puis vint l\u2019\u00e9preuve de la remise des r\u00e9compenses. 11 m\u00e9dailles de bronze, 10 m\u00e9dailles d\u2019argent, 9 m\u00e9dailles d\u2019or devaient \u00eatre d\u00e9cern\u00e9es\u2026 Humm, moment de flottement\u2026Sur la desserte tout avait \u00e9t\u00e9 d\u00e9pos\u00e9 en vrac et le tri n\u2019\u00e9tait pas fait\u2026 Cela a donn\u00e9 un aspect quelque peu \u00ab&nbsp;pittoresque&nbsp;\u00bb \u00e0 cette remise de r\u00e9compenses. L\u2019on peut dire que l\u2019affaire s\u2019est men\u00e9e au coup par coup. Le tr\u00e9sorier g\u00e9n\u00e9ral sur la desserte proc\u00e9dait au tri et \u00e0 mesure le secr\u00e9taire g\u00e9n\u00e9ral, quelque peu claudiquant, proc\u00e9dait avec le Pr\u00e9sident national \u00e0 la remise. Curieusement, pas de critiques, quelques rires, et beaucoup de bonne humeur\u2026 Ouf, on s\u2019en \u00e9tait bien sorti&nbsp;! Ils sont bons quand m\u00eame, \u00e0 la FNRG&nbsp;! Il fallait maintenant, \u00e0 pied, rejoindre le monument aux morts, pour satisfaire au devoir de m\u00e9moire. Cette fois l\u2019affaire \u00e9tait s\u00e9rieuse et comme dans toute c\u00e9r\u00e9monie de ce type, il fallait respecter le protocole. Jean-Pierre Alluard s\u2019\u00e9tait adjoint les services de l\u2019officier d\u2019arme de la garnison qui nous a r\u00e9gl\u00e9 tout cela au poil.<\/p>\n<p><img loading=\"lazy\" decoding=\"async\" class=\"alignnone size-large wp-image-1867\" src=\"http:\/\/avenir-gendarmerie.org\/wp-content\/uploads\/2018\/10\/Congres3-1024x491.jpg\" alt=\"\" width=\"696\" height=\"334\" srcset=\"https:\/\/avenir-gendarmerie.org\/wp-content\/uploads\/2018\/10\/Congres3-1024x491.jpg 1024w, https:\/\/avenir-gendarmerie.org\/wp-content\/uploads\/2018\/10\/Congres3-300x144.jpg 300w, https:\/\/avenir-gendarmerie.org\/wp-content\/uploads\/2018\/10\/Congres3-768x368.jpg 768w, https:\/\/avenir-gendarmerie.org\/wp-content\/uploads\/2018\/10\/Congres3-696x334.jpg 696w, https:\/\/avenir-gendarmerie.org\/wp-content\/uploads\/2018\/10\/Congres3-1068x512.jpg 1068w, https:\/\/avenir-gendarmerie.org\/wp-content\/uploads\/2018\/10\/Congres3-877x420.jpg 877w, https:\/\/avenir-gendarmerie.org\/wp-content\/uploads\/2018\/10\/Congres3.jpg 1920w\" sizes=\"auto, (max-width: 696px) 100vw, 696px\" \/><\/p>\n<p class=\"p1\">Les autorit\u00e9s pr\u00e9sentes \u00e9taient nombreuses, les repr\u00e9sentants de la mairie, deux d\u00e9put\u00e9s, le g\u00e9n\u00e9ral commandant la r\u00e9gion Centre et surtout la sous-pr\u00e9f\u00e8te, une bien jeune et jolie personne et l\u2019hommage est \u00e0 peine appuy\u00e9. Honneurs au drapeau, d\u00e9p\u00f4t de gerbes, minute de silence, Marseillaise chant\u00e9e par nous tous ce qui a cr\u00e9\u00e9 un effet tr\u00e8s \u00e9mouvant. Nous avions bien travaill\u00e9. Cela nous avait donn\u00e9 soif et tr\u00e8s vite nous sommes all\u00e9s vers l\u2019ancienne mairie prendre le vin d\u2019honneur offert par la municipalit\u00e9. \u00c0 l\u2019issue, c\u2019\u00e9tait le moment de la photo de groupe et du transfert vers le restaurant \u00ab&nbsp;Madagascar&nbsp;\u00bb \u00e0 quelques encablures d\u2019Orl\u00e9ans. Ce qui a \u00e9t\u00e9 appr\u00e9ci\u00e9, c\u2019est que pour cette fois, nous avions des bus. Bonne ambiance et bon repas pour ce banquet et retour vers les r\u00e9sidences. Le congr\u00e8s \u00e9tait fini pour beaucoup. Mais, mais, il fallait tenir un conseil d\u2019administration post congr\u00e8s et les heureux nouveaux \u00e9lus avec leurs camarades maintenus se devaient de se r\u00e9unir le lendemain dimanche 14 octobre pour au moins \u00e9lire le pr\u00e9sident national. Jean Claude Fontaine \u00e9tait seul \u00e0 se pr\u00e9senter et son mandat a \u00e9t\u00e9 glorieusement reconduit. Quelques d\u00e9tails concernant le bureau national et les commissions ont \u00e9t\u00e9 r\u00e9gl\u00e9s et cette fois le congr\u00e8s \u00e9tait d\u00e9finitivement clos. Reste que Jean-Pierre Alluard, organisateur, Ren\u00e9 Vanbatten, tr\u00e9sorier g\u00e9n\u00e9ral et Michel Lenglet, secr\u00e9taire g\u00e9n\u00e9ral, ont encore \u00e0 entamer les ultimes proc\u00e9dures de cl\u00f4ture tant sur le plan financier que sur le plan administratif. En d\u00e9finitive, la composition du bureau national n\u2019a pas chang\u00e9 sauf que Michel Doisne (Landes) a accept\u00e9 de r\u00e9ouvrir le poste de secr\u00e9taire g\u00e9n\u00e9ral adjoint et Claude Balard, celui de tr\u00e9sorier g\u00e9n\u00e9ral adjoint. &#8211; <em>Michel Lenglet, secr\u00e9taire g\u00e9n\u00e9ral<\/em><\/p>\n","protected":false},"excerpt":{"rendered":"<p>Du jeudi 11 octobre 2018 au dimanche 14 octobre 2018 dans la matin\u00e9e, les sections de la F\u00e9d\u00e9ration Nationale des Retrait\u00e9s de la Gendarmerie se sont r\u00e9unies en congr\u00e8s, le 94e, \u00e0 Orl\u00e9ans (45). Cela faisait un moment, depuis celui de Rochefort (17), que ce type de r\u00e9union n\u2019avait eu lieu. C\u2019est toujours un moment [&hellip;]<\/p>\n","protected":false},"author":1,"featured_media":1862,"comment_status":"open","ping_status":"open","sticky":false,"template":"","format":"standard","meta":{"_exactmetrics_skip_tracking":false,"_exactmetrics_sitenote_active":false,"_exactmetrics_sitenote_note":"","_exactmetrics_sitenote_category":0,"footnotes":""},"categories":[31],"tags":[],"class_list":["post-1851","post","type-post","status-publish","format-standard","has-post-thumbnail","hentry","category-page-principal"],"_links":{"self":[{"href":"https:\/\/avenir-gendarmerie.org\/index.php\/wp-json\/wp\/v2\/posts\/1851","targetHints":{"allow":["GET"]}}],"collection":[{"href":"https:\/\/avenir-gendarmerie.org\/index.php\/wp-json\/wp\/v2\/posts"}],"about":[{"href":"https:\/\/avenir-gendarmerie.org\/index.php\/wp-json\/wp\/v2\/types\/post"}],"author":[{"embeddable":true,"href":"https:\/\/avenir-gendarmerie.org\/index.php\/wp-json\/wp\/v2\/users\/1"}],"replies":[{"embeddable":true,"href":"https:\/\/avenir-gendarmerie.org\/index.php\/wp-json\/wp\/v2\/comments?post=1851"}],"version-history":[{"count":4,"href":"https:\/\/avenir-gendarmerie.org\/index.php\/wp-json\/wp\/v2\/posts\/1851\/revisions"}],"predecessor-version":[{"id":4600,"href":"https:\/\/avenir-gendarmerie.org\/index.php\/wp-json\/wp\/v2\/posts\/1851\/revisions\/4600"}],"wp:featuredmedia":[{"embeddable":true,"href":"https:\/\/avenir-gendarmerie.org\/index.php\/wp-json\/wp\/v2\/media\/1862"}],"wp:attachment":[{"href":"https:\/\/avenir-gendarmerie.org\/index.php\/wp-json\/wp\/v2\/media?parent=1851"}],"wp:term":[{"taxonomy":"category","embeddable":true,"href":"https:\/\/avenir-gendarmerie.org\/index.php\/wp-json\/wp\/v2\/categories?post=1851"},{"taxonomy":"post_tag","embeddable":true,"href":"https:\/\/avenir-gendarmerie.org\/index.php\/wp-json\/wp\/v2\/tags?post=1851"}],"curies":[{"name":"wp","href":"https:\/\/api.w.org\/{rel}","templated":true}]}}