{"id":2908,"date":"2019-06-17T09:16:12","date_gmt":"2019-06-17T09:16:12","guid":{"rendered":"http:\/\/avenir-gendarmerie.org\/?p=2908"},"modified":"2019-06-17T09:16:12","modified_gmt":"2019-06-17T09:16:12","slug":"brigades-mobiles-le-contact-au-coeur-des-territoires","status":"publish","type":"post","link":"https:\/\/avenir-gendarmerie.org\/index.php\/2019\/06\/17\/brigades-mobiles-le-contact-au-coeur-des-territoires\/","title":{"rendered":"Brigades mobiles : le contact au c\u0153ur des territoires"},"content":{"rendered":"<div class=\"description\">\n<div class=\"ezrichtext-field\">\n<p>D\u00e9clinant avec originalit\u00e9 la mission de police de s\u00e9curit\u00e9 du quotidien sur leur territoire respectif, deux groupements de gendarmerie d\u00e9partementale ont confi\u00e9 \u00e0 des brigades mobiles la mission de renouer le contact avec la population.<\/p>\n<\/div>\n<\/div>\n<div class=\"body\">\n<div class=\"ezrichtext-field\">\n<p>Depuis bient\u00f4t six mois, un camion s\u00e9rigraphi\u00e9 aux couleurs de la gendarmerie sillonne les routes sarthoises. Install\u00e9e pr\u00e8s des commerces de proximit\u00e9 ou des march\u00e9s, la Brigade de contact mobile (BCM) du Groupement de gendarmerie d\u00e9partementale de la Sarthe (GGD 72) ne passe pas inaper\u00e7ue. Dans la Vienne, la Brigade mobile de gendarmerie d\u00e9partementale (BMGD) officie depuis d\u00e9j\u00e0 pr\u00e8s d\u2019un an. Avec une mission identique : recr\u00e9er le lien avec la population en assurant un service de proximit\u00e9.<\/p>\n<p>\u00ab Au sein du groupement, nous avons toute latitude pour d\u00e9cliner la Police de s\u00e9curit\u00e9 du quotidien (PSQ) selon les besoins sp\u00e9cifiques du territoire et les attentes des usagers, explique le colonel Thibaut Lucazeau, commandant le GGD 72. Gr\u00e2ce au d\u00e9ploiement de N\u00e9ogend, garantissant la mobilit\u00e9 de nos outils professionnels, la mise en \u0153uvre de cette brigade de contact mobile nous est apparue comme le moyen de r\u00e9unir efficacement tous les ingr\u00e9dients destin\u00e9s \u00e0 favoriser le contact, la proximit\u00e9 et la s\u00e9curit\u00e9, tout en facilitant une r\u00e9appropriation territoriale. \u00bb<\/p>\n<h2>Une exp\u00e9rimentation pleinement inscrite dans la d\u00e9marche de PSQ<\/h2>\n<p>Dans la Vienne, le constat est identique. \u00ab Avec 97 % du territoire \u00e0 couvrir, certaines communes restent \u00e9loign\u00e9es des brigades de gendarmerie, reconna\u00eet le colonel Yves Dumez, commandant la r\u00e9gion de gendarmerie Poitou-Charentes et le Groupement de gendarmerie d\u00e9partementale de la Vienne (GGD 86). Afin d\u2019ajuster notre relation aux citoyens et aux \u00e9lus des communes les plus rurales, le groupement a fait le pari d\u2019une \u00e9volution de la fonction contact. L\u2019acquisition d\u2019un moyen destin\u00e9 \u00e0 apporter un service au plus pr\u00e8s des populations \u00e9tait le point de d\u00e9part de cette exp\u00e9rimentation. \u00bb<\/p>\n<div class=\"ez-embed-type-image center col-md-10 col-md-offset-1 col-xs-12\">\n<figure class=\" gc_large card-1 img-responsive\"><img decoding=\"async\" src=\"https:\/\/www.gendinfo.fr\/pub_storage\/images\/_aliases\/gc_large\/0\/6\/7\/8\/218760-1-fre-FR\/v.jpg\" alt=\"\" width=\"100%\" height=\"100%\" \/><figcaption><span class=\"legend\">\u00a9 J. Rocha<\/span><\/figcaption><\/figure>\n<\/div>\n<p>En ciblant les territoires les plus \u00e9loign\u00e9s des agglom\u00e9rations et les communes ayant pr\u00e9c\u00e9demment b\u00e9n\u00e9fici\u00e9 de la pr\u00e9sence d\u2019une brigade de gendarmerie, les brigades mobiles contribuent ainsi, par une visibilit\u00e9 accrue, \u00e0 l\u2019effectivit\u00e9 du maillage territorial de la gendarmerie nationale. Leur action est ainsi principalement coordonn\u00e9e, au niveau local, par les commandants de compagnie, qui identifient les communes qui feront l\u2019objet de points de stationnement.<\/p>\n<p>Dans la Sarthe comme dans la Vienne, le dispositif repose sur l\u2019action de quatre personnels : deux r\u00e9servistes sp\u00e9cifiquement form\u00e9s \u00e0 cette mission contact et deux gendarmes d\u00e9partementaux territorialement comp\u00e9tents. Pendant que deux d\u2019entre eux assurent un accueil au niveau du v\u00e9hicule, les deux autres se projettent en patrouille, \u00e0 pied ou \u00e0 v\u00e9lo, afin de prendre contact avec les \u00e9lus, les commer\u00e7ants et les usagers.<\/p>\n<h2>Une action pl\u00e9biscit\u00e9e dans les territoires<\/h2>\n<p>Les \u00e9lus locaux concern\u00e9s par la pr\u00e9sence des brigades mobiles soulignent tout l\u2019int\u00e9r\u00eat du dispositif une fois celui-ci p\u00e9rennis\u00e9. \u00ab Au d\u00e9but, la pr\u00e9sence des gendarmes les jours de march\u00e9 avait plut\u00f4t tendance \u00e0 dissuader les habitu\u00e9s de venir, pr\u00e9cise Jo\u00ebl Faugeroux, maire d\u2019Availles-Limouzine (86). Sans doute la r\u00e9surgence de la peur du gendarme, du contr\u00f4le des v\u00e9hicules\u2026 Celle-ci s\u2019est progressivement effac\u00e9e. L\u2019organisation actuelle, avec une pr\u00e9sence r\u00e9currente, communiqu\u00e9e en amont par voie d\u2019affichage, est pertinente. Elle permet de rassurer et de recr\u00e9er du lien. Rien ne remplace la pr\u00e9sence de la gendarmerie. \u00bb<\/p>\n<p>\u00ab Notre engagement \u00e0 proximit\u00e9 des march\u00e9s et des foires, avec la brigade mobile, a surpris la population, admet l\u2019adjudant-chef Pascal Baloge, r\u00e9serviste depuis quatre ans au profit du GGD 86. Notre action a pu \u00eatre, de prime abord, assimil\u00e9e \u00e0 tort \u00e0 une d\u00e9marche de recrutement. Nous avons d\u00fb faire preuve de p\u00e9dagogie et expliquer le cadre de notre mission. \u00bb \u00ab C\u2019est souvent la curiosit\u00e9 qui pousse les premi\u00e8res personnes \u00e0 venir nous voir, ajoute le gendarme Fabrice Jardin, de la communaut\u00e9 de brigades de Savign\u00e9-l\u2019\u00c9v\u00eaque (72). Une fois les premi\u00e8res barri\u00e8res tomb\u00e9es, une discussion s\u2019engage. \u00bb Conflits de voisinage, s\u00e9curit\u00e9 routi\u00e8re, simples renseignements, les m\u00eames th\u00e8mes reviennent invariablement dans la conversation.<\/p>\n<p>\u00ab C\u2019est au bout de quelques minutes que la fameuse phrase \u201cTiens, tant que vous \u00eates l\u00e0\u201d appara\u00eet. Nous les orientons ensuite dans leurs d\u00e9marches et si un d\u00e9p\u00f4t de plainte est n\u00e9cessaire, nous sommes en mesure de le faire sur place. \u00bb En fonction des faits signal\u00e9s, la patrouille peut m\u00eame se projeter sur les lieux afin de recueillir des \u00e9l\u00e9ments ou faire cesser l\u2019incident. \u00ab C\u2019est en effet gr\u00e2ce aux renseignements obtenus ou \u00e0 des faits signal\u00e9s lors d\u2019une simple conversation que certaines situations peuvent \u00eatre d\u00e9samorc\u00e9es en amont de toute proc\u00e9dure judiciaire. \u00bb<\/p>\n<div class=\"ez-embed-type-image center col-md-10 col-md-offset-1 col-xs-12\">\n<figure class=\" gc_large card-1 img-responsive\"><img decoding=\"async\" src=\"https:\/\/www.gendinfo.fr\/pub_storage\/images\/_aliases\/gc_large\/6\/5\/7\/8\/218756-1-fre-FR\/photo%203.jpg\" alt=\"\" width=\"100%\" height=\"100%\" \/><figcaption><span class=\"legend\">\u00a9 J. Rocha<\/span><\/figcaption><\/figure>\n<\/div>\n<p>La fid\u00e9lisation des emplacements ainsi que des personnels d\u00e9di\u00e9s \u00e0 cette mission entra\u00eene un regain de confiance de la population, facilitant ainsi le recueil du renseignement.<\/p>\n<p>\u00ab La pr\u00e9sence accrue des gendarmes sur notre commune, par le biais de la brigade de contact mobile, renforce indubitablement la collaboration avec nos services \u00bb, affirme Jean Farcy, adjoint au maire de Neuville-sur-Sarthe (72). L\u2019illustration en est donn\u00e9e quelques semaines plus t\u00f4t, lorsqu\u2019\u00e0 l\u2019occasion d\u2019une conversation, un employ\u00e9 communal signale un vol par effraction au sein de l\u2019\u00e9glise. Les gendarmes engag\u00e9s au titre de la BCM en profitent pour r\u00e9aliser des constatations et proc\u00e9der \u00e0 une enqu\u00eate de voisinage. Celle-ci permettra non seulement de r\u00e9soudre ce vol, mais \u00e9galement dix autres faits identiques perp\u00e9tr\u00e9s dans la r\u00e9gion depuis le d\u00e9but de l\u2019ann\u00e9e. \u00ab L\u2019action des brigades mobiles prend alors tout son sens, la s\u00e9curit\u00e9 et le lien social se nourrissant l\u2019un l\u2019autre \u00bb, ajoute le colonel Lucazeau.<\/p>\n<h2>Des v\u00e9hicules sp\u00e9cifiquement am\u00e9nag\u00e9s<\/h2>\n<p>\u00ab La r\u00e9alisation de ce projet est le fruit d\u2019un travail collectif de l\u2019ensemble des services du groupement et de la r\u00e9gion, explique la commandant Catherine Florit, chef du bureau des soutiens op\u00e9rationnels de la r\u00e9gion de gendarmerie Poitou-Charentes. Le choix s\u2019est port\u00e9 sur un camping-car, dont le gabarit permettait une grande maniabilit\u00e9 et un agencement alliant confort de l\u2019accueil et confidentialit\u00e9. \u00bb Avec le soutien de la pr\u00e9fecture, le groupement obtient une enveloppe budg\u00e9taire de 10 000 \u20ac, permettant de cr\u00e9er cette unit\u00e9 mobile. Floqu\u00e9 afin d\u2019\u00eatre clairement identifi\u00e9 comme un espace gendarmerie, le v\u00e9hicule dispose de tous les am\u00e9nagements n\u00e9cessaires pour que les usagers puissent demander un renseignement, signaler des faits ou d\u00e9poser plainte. Les couchettes ont ainsi laiss\u00e9 place \u00e0 un espace bureau op\u00e9rationnel, avec un ordinateur, une tablette N\u00e9ogend et une imprimante. Le v\u00e9hicule est \u00e9galement \u00e9quip\u00e9 d\u2019un groupe \u00e9lectrog\u00e8ne, d\u2019un syst\u00e8me de chauffage, de VTT et de kits de fixation, etc.<\/p>\n<div class=\"ez-embed-type-image center col-md-10 col-md-offset-1 col-xs-12\">\n<figure class=\" gc_large card-1 img-responsive\"><img decoding=\"async\" src=\"https:\/\/www.gendinfo.fr\/pub_storage\/images\/_aliases\/gc_large\/2\/5\/7\/8\/218752-1-fre-FR\/photo%202.jpg\" alt=\"\" width=\"100%\" height=\"100%\" \/><figcaption><span class=\"legend\">\u00a9 J. Rocha<\/span><\/figcaption><\/figure>\n<\/div>\n<p>Dans la Sarthe, la BCM a pris forme au sein d\u2019un ancien v\u00e9hicule de l\u2019administration p\u00e9nitentiaire. \u00ab Gr\u00e2ce au concours financier de la pr\u00e9fecture et au talent des ouvriers d\u2019\u00c9tat des affaires immobili\u00e8res et des militaires de la section des syst\u00e8mes d\u2019information et de communication du GGD 72, le v\u00e9hicule a \u00e9t\u00e9 totalement restaur\u00e9 et s\u00e9rigraphi\u00e9 \u00bb, pr\u00e9cise le colonel Lucazeau. La participation de l\u2019association \u201cles amis de la gendarmerie\u201d a par ailleurs permis la mise en place d\u2019un \u00e9cran g\u00e9ant dans le v\u00e9hicule. \u00ab Nous avons \u00e9galement fait le choix d\u2019\u00e9quiper ce v\u00e9hicule comme un petit P.C. de gestion de crise projetable. \u00bb<\/p>\n<h2>Une fonction contact proactive<\/h2>\n<p>Avec plus d\u2019une ann\u00e9e d\u2019exp\u00e9rimentation, le groupement de la Vienne a affin\u00e9 le concept d\u2019emploi de sa BMGD. \u00ab Cette entit\u00e9 mobile permet effectivement \u00e0 l\u2019usager de ne pas avoir \u00e0 se d\u00e9placer tr\u00e8s loin pour retrouver l\u2019ensemble des services propos\u00e9s au sein d\u2019une brigade, conc\u00e8de le colonel Dumez. Mais la plus-value est ailleurs, car nous constatons finalement que tr\u00e8s peu de plaintes sont r\u00e9ellement d\u00e9pos\u00e9es au sein de la BMGD. \u00bb Ainsi, loin de toute notion de rentabilit\u00e9 chiffr\u00e9e, seuls comptent les \u00e9changes et la relation de confiance \u00e0 long terme qu\u2019ils vont pouvoir induire avec la population du d\u00e9partement.<\/p>\n<p>\u00ab La BMGD n\u2019est pas le point final, mais le point de d\u00e9part. D\u00e9barrass\u00e9 du pouvoir d\u2019attraction de son bureau, le gendarme va plus volontiers aller vers l\u2019usager. \u00bb L\u2019occasion de distiller des messages de pr\u00e9vention, de promouvoir les dispositifs mis en place par l\u2019Institution (op\u00e9ration tranquillit\u00e9 vacances, action des r\u00e9f\u00e9rents s\u00fbret\u00e9, pr\u00e9vention technique de la malveillance, etc.). \u00ab Gr\u00e2ce \u00e0 la BMGD, la fonction contact prend une autre dimension, puisqu\u2019il ne s\u2019agit plus d\u2019\u00eatre en position d\u2019attente, comme au sein d\u2019une brigade classique, mais bien d\u2019\u00eatre en mesure de proposer les services de la gendarmerie, dans le cadre, cette fois, d\u2019une v\u00e9ritable d\u00e9marche proactive. \u00bb<\/p>\n<p>Source: <a href=\"https:\/\/www.gendinfo.fr\/Sur-le-terrain\/Immersion\/2019\/Brigades-mobiles-le-contact-au-coeur-des-territoires\">gendinfo.fr<\/a> \/ Cr\u00e9dit photo: \u00a9 D.R.<\/p>\n<\/div>\n<\/div>\n","protected":false},"excerpt":{"rendered":"<p>D\u00e9clinant avec originalit\u00e9 la mission de police de s\u00e9curit\u00e9 du quotidien sur leur territoire respectif, deux groupements de gendarmerie d\u00e9partementale ont confi\u00e9 \u00e0 des brigades mobiles la mission de renouer le contact avec la population. Depuis bient\u00f4t six mois, un camion s\u00e9rigraphi\u00e9 aux couleurs de la gendarmerie sillonne les routes sarthoises. Install\u00e9e pr\u00e8s des commerces [&hellip;]<\/p>\n","protected":false},"author":3,"featured_media":2909,"comment_status":"open","ping_status":"open","sticky":false,"template":"","format":"standard","meta":{"_exactmetrics_skip_tracking":false,"_exactmetrics_sitenote_active":false,"_exactmetrics_sitenote_note":"","_exactmetrics_sitenote_category":0,"footnotes":""},"categories":[28],"tags":[],"class_list":["post-2908","post","type-post","status-publish","format-standard","has-post-thumbnail","hentry","category-actualites"],"_links":{"self":[{"href":"https:\/\/avenir-gendarmerie.org\/index.php\/wp-json\/wp\/v2\/posts\/2908","targetHints":{"allow":["GET"]}}],"collection":[{"href":"https:\/\/avenir-gendarmerie.org\/index.php\/wp-json\/wp\/v2\/posts"}],"about":[{"href":"https:\/\/avenir-gendarmerie.org\/index.php\/wp-json\/wp\/v2\/types\/post"}],"author":[{"embeddable":true,"href":"https:\/\/avenir-gendarmerie.org\/index.php\/wp-json\/wp\/v2\/users\/3"}],"replies":[{"embeddable":true,"href":"https:\/\/avenir-gendarmerie.org\/index.php\/wp-json\/wp\/v2\/comments?post=2908"}],"version-history":[{"count":1,"href":"https:\/\/avenir-gendarmerie.org\/index.php\/wp-json\/wp\/v2\/posts\/2908\/revisions"}],"predecessor-version":[{"id":2910,"href":"https:\/\/avenir-gendarmerie.org\/index.php\/wp-json\/wp\/v2\/posts\/2908\/revisions\/2910"}],"wp:featuredmedia":[{"embeddable":true,"href":"https:\/\/avenir-gendarmerie.org\/index.php\/wp-json\/wp\/v2\/media\/2909"}],"wp:attachment":[{"href":"https:\/\/avenir-gendarmerie.org\/index.php\/wp-json\/wp\/v2\/media?parent=2908"}],"wp:term":[{"taxonomy":"category","embeddable":true,"href":"https:\/\/avenir-gendarmerie.org\/index.php\/wp-json\/wp\/v2\/categories?post=2908"},{"taxonomy":"post_tag","embeddable":true,"href":"https:\/\/avenir-gendarmerie.org\/index.php\/wp-json\/wp\/v2\/tags?post=2908"}],"curies":[{"name":"wp","href":"https:\/\/api.w.org\/{rel}","templated":true}]}}