{"id":5489,"date":"2021-12-23T08:27:40","date_gmt":"2021-12-23T08:27:40","guid":{"rendered":"https:\/\/avenir-gendarmerie.org\/?p=5489"},"modified":"2021-12-23T08:27:40","modified_gmt":"2021-12-23T08:27:40","slug":"un-an-apres-lhommage-a-nos-camarades-decedes-a-saint-just","status":"publish","type":"post","link":"https:\/\/avenir-gendarmerie.org\/index.php\/2021\/12\/23\/un-an-apres-lhommage-a-nos-camarades-decedes-a-saint-just\/","title":{"rendered":"Un an apr\u00e8s, l\u2019hommage \u00e0 nos camarades d\u00e9c\u00e9d\u00e9s \u00e0 Saint-Just"},"content":{"rendered":"<p>Dans la cour de la direction g\u00e9n\u00e9rale de la gendarmerie nationale, \u00e0 Issy-les-Moulineaux, le g\u00e9n\u00e9ral de corps d\u2019arm\u00e9e Bruno Jockers, major g\u00e9n\u00e9ral de la gendarmerie nationale, a pr\u00e9sid\u00e9 une c\u00e9r\u00e9monie militaire en hommage \u00e0 nos trois camarades morts dans l\u2019accomplissement de leur mission \u00e0 Saint-Just, il y a tout juste un an.<\/p>\n<p>Le 22 d\u00e9cembre 2020, vers 21 heures sur la commune de Saint-Just, les militaires de la compagnie d\u2019Ambert sont engag\u00e9s suite \u00e0 des violences intrafamiliales. Une femme, violent\u00e9e par son mari arm\u00e9, s\u2019est r\u00e9fugi\u00e9e sur le toit de son habitation. Alors que le mis en cause tente de quitter les lieux, il fait feu sur les militaires assurant le bouclage et atteint le gendarme Arno Mavel, du PSIG d\u2019Ambert, puis tire sur le lieutenant-colonel Cyrille Morel, commandant en second de la compagnie d\u2019Ambert et le major R\u00e9mi Dupuis, de la brigade d&rsquo;Ambert.<\/p>\n<p>Dans sa lecture de l\u2019ordre du jour, le major g\u00e9n\u00e9ral est revenu sur leur noble sacrifice.\u00a0<em>\u00ab\u00a0Nos trois camarades sont tomb\u00e9s pour la mission. Ils sont all\u00e9s au bout de leur engagement au service des Fran\u00e7ais. Au bout de leur engagement pour la France. [\u2026] Ils seront \u00e0 jamais notre fiert\u00e9\u00a0\u00bb<\/em>. Une gerbe a \u00e9t\u00e9 d\u00e9pos\u00e9e en leur honneur au monument aux morts de la DGGN.<\/p>\n<p>Cet hommage est l\u2019occasion de nous rappeler le sens de notre engagement.\u00a0<em>\u00ab\u00a0Il n\u2019y a pas d\u2019intervention anodine, nous le savons tous, et la violence extr\u00eame peut surgir \u00e0 tout instant. Notre m\u00e9tier comporte des risques et ces risques, nous les assumons. Quoi qu\u2019il arrive, et m\u00eame dans la pire des situations, la Gendarmerie r\u00e9pond pr\u00e9sent\u00a0\u00bb<\/em>\u00a0a exprim\u00e9 le g\u00e9n\u00e9ral Bruno Jockers.<\/p>\n<p>La c\u00e9r\u00e9monie s\u2019est achev\u00e9e au son du chant de la gendarmerie, soulignant l\u2019engagement, en toute circonstance, des gendarmes d\u2019hier et d\u2019aujourd\u2019hui, h\u00e9ros discrets du quotidien.<\/p>\n<p>Au sein de la r\u00e9gion de gendarmerie d\u2019Auvergne, un hommage a \u00e9galement \u00e9t\u00e9 rendu lors d\u2019une c\u00e9r\u00e9monie militaire pr\u00e9sid\u00e9e par le commandant de r\u00e9gion. L\u2019ensemble des militaires a \u00e9t\u00e9 invit\u00e9 \u00e0 s\u2019associer \u00e0 cette comm\u00e9moration en allumant, \u00e0 17 heures, trois bougies \u00e0 l\u2019accueil des brigades, en m\u00e9moire de nos trois camarades.<\/p>\n<p>Source: gendinfo.fr<\/p>\n","protected":false},"excerpt":{"rendered":"<p>Dans la cour de la direction g\u00e9n\u00e9rale de la gendarmerie nationale, \u00e0 Issy-les-Moulineaux, le g\u00e9n\u00e9ral de corps d\u2019arm\u00e9e Bruno Jockers, major g\u00e9n\u00e9ral de la gendarmerie nationale, a pr\u00e9sid\u00e9 une c\u00e9r\u00e9monie militaire en hommage \u00e0 nos trois camarades morts dans l\u2019accomplissement de leur mission \u00e0 Saint-Just, il y a tout juste un an. Le 22 d\u00e9cembre [&hellip;]<\/p>\n","protected":false},"author":3,"featured_media":5490,"comment_status":"open","ping_status":"open","sticky":false,"template":"","format":"standard","meta":{"_exactmetrics_skip_tracking":false,"_exactmetrics_sitenote_active":false,"_exactmetrics_sitenote_note":"","_exactmetrics_sitenote_category":0,"footnotes":""},"categories":[28],"tags":[],"class_list":["post-5489","post","type-post","status-publish","format-standard","has-post-thumbnail","hentry","category-actualites"],"_links":{"self":[{"href":"https:\/\/avenir-gendarmerie.org\/index.php\/wp-json\/wp\/v2\/posts\/5489","targetHints":{"allow":["GET"]}}],"collection":[{"href":"https:\/\/avenir-gendarmerie.org\/index.php\/wp-json\/wp\/v2\/posts"}],"about":[{"href":"https:\/\/avenir-gendarmerie.org\/index.php\/wp-json\/wp\/v2\/types\/post"}],"author":[{"embeddable":true,"href":"https:\/\/avenir-gendarmerie.org\/index.php\/wp-json\/wp\/v2\/users\/3"}],"replies":[{"embeddable":true,"href":"https:\/\/avenir-gendarmerie.org\/index.php\/wp-json\/wp\/v2\/comments?post=5489"}],"version-history":[{"count":1,"href":"https:\/\/avenir-gendarmerie.org\/index.php\/wp-json\/wp\/v2\/posts\/5489\/revisions"}],"predecessor-version":[{"id":5491,"href":"https:\/\/avenir-gendarmerie.org\/index.php\/wp-json\/wp\/v2\/posts\/5489\/revisions\/5491"}],"wp:featuredmedia":[{"embeddable":true,"href":"https:\/\/avenir-gendarmerie.org\/index.php\/wp-json\/wp\/v2\/media\/5490"}],"wp:attachment":[{"href":"https:\/\/avenir-gendarmerie.org\/index.php\/wp-json\/wp\/v2\/media?parent=5489"}],"wp:term":[{"taxonomy":"category","embeddable":true,"href":"https:\/\/avenir-gendarmerie.org\/index.php\/wp-json\/wp\/v2\/categories?post=5489"},{"taxonomy":"post_tag","embeddable":true,"href":"https:\/\/avenir-gendarmerie.org\/index.php\/wp-json\/wp\/v2\/tags?post=5489"}],"curies":[{"name":"wp","href":"https:\/\/api.w.org\/{rel}","templated":true}]}}