{"id":5789,"date":"2022-04-05T16:11:07","date_gmt":"2022-04-05T16:11:07","guid":{"rendered":"https:\/\/avenir-gendarmerie.org\/?p=5789"},"modified":"2022-04-05T16:11:07","modified_gmt":"2022-04-05T16:11:07","slug":"election-presidentielle-2022-toutes-les-informations-pratiques","status":"publish","type":"post","link":"https:\/\/avenir-gendarmerie.org\/index.php\/2022\/04\/05\/election-presidentielle-2022-toutes-les-informations-pratiques\/","title":{"rendered":"\u00c9lection pr\u00e9sidentielle 2022 : toutes les informations pratiques"},"content":{"rendered":"<p>Vote par procuration, carte d&rsquo;\u00e9lecteur, d\u00e9roulement des \u00e9lections, procuration des personnes handicap\u00e9es ou gravement malades&#8230; Retrouvez tout ce qu&rsquo;il faut savoir sur l&rsquo;\u00e9lection pr\u00e9sidentielle\u00a02022 dont le premier tour se d\u00e9roule le dimanche\u00a010\u00a0avril\u00a02022 et le second tour le dimanche\u00a024\u00a0avril\u00a02022.<\/p>\n<div id=\"chapitre_1\">\n<h2 id=\"titreChapitre_4567861119450155703\">Dates de l&rsquo;\u00e9lection<\/h2>\n<p>Le d\u00e9cret de convocation des \u00e9lecteurs paru le 27\u00a0janvier\u00a02022 fixe les dates de l&rsquo;\u00e9lection du Pr\u00e9sident de la R\u00e9publique.<\/p>\n<p id=\"lienDTO\"><a class=\"link-arrow\" href=\"https:\/\/www.service-public.fr\/particuliers\/actualites\/A15053\">Calendrier \u00e9lectoral 2022 : les dates de l&rsquo;\u00e9lection pr\u00e9sidentielle et des l\u00e9gislatives<\/a><\/p>\n<div data-content=\"sousChapitres\"><span style=\"color: #111111; font-family: Roboto, sans-serif; font-size: 27px;\">Listes \u00e9lectorales : v\u00e9rifiez si vous \u00eates bien inscrit<\/span><\/div>\n<\/div>\n<div id=\"chapitre_2\">\n<p>Pour pouvoir voter pour l&rsquo;\u00e9lection pr\u00e9sidentielle en\u00a02022, il faut \u00eatre inscrit sur les listes \u00e9lectorales, la date limite d&rsquo;inscription \u00e9tant fix\u00e9e en principe au 4\u00a0mars\u00a02022. Vous pouvez v\u00e9rifier votre situation \u00e9lectorale en utilisant le service en ligne disponible sur\u00a0<span class=\"expression\"><em>Service-Public.fr<\/em><\/span>.<\/p>\n<p>Il existe n\u00e9anmoins un certain nombre de cas particuliers permettant de vous inscrire apr\u00e8s cette date et de voter \u00e0 l&rsquo;\u00e9lection pr\u00e9sidentielle d&rsquo;avril\u00a02022.<\/p>\n<p>Vous aviez demand\u00e9 votre inscription sur les listes \u00e9lectorales mais vous n&rsquo;avez re\u00e7u aucun courrier depuis. Vous avez v\u00e9rifi\u00e9 votre situation \u00e9lectorale mais vous n&rsquo;\u00eates pas inscrit sur les listes \u00e9lectorales. Que pouvez-vous faire pour pouvoir voter\u00a0?<\/p>\n<p id=\"lienDTO\"><a class=\"link-arrow\" href=\"https:\/\/www.service-public.fr\/particuliers\/actualites\/A15421\">Listes \u00e9lectorales 2022\u00a0:\u00a0v\u00e9rifiez en ligne si vous \u00eates bien inscrit<\/a><\/p>\n<p id=\"lienDTO\"><a class=\"link-arrow\" href=\"https:\/\/www.service-public.fr\/particuliers\/actualites\/A15546\">Dans quels cas peut-on encore s&rsquo;inscrire sur la liste \u00e9lectorale apr\u00e8s le 4 mars 2022\u00a0?<\/a><\/p>\n<p id=\"lienDTO\"><a class=\"link-arrow\" href=\"https:\/\/www.service-public.fr\/particuliers\/actualites\/A14960\">Erreur d&rsquo;inscription sur les listes \u00e9lectorales, vous pouvez saisir le tribunal jusqu&rsquo;au jour de l&rsquo;\u00e9lection<\/a><\/p>\n<\/div>\n<div id=\"chapitre_3\">\n<h2 id=\"titreChapitre_2222410319974640414\">Vote par procuration (vous \u00eates le mandant)<\/h2>\n<p>Vacances, obligations professionnelles, formation, probl\u00e8me de sant\u00e9&#8230; Vous \u00eates absent de votre domicile au moment de l&rsquo;\u00e9lection pr\u00e9sidentielle\u00a0? Vous pouvez toujours voter par procuration sans avoir \u00e0 en attester la raison\u00a0!<\/p>\n<p id=\"lienDTO\"><a class=\"link-arrow\" href=\"https:\/\/www.service-public.fr\/particuliers\/actualites\/A15478\">Procurations de vote : ce qui change en\u00a02022<\/a><\/p>\n<div data-content=\"sousChapitres\"><span style=\"color: #111111; font-family: Roboto, sans-serif; font-size: 27px;\">Vote par procuration (vous \u00eates le mandataire)<\/span><\/div>\n<\/div>\n<div id=\"chapitre_4\">\n<p>On vous a donn\u00e9 procuration pour voter\u00a0? Quelles sont les formalit\u00e9s \u00e0 conna\u00eetre au moment des op\u00e9rations de vote\u00a0? Et que se passe-t-il en cas de d\u00e9faut de r\u00e9ception de la procuration\u00a0? Une instruction du minist\u00e8re de l&rsquo;Int\u00e9rieur du 6\u00a0avril\u00a02021 vous pr\u00e9cise tout ce qu&rsquo;il faut savoir.<\/p>\n<p id=\"lienDTO\"><a class=\"link-arrow\" href=\"https:\/\/www.service-public.fr\/particuliers\/vosdroits\/F35316\">Procuration\u00a0: comment se d\u00e9roule le vote le jour de l&rsquo;\u00e9lection\u00a0?<\/a><\/p>\n<div data-content=\"sousChapitres\"><span style=\"color: #111111; font-family: Roboto, sans-serif; font-size: 27px;\">D\u00e9roulement des \u00e9lections<\/span><\/div>\n<\/div>\n<div id=\"chapitre_5\">\n<p>Le scrutin est ouvert \u00e0 8\u00a0heures et clos \u00e0 19\u00a0heures (heures l\u00e9gales locales). Toutefois, pour faciliter aux \u00e9lecteurs l&rsquo;exercice de leur droit de vote, des arr\u00eat\u00e9s peuvent \u00eatre pris dans certaines communes ou circonscriptions administratives afin d&rsquo;avancer l&rsquo;heure d&rsquo;ouverture ou de retarder l&rsquo;heure de cl\u00f4ture du scrutin. En aucun cas, le scrutin ne peut \u00eatre clos apr\u00e8s 20\u00a0heures (heure l\u00e9gale locale).<\/p>\n<p id=\"lienDTO\"><a class=\"link-arrow\" title=\" - Nouvelle fen\u00eatre\" href=\"https:\/\/www.legifrance.gouv.fr\/jorf\/id\/JORFTEXT000045076426\" target=\"_blank\" rel=\"noopener noreferrer\" data-xiti-name=\"Particuliers::Actualite::Navigation_Directe::L\u00e9gifrance_-_D\u00e9cret_portant_convocation_des_\u00e9lecteurs_pour_l'\u00e9lection_du_Pr\u00e9sident_de_la_R\u00e9publique\" data-xiti-type=\"exit\">L\u00e9gifrance &#8211; D\u00e9cret portant convocation des \u00e9lecteurs pour l&rsquo;\u00e9lection du Pr\u00e9sident de la R\u00e9publique\u00a0\u00a0<\/a><\/p>\n<p id=\"lienDTO\"><a class=\"link-arrow\" href=\"https:\/\/www.service-public.fr\/particuliers\/vosdroits\/F16828\">\u00c9lections politiques : d\u00e9roulement du scrutin<\/a><\/p>\n<div data-content=\"sousChapitres\"><span style=\"color: #111111; font-family: Roboto, sans-serif; font-size: 27px;\">Carte d&rsquo;\u00e9lecteur<\/span><\/div>\n<\/div>\n<div id=\"chapitre_6\">\n<p>Qu&rsquo;est-ce que la carte \u00e9lectorale\u00a0? Est-elle obligatoire pour voter\u00a0? Comment l&rsquo;obtenir\u00a0?\u00a0<span class=\"expression\"><em>Service-Public.fr<\/em><\/span>\u00a0vous explique tout y compris ses nouveaut\u00e9s.<\/p>\n<p id=\"lienDTO\"><a class=\"link-arrow\" href=\"https:\/\/www.service-public.fr\/particuliers\/vosdroits\/F1962\">Carte \u00e9lectorale<\/a><\/p>\n<p id=\"lienDTO\"><a class=\"link-arrow\" href=\"https:\/\/www.service-public.fr\/particuliers\/actualites\/A15494\">Nouvelle carte d&rsquo;\u00e9lecteur\u00a0: un QR code pour acc\u00e9der \u00e0 toutes vos d\u00e9marches<\/a><\/p>\n<div data-content=\"sousChapitres\"><span style=\"color: #111111; font-family: Roboto, sans-serif; font-size: 27px;\">Pi\u00e8ces d&rsquo;identit\u00e9 \u00e0 pr\u00e9senter pour voter<\/span><\/div>\n<\/div>\n<div id=\"chapitre_7\">\n<p>Pour voter, il faut vous pr\u00e9senter au bureau de vote indiqu\u00e9 sur la carte \u00e9lectorale ou sur le\u00a0<a href=\"https:\/\/www.service-public.fr\/particuliers\/vosdroits\/services-en-ligne-et-formulaires\/ISE\" target=\"_self\" rel=\"noopener noreferrer\" data-xiti-name=\"Particuliers::Actualite::Navigation_Directe::service_en_ligne_Interroger_votre_situation_\u00e9lectorale\" data-xiti-type=\"exit\">service en ligne Interroger votre situation \u00e9lectorale<\/a>\u00a0. Dans les communes de 1\u00a0000 habitants ou plus, il est n\u00e9cessaire de pr\u00e9senter une pi\u00e8ce d&rsquo;identit\u00e9.<\/p>\n<p id=\"lienDTO\"><a class=\"link-arrow\" href=\"https:\/\/www.service-public.fr\/particuliers\/vosdroits\/F1361\">\u00c9lections\u00a0: papiers d&rsquo;identit\u00e9 \u00e0 pr\u00e9senter pour voter<\/a><\/p>\n<div data-content=\"sousChapitres\"><span style=\"color: #111111; font-family: Roboto, sans-serif; font-size: 27px;\">Changement d&rsquo;adresse non signal\u00e9 ou signal\u00e9 tardivement<\/span><\/div>\n<\/div>\n<div id=\"chapitre_8\">\n<p>Si vous changez d&rsquo;adresse apr\u00e8s le 4\u00a0mars, vous devez le signaler mais la modification ne prend effet que pour les \u00e9lections l\u00e9gislatives. Cependant, vous pouvez encore voter dans votre commune d&rsquo;origine. Dans ce cas, il vaut mieux v\u00e9rifier aupr\u00e8s de votre mairie d&rsquo;origine si vous \u00eates toujours sur ses listes.<\/p>\n<p id=\"lienDTO\"><a class=\"link-arrow\" href=\"https:\/\/www.service-public.fr\/particuliers\/vosdroits\/F15748\">Peut-on voter sans avoir signal\u00e9 son d\u00e9m\u00e9nagement ?<\/a><\/p>\n<div data-content=\"sousChapitres\"><span style=\"color: #111111; font-family: Roboto, sans-serif; font-size: 27px;\">Vote des personnes handicap\u00e9es<\/span><\/div>\n<\/div>\n<div id=\"chapitre_9\">\n<p>Si un handicap ou une maladie grave vous emp\u00eache de vous d\u00e9placer et que vous souhaitez \u00e9tablir une procuration pour voter, vous pouvez demander qu&rsquo;un personnel de police ou de gendarmerie se d\u00e9place \u00e0 votre domicile ou dans un \u00e9tablissement sp\u00e9cialis\u00e9 (\u00c9hpad, h\u00f4pital&#8230;) pour y v\u00e9rifier votre identit\u00e9.<\/p>\n<p id=\"lienDTO\"><a class=\"link-arrow\" href=\"https:\/\/www.service-public.fr\/particuliers\/actualites\/A15582\">Comment \u00e9tablir une procuration quand il est impossible de se d\u00e9placer\u00a0?<\/a><\/p>\n<\/div>\n<div id=\"chapitre_10\">\n<h2 id=\"titreChapitre_8160225925018770520\">Droit de vote des d\u00e9tenus<\/h2>\n<p>Le fait d&rsquo;\u00eatre d\u00e9tenu ne prive pas du droit de vote. Seules les personnes auxquelles les tribunaux ont interdit le droit de vote et d&rsquo;\u00e9lection perdent leur capacit\u00e9 \u00e9lectorale.<\/p>\n<p id=\"lienDTO\"><a class=\"link-arrow\" href=\"https:\/\/www.service-public.fr\/particuliers\/vosdroits\/F1227\">Une personne d\u00e9tenue en prison a-t-elle le droit de voter ?<\/a><\/p>\n<div data-content=\"sousChapitres\"><span style=\"color: #111111; font-family: Roboto, sans-serif; font-size: 27px;\">Fran\u00e7ais install\u00e9s \u00e0 l&rsquo;\u00e9tranger<\/span><\/div>\n<\/div>\n<div id=\"chapitre_11\">\n<p>Les \u00e9lecteurs domicili\u00e9s \u00e0 l&rsquo;\u00e9tranger peuvent voter \u00e0 l&rsquo;\u00e9lection pr\u00e9sidentielle s&rsquo;ils figurent sur une liste \u00e9lectorale consulaire. Il est cependant possible pour ceux qui sont inscrits uniquement sur une liste \u00e9lectorale en France de voter en France, personnellement ou en donnant procuration.<\/p>\n<p>Pour voter dans un bureau de vote \u00e0 l&rsquo;\u00e9tranger, retrouvez en ligne la liste des bureaux de vote ouverts \u00e0 cette occasion dans les ambassades et les postes consulaires, et la liste des bureaux dont l&rsquo;heure de cl\u00f4ture du scrutin est retard\u00e9e.<\/p>\n<p id=\"lienDTO\"><a class=\"link-arrow\" href=\"https:\/\/www.service-public.fr\/particuliers\/vosdroits\/F16904\">Vote d&rsquo;un Fran\u00e7ais install\u00e9 \u00e0 l&rsquo;\u00e9tranger<\/a><\/p>\n<p id=\"lienDTO\"><a class=\"link-arrow\" href=\"https:\/\/www.service-public.fr\/particuliers\/actualites\/A11515\">Pr\u00e9sidentielle\u00a02022\u00a0: la liste des bureaux de vote ouverts \u00e0 l&rsquo;\u00e9tranger<\/a><\/p>\n<p>Source: service-public.fr<\/p>\n<\/div>\n","protected":false},"excerpt":{"rendered":"<p>Vote par procuration, carte d&rsquo;\u00e9lecteur, d\u00e9roulement des \u00e9lections, procuration des personnes handicap\u00e9es ou gravement malades&#8230; Retrouvez tout ce qu&rsquo;il faut savoir sur l&rsquo;\u00e9lection pr\u00e9sidentielle\u00a02022 dont le premier tour se d\u00e9roule le dimanche\u00a010\u00a0avril\u00a02022 et le second tour le dimanche\u00a024\u00a0avril\u00a02022. Dates de l&rsquo;\u00e9lection Le d\u00e9cret de convocation des \u00e9lecteurs paru le 27\u00a0janvier\u00a02022 fixe les dates de l&rsquo;\u00e9lection [&hellip;]<\/p>\n","protected":false},"author":3,"featured_media":5790,"comment_status":"open","ping_status":"open","sticky":false,"template":"","format":"standard","meta":{"_exactmetrics_skip_tracking":false,"_exactmetrics_sitenote_active":false,"_exactmetrics_sitenote_note":"","_exactmetrics_sitenote_category":0,"footnotes":""},"categories":[28],"tags":[],"class_list":["post-5789","post","type-post","status-publish","format-standard","has-post-thumbnail","hentry","category-actualites"],"_links":{"self":[{"href":"https:\/\/avenir-gendarmerie.org\/index.php\/wp-json\/wp\/v2\/posts\/5789","targetHints":{"allow":["GET"]}}],"collection":[{"href":"https:\/\/avenir-gendarmerie.org\/index.php\/wp-json\/wp\/v2\/posts"}],"about":[{"href":"https:\/\/avenir-gendarmerie.org\/index.php\/wp-json\/wp\/v2\/types\/post"}],"author":[{"embeddable":true,"href":"https:\/\/avenir-gendarmerie.org\/index.php\/wp-json\/wp\/v2\/users\/3"}],"replies":[{"embeddable":true,"href":"https:\/\/avenir-gendarmerie.org\/index.php\/wp-json\/wp\/v2\/comments?post=5789"}],"version-history":[{"count":1,"href":"https:\/\/avenir-gendarmerie.org\/index.php\/wp-json\/wp\/v2\/posts\/5789\/revisions"}],"predecessor-version":[{"id":5791,"href":"https:\/\/avenir-gendarmerie.org\/index.php\/wp-json\/wp\/v2\/posts\/5789\/revisions\/5791"}],"wp:featuredmedia":[{"embeddable":true,"href":"https:\/\/avenir-gendarmerie.org\/index.php\/wp-json\/wp\/v2\/media\/5790"}],"wp:attachment":[{"href":"https:\/\/avenir-gendarmerie.org\/index.php\/wp-json\/wp\/v2\/media?parent=5789"}],"wp:term":[{"taxonomy":"category","embeddable":true,"href":"https:\/\/avenir-gendarmerie.org\/index.php\/wp-json\/wp\/v2\/categories?post=5789"},{"taxonomy":"post_tag","embeddable":true,"href":"https:\/\/avenir-gendarmerie.org\/index.php\/wp-json\/wp\/v2\/tags?post=5789"}],"curies":[{"name":"wp","href":"https:\/\/api.w.org\/{rel}","templated":true}]}}