{"id":596,"date":"2017-11-10T09:59:17","date_gmt":"2017-11-10T09:59:17","guid":{"rendered":"http:\/\/avenir-gendarmerie.org\/?p=596"},"modified":"2017-11-10T09:59:17","modified_gmt":"2017-11-10T09:59:17","slug":"accueil-de-la-promotion-deleves-gendarmes-francais-a-valdemoro-par-la-guardia-civil","status":"publish","type":"post","link":"https:\/\/avenir-gendarmerie.org\/index.php\/2017\/11\/10\/accueil-de-la-promotion-deleves-gendarmes-francais-a-valdemoro-par-la-guardia-civil\/","title":{"rendered":"Accueil de la promotion d&rsquo;\u00e9l\u00e8ves gendarmes fran\u00e7ais \u00e0 Valdemoro par la Guardia Civil"},"content":{"rendered":"<div class=\"attribute-short\">\n<div class=\"ezxmltext-field\">\n<p align=\"justify\"><strong>Depuis le 2\u00a0octobre, les 120 \u00e9l\u00e8ves gendarmes (E.G.), en formation \u00e0 Tulle depuis un mois, ont rejoint l&rsquo;acad\u00e9mie des jeunes gardes civils de Valdemoro, \u00e0 proximit\u00e9 de Madrid, pour une formation de 9 mois.<\/strong><\/p>\n<p align=\"justify\"><img loading=\"lazy\" decoding=\"async\" class=\"alignnone size-full wp-image-597\" src=\"http:\/\/avenir-gendarmerie.org\/wp-content\/uploads\/2017\/11\/promotion.jpg\" alt=\"\" width=\"800\" height=\"533\" srcset=\"https:\/\/avenir-gendarmerie.org\/wp-content\/uploads\/2017\/11\/promotion.jpg 800w, https:\/\/avenir-gendarmerie.org\/wp-content\/uploads\/2017\/11\/promotion-300x200.jpg 300w, https:\/\/avenir-gendarmerie.org\/wp-content\/uploads\/2017\/11\/promotion-768x512.jpg 768w, https:\/\/avenir-gendarmerie.org\/wp-content\/uploads\/2017\/11\/promotion-696x464.jpg 696w, https:\/\/avenir-gendarmerie.org\/wp-content\/uploads\/2017\/11\/promotion-630x420.jpg 630w\" sizes=\"auto, (max-width: 800px) 100vw, 800px\" \/><\/p>\n<\/div>\n<\/div>\n<div class=\"attribute-long\">\n<div class=\"ezxmltext-field\">\n<p align=\"justify\">Cette formation commune, in\u00e9dite en Europe et valid\u00e9e par la signature d\u2019un accord entre les deux ministres de l\u2019Int\u00e9rieur le 23 ao\u00fbt dernier, sera dispens\u00e9e \u00e0 la fois par des cadres espagnols et fran\u00e7ais. Chacune des deux forces apportera son expertise sur ses p\u00f4les d\u2019excellence\u00a0: la Gendarmerie Nationale pour la police technique et scientifique et les techniques d&rsquo;intervention professionnelle\u00a0; la\u00a0<em>Guardia Civil<\/em>\u00a0pour son retour d&rsquo;exp\u00e9rience sur la lutte contre le terrorisme et la fraude documentaire.<\/p>\n<p align=\"justify\">Compl\u00e8tement int\u00e9gr\u00e9s \u00e0 la promotion espagnole, les 120 E.G. participeront \u00e0 des c\u00e9r\u00e9monies officielles, \u00e0 l\u2019instar de la f\u00eate nationale espagnole ou de la f\u00eate de la\u00a0<em>G<\/em><em>uardia\u00a0<\/em><em>C<\/em><em>ivil<\/em>.<\/p>\n<\/div>\n<p align=\"justify\">Source :\u00a0<a href=\"https:\/\/www.gendarmerie.interieur.gouv.fr\/Zooms\/Accueil-de-la-promotion-d-eleves-gendarmes-francais-a-Valdemoro-par-la-Guardia-Civil\">Site de la Gendarmerie nationale<\/a>\u00a0\/ Photo: \u00a9 D.R.<\/p>\n<\/div>\n","protected":false},"excerpt":{"rendered":"<p>Depuis le 2\u00a0octobre, les 120 \u00e9l\u00e8ves gendarmes (E.G.), en formation \u00e0 Tulle depuis un mois, ont rejoint l&rsquo;acad\u00e9mie des jeunes gardes civils de Valdemoro, \u00e0 proximit\u00e9 de Madrid, pour une formation de 9 mois. Cette formation commune, in\u00e9dite en Europe et valid\u00e9e par la signature d\u2019un accord entre les deux ministres de l\u2019Int\u00e9rieur le 23 [&hellip;]<\/p>\n","protected":false},"author":3,"featured_media":597,"comment_status":"open","ping_status":"open","sticky":false,"template":"","format":"standard","meta":{"_exactmetrics_skip_tracking":false,"_exactmetrics_sitenote_active":false,"_exactmetrics_sitenote_note":"","_exactmetrics_sitenote_category":0,"footnotes":""},"categories":[28],"tags":[],"class_list":["post-596","post","type-post","status-publish","format-standard","has-post-thumbnail","hentry","category-actualites"],"_links":{"self":[{"href":"https:\/\/avenir-gendarmerie.org\/index.php\/wp-json\/wp\/v2\/posts\/596","targetHints":{"allow":["GET"]}}],"collection":[{"href":"https:\/\/avenir-gendarmerie.org\/index.php\/wp-json\/wp\/v2\/posts"}],"about":[{"href":"https:\/\/avenir-gendarmerie.org\/index.php\/wp-json\/wp\/v2\/types\/post"}],"author":[{"embeddable":true,"href":"https:\/\/avenir-gendarmerie.org\/index.php\/wp-json\/wp\/v2\/users\/3"}],"replies":[{"embeddable":true,"href":"https:\/\/avenir-gendarmerie.org\/index.php\/wp-json\/wp\/v2\/comments?post=596"}],"version-history":[{"count":1,"href":"https:\/\/avenir-gendarmerie.org\/index.php\/wp-json\/wp\/v2\/posts\/596\/revisions"}],"predecessor-version":[{"id":598,"href":"https:\/\/avenir-gendarmerie.org\/index.php\/wp-json\/wp\/v2\/posts\/596\/revisions\/598"}],"wp:featuredmedia":[{"embeddable":true,"href":"https:\/\/avenir-gendarmerie.org\/index.php\/wp-json\/wp\/v2\/media\/597"}],"wp:attachment":[{"href":"https:\/\/avenir-gendarmerie.org\/index.php\/wp-json\/wp\/v2\/media?parent=596"}],"wp:term":[{"taxonomy":"category","embeddable":true,"href":"https:\/\/avenir-gendarmerie.org\/index.php\/wp-json\/wp\/v2\/categories?post=596"},{"taxonomy":"post_tag","embeddable":true,"href":"https:\/\/avenir-gendarmerie.org\/index.php\/wp-json\/wp\/v2\/tags?post=596"}],"curies":[{"name":"wp","href":"https:\/\/api.w.org\/{rel}","templated":true}]}}