{"id":636,"date":"2017-11-23T08:15:40","date_gmt":"2017-11-23T08:15:40","guid":{"rendered":"http:\/\/avenir-gendarmerie.org\/?p=636"},"modified":"2017-11-23T08:15:40","modified_gmt":"2017-11-23T08:15:40","slug":"mort-du-gendarme-camille-mathieu-juste-parmi-les-nations","status":"publish","type":"post","link":"https:\/\/avenir-gendarmerie.org\/index.php\/2017\/11\/23\/mort-du-gendarme-camille-mathieu-juste-parmi-les-nations\/","title":{"rendered":"Mort du gendarme Camille Mathieu, Juste parmi les Nations"},"content":{"rendered":"<p class=\"p1\">Nous venons d\u2019apprendre le d\u00e9c\u00e8s de Camille Mathieu, dernier gendarme \u00ab\u00a0Juste parmi les Nations\u00a0\u00bb. Ancien garde mobile, il obtient le titre de Juste en 1976, pour avoir sauv\u00e9 8 Juifs pendant l\u2019occupation. Camille Mathieu \u00e9tait \u00e2g\u00e9 de 102 ans.<\/p>\n<p><img loading=\"lazy\" decoding=\"async\" class=\"alignnone size-full wp-image-637\" src=\"http:\/\/avenir-gendarmerie.org\/wp-content\/uploads\/2017\/11\/camille-mathieu.jpg\" alt=\"\" width=\"463\" height=\"426\" srcset=\"https:\/\/avenir-gendarmerie.org\/wp-content\/uploads\/2017\/11\/camille-mathieu.jpg 463w, https:\/\/avenir-gendarmerie.org\/wp-content\/uploads\/2017\/11\/camille-mathieu-300x276.jpg 300w, https:\/\/avenir-gendarmerie.org\/wp-content\/uploads\/2017\/11\/camille-mathieu-456x420.jpg 456w\" sizes=\"auto, (max-width: 463px) 100vw, 463px\" \/><\/p>\n<p class=\"p1\">N\u00e9 le 27 janvier 1915 \u00e0 Ligni\u00e8res (Aube), le gendarme Camille Mathieu int\u00e8gre la gendarmerie en d\u00e9cembre 1938. Il rejoint les forces de gendarmerie de Paris-Est au 1<sup>e<\/sup>r novembre 1940 puis est affect\u00e9 \u00e0 la surveillance du camp de Drancy (93). D\u00e8s l\u2019ouverture du camp, il apporte son aide aux intern\u00e9s. Il s\u2019engage aupr\u00e8s de familles juives pour faciliter les conditions de d\u00e9tention de trois prisonniers du camp\u00a0: Simon Herzberg, Albert Ajdenbaum et Simon Fuks. Il leur fournit discr\u00e8tement des provisions, des m\u00e9dicaments et des colis et se propose de les faire \u00e9vader par les \u00e9gouts. Cette extr\u00e9mit\u00e9 n\u2019est pas n\u00e9cessaire puisque ces hommes sont finalement lib\u00e9r\u00e9s pour raison de sant\u00e9 quelques semaines plus tard. Cependant, de peur d\u2019\u00eatre \u00e0 nouveau arr\u00eat\u00e9s, les trois hommes et leurs familles ne regagnent pas leur domicile. Le gendarme Mathieu et son \u00e9pouse Denise aident deux d\u2019entre-elles, les Herzberg et les Ajdenbaum, \u00e0 franchir la ligne de d\u00e9marcation. La derni\u00e8re famille, ne voulant pas prendre ce risque, est conduite \u00e0 Ligni\u00e8res (Aube), o\u00f9 Blanche Mathieu, la m\u00e8re du gendarme, les h\u00e9berge jusqu\u2019\u00e0 la Lib\u00e9ration. En 1943, Camille Mathieu s\u2019installe avec son \u00e9pouse \u00e0 Ligni\u00e8res, o\u00f9 il s\u2019engage dans la R\u00e9sistance, au sein du r\u00e9seau \u00ab\u00a0Jean Marie Buck\u00a0\u00bb. Gr\u00e2ce aux t\u00e9moignages des familles, le gendarme Mathieu, sa femme Denise et sa m\u00e8re Blanche \u00e9taient distingu\u00e9s par Yad Vashem en 1976. Depuis 1963, l\u2019\u00c9tat d\u2019Isra\u00ebl d\u00e9cerne le titre de \u00ab\u00a0Juste parmi les Nations\u00a0\u00bb pour honorer les personnes qui, en Europe, ont particip\u00e9 au sauvetage des Juifs pers\u00e9cut\u00e9s pendant la Seconde Guerre mondiale. \u00c0 ce jour, on recense 4\u2009025 Justes parmi les Nations fran\u00e7ais dont 18 gendarmes.<\/p>\n<p>Source: <a href=\"https:\/\/www.facebook.com\/delpat.gie\/posts\/1676615522351474\">Facebook de la D\u00e9l\u00e9gation au patrimoine gendarmerie<\/a> \/ Cr\u00e9dit photo:\u00a9 D.R.<\/p>\n","protected":false},"excerpt":{"rendered":"<p>Nous venons d\u2019apprendre le d\u00e9c\u00e8s de Camille Mathieu, dernier gendarme \u00ab\u00a0Juste parmi les Nations\u00a0\u00bb. Ancien garde mobile, il obtient le titre de Juste en 1976, pour avoir sauv\u00e9 8 Juifs pendant l\u2019occupation. Camille Mathieu \u00e9tait \u00e2g\u00e9 de 102 ans. N\u00e9 le 27 janvier 1915 \u00e0 Ligni\u00e8res (Aube), le gendarme Camille Mathieu int\u00e8gre la gendarmerie en [&hellip;]<\/p>\n","protected":false},"author":3,"featured_media":637,"comment_status":"open","ping_status":"open","sticky":false,"template":"","format":"standard","meta":{"_exactmetrics_skip_tracking":false,"_exactmetrics_sitenote_active":false,"_exactmetrics_sitenote_note":"","_exactmetrics_sitenote_category":0,"footnotes":""},"categories":[28],"tags":[],"class_list":["post-636","post","type-post","status-publish","format-standard","has-post-thumbnail","hentry","category-actualites"],"_links":{"self":[{"href":"https:\/\/avenir-gendarmerie.org\/index.php\/wp-json\/wp\/v2\/posts\/636","targetHints":{"allow":["GET"]}}],"collection":[{"href":"https:\/\/avenir-gendarmerie.org\/index.php\/wp-json\/wp\/v2\/posts"}],"about":[{"href":"https:\/\/avenir-gendarmerie.org\/index.php\/wp-json\/wp\/v2\/types\/post"}],"author":[{"embeddable":true,"href":"https:\/\/avenir-gendarmerie.org\/index.php\/wp-json\/wp\/v2\/users\/3"}],"replies":[{"embeddable":true,"href":"https:\/\/avenir-gendarmerie.org\/index.php\/wp-json\/wp\/v2\/comments?post=636"}],"version-history":[{"count":1,"href":"https:\/\/avenir-gendarmerie.org\/index.php\/wp-json\/wp\/v2\/posts\/636\/revisions"}],"predecessor-version":[{"id":638,"href":"https:\/\/avenir-gendarmerie.org\/index.php\/wp-json\/wp\/v2\/posts\/636\/revisions\/638"}],"wp:featuredmedia":[{"embeddable":true,"href":"https:\/\/avenir-gendarmerie.org\/index.php\/wp-json\/wp\/v2\/media\/637"}],"wp:attachment":[{"href":"https:\/\/avenir-gendarmerie.org\/index.php\/wp-json\/wp\/v2\/media?parent=636"}],"wp:term":[{"taxonomy":"category","embeddable":true,"href":"https:\/\/avenir-gendarmerie.org\/index.php\/wp-json\/wp\/v2\/categories?post=636"},{"taxonomy":"post_tag","embeddable":true,"href":"https:\/\/avenir-gendarmerie.org\/index.php\/wp-json\/wp\/v2\/tags?post=636"}],"curies":[{"name":"wp","href":"https:\/\/api.w.org\/{rel}","templated":true}]}}