{"id":6872,"date":"2023-02-13T16:24:41","date_gmt":"2023-02-13T16:24:41","guid":{"rendered":"https:\/\/avenir-gendarmerie.org\/?p=6872"},"modified":"2023-02-13T16:24:41","modified_gmt":"2023-02-13T16:24:41","slug":"heros-du-quotidien-adjudant-ludovic-decore-pour-avoir-secouru-des-personnes-dans-un-batiment-en-flammes","status":"publish","type":"post","link":"https:\/\/avenir-gendarmerie.org\/index.php\/2023\/02\/13\/heros-du-quotidien-adjudant-ludovic-decore-pour-avoir-secouru-des-personnes-dans-un-batiment-en-flammes\/","title":{"rendered":"H\u00e9ros du quotidien : adjudant Ludovic, d\u00e9cor\u00e9 pour avoir secouru des personnes dans un b\u00e2timent en flammes"},"content":{"rendered":"<div class=\"fr-text--lead ezrichtext-field\">\n<p><strong>Le 4\u00a0ao\u00fbt 2022, alors qu\u2019il est en patrouille avec son \u00e9quipier, l&rsquo;adjudant Ludovic, de la brigade de proximit\u00e9 de Saint-Paul-le-Jeune, en Ard\u00e8che, intervient sur l&rsquo;incendie d\u2019une habitation. En l&rsquo;absence des services de secours, il \u00e9vacue une femme de l\u2019appartement en feu, avant de poursuivre ses recherches et d\u2019extraire un autre r\u00e9sident qui s&rsquo;\u00e9tait endormi. Pour cette action de courage, la m\u00e9daille de la gendarmerie nationale avec \u00e9toile de bronze lui sera d\u00e9cern\u00e9e le 16\u00a0f\u00e9vrier, aux Invalides, par le g\u00e9n\u00e9ral d&rsquo;arm\u00e9e Christian Rodriguez, lors de la c\u00e9r\u00e9monie en hommage aux gendarmes d\u00e9c\u00e9d\u00e9s et aux h\u00e9ros du quotidien.<\/strong><\/p>\n<\/div>\n<div class=\"ezrichtext-field\">\n<p>Le 16\u00a0f\u00e9vrier prochain, la gendarmerie rendra traditionnellement hommage \u00e0 ses disparus, mais aussi \u00e0 tous les h\u00e9ros du quotidien, mettant ainsi \u00e0 l\u2019honneur, \u00e0 cette occasion, de nombreux militaires, d\u2019active et de r\u00e9serve, sur tout le territoire. Neuf d\u2019entre eux se verront notamment d\u00e9cor\u00e9s dans le cadre de la c\u00e9r\u00e9monie nationale organis\u00e9e aux Invalides, \u00e0 Paris. C\u2019est le cas de l\u2019adjudant Ludovic C., affect\u00e9 depuis sept\u00a0ans \u00e0 la brigade de proximit\u00e9 de Saint-Paul-le-Jeune (communaut\u00e9 de brigades des Vans), dans le sud Ard\u00e8che, qui sera mis \u00e0 l\u2019honneur ce jour-l\u00e0 pour l\u2019intervention au cours de laquelle, l\u2019\u00e9t\u00e9 dernier, il a \u00e9vacu\u00e9 les habitants d\u2019un b\u00e2timent en feu, avant l\u2019arriv\u00e9e du service d\u00e9partemental de secours et d\u2019incendie.<\/p>\n<h2><em><strong>\u00ab\u00a0Ma priorit\u00e9 \u00e9tait de m<\/strong><\/em><em><strong>\u2019assurer que personne n\u2019\u00e9tait en danger\u00a0\u00bb<\/strong><\/em><\/h2>\n<p>Il est des journ\u00e9es, des interventions qui restent marqu\u00e9es dans l\u2019esprit des militaires de la gendarmerie. Pour l\u2019adjudant Ludovic, le 4\u00a0ao\u00fbt 2022 est de celles-ci. Ce jour-l\u00e0, en effet, vers 18\u00a0heures, alors qu\u2019il est en service de pr\u00e9vention de proximit\u00e9 sur la commune de Chambonas, avec son co\u00e9quipier, le mar\u00e9chal des logis-chef (MDC) Philippe L., de la B.P. de Les Vans, et que leur service touche \u00e0 sa fin, l\u2019adjudant Ludovic aper\u00e7oit de la fum\u00e9e \u00ab\u00a0<em>\u00e9paisse et noire<\/em>\u00a0\u00bb sortir par une petite fen\u00eatre \u00e0 l\u2019\u00e9tage d\u2019une habitation en pierre. Les deux militaires garent imm\u00e9diatement leur v\u00e9hicule en s\u00e9curit\u00e9 \u00e0 proximit\u00e9 pour aller voir de quoi il retourne.<\/p>\n<p>L\u2019adjudant, chef de patrouille, demande \u00e0 son camarade d\u2019alerter imm\u00e9diatement les secours depuis le v\u00e9hicule, tandis qu\u2019il se dirige rapidement vers la maison. S\u2019apercevant alors que tout l\u2019\u00e9tage est en feu, il d\u00e9cide sans attendre d\u2019entrer dans l\u2019habitation. Il tombe nez \u00e0 nez avec la locataire des lieux, qui ne s\u2019\u00e9tait rendu compte de rien.<\/p>\n<p><em>\u00ab\u00a0Elle sentait qu\u2019il y avait quelque chose qui n\u2019allait pas, mais elle ne comprenait pas ce qui se passait\u00a0; elle n\u2019avait aucune id\u00e9e de la gravit\u00e9 de la situation, alors que l\u2019\u00e9tage \u00e9tait compl\u00e8tement en feu. Je l\u2019ai donc imm\u00e9diatement fait sortir, pour la mettre en s\u00e9curit\u00e9 aupr\u00e8s de mon camarade qui m\u2019avait rejoint\u2026 Non sans qu\u2019elle ait r\u00e9cup\u00e9r\u00e9 son chat\u00a0<\/em><em>et<\/em><em>\u00a0ses trois chatons dans l\u2019urgence,\u00a0<\/em>relate le militaire, avant de poursuivre son r\u00e9cit\u00a0:\u00a0<em>\u00ab\u00a0J\u2019aper\u00e7ois alors, non loin de nous, le propri\u00e9taire de la maison, avec qui je fais rapidement le point sur les personnes potentiellement pr\u00e9sentes dans les autres habitations de cette r\u00e9sidence, compos\u00e9e de deux maisons mitoyennes. Selon lui, personne d\u2019autre n\u2019est pr\u00e9sent \u00e0 ce moment-l\u00e0\u2026\u00a0\u00bb<\/em><\/p>\n<p>Par acquit de conscience, l\u2019adjudant se met en qu\u00eate de v\u00e9rifier par lui-m\u00eame et part \u00e0 la recherche d\u2019\u00e9ventuels occupants. Pour se rendre jusqu\u2019aux logements de la seconde maison, mitoyenne avec celle en feu, il emprunte un couloir ext\u00e9rieur, longeant de pr\u00e8s le b\u00e2timent en flammes.\u00a0<em>\u00ab\u00a0Mais \u00e0 ce moment-l\u00e0, dans l\u2019action, on n\u2019y pense pas. Ma priorit\u00e9 \u00e9tait de m\u2019assurer que personne n\u2019\u00e9tait en danger,\u00a0<\/em>note-t-il.\u00a0<em>J\u2019appelle pour savoir s\u2019il y a quelqu\u2019un. Personne ne r\u00e9pond, mais je d\u00e9cide quand m\u00eame de tester la porte. Comme celle-ci s\u2019ouvre, j\u2019entre, et dans une chambre, je trouve le locataire, qui avait travaill\u00e9 de nuit \u00e0 l\u2019h\u00f4pital, en train de dormir avec des \u00e9couteurs sur les oreilles et qui n\u2019avait rien entendu.\u00a0\u00bb<\/em><\/p>\n<p>\u00c0 peine cette seconde personne extraite de son habitation et prise en compte par le MDC Philippe, que le toit et le plancher du premier \u00e9tage de la premi\u00e8re maison s\u2019effondrent. \u00ab<em>\u00a0L\u2019incendie commen\u00e7ait \u00e0 se propager, mais les pompiers, arriv\u00e9s entre-temps, sont parvenus \u00e0 le circonscrire, \u00e9vitant ainsi que les deux maisons ne partent en fum\u00e9e. Fort heureusement, tout le monde s\u2019en sorti indemne\u00a0; seule la premi\u00e8re maison a enti\u00e8rement br\u00fbl\u00e9. Mais tout est all\u00e9 tr\u00e8s vite. On peut dire que \u00e7a s\u2019est jou\u00e9 \u00e0 quelques minutes. Si n<\/em><em>ous \u00e9tions<\/em><em>\u00a0pass\u00e9<\/em><em>s<\/em><em>\u00a05 \u00e0 10\u00a0minutes plus tard, l\u2019issue aurait pu \u00eatre dramatique. Nous nous sommes trouv\u00e9s l\u00e0 au bon moment et nous avons eu la bonne r\u00e9action en tant que primo-intervenants.\u00a0\u00bb<\/em><\/p>\n<p>Les dangers encourus lors de cette intervention, le militaire y pense, mais\u00a0<em>a posteriori\u00a0<\/em>:\u00a0<em>\u00ab\u00a0Sur le moment, on agit d\u2019instinct. M\u00eame si on \u00e9value les risques, on ne r\u00e9fl\u00e9chit pas trop, on fonce, avec pour seul objectif de porter secours au plus vite, et on occulte un peu les dangers qu\u2019il peut y avoir autour. C&rsquo;est l\u2019action, l\u2019engagement, qui prend le dessus. Finalement, on prend conscience des risques qu\u2019on a pu courir\u00a0<\/em>a posteriori<em>, une fois rentr\u00e9s au bureau, nos t\u00e2ches administratives accomplies et la tension retomb\u00e9e,\u00a0<\/em>analyse-t-il.\u00a0<em>Apr\u00e8s r\u00e9flexion, je me suis dit que le toit aurait tout aussi bien pu s\u2019effondrer quand j\u2019y \u00e9tais, que j\u2019ai pris des risques aussi en y retournant\u00a0<\/em><em>pour\u00a0<\/em><em>chercher d\u2019autres occupants \u00e9ventuels. Mais sur le coup, j\u2019ai estim\u00e9 n\u2019avoir fait que mon travail, mon devoir, ce que je pensais \u00eatre le meilleur pour tout le monde.\u00a0\u00bb<\/em><\/p>\n<p>C\u2019est donc avec le sentiment du devoir accompli et la satisfaction d\u2019avoir\u00a0<em>\u00ab\u00a0probablement sauv\u00e9 des vies, pour la premi\u00e8re fois de ma carri\u00e8re dans ces conditions\u00a0\u00bb,<\/em>\u00a0que le militaire s\u2019appr\u00eate \u00e0 monter \u00e0 Paris pour \u00eatre d\u00e9cor\u00e9.\u00a0<em>\u00ab\u00a0M\u00eame si je ne peux pas dire que j\u2019ai sauv\u00e9 la seconde personne, puisque sa maison n\u2019a pas br\u00fbl\u00e9\u00a0\u00bb<\/em>, temp\u00e8re-t-il.<\/p>\n<p>&nbsp;<\/p>\n<h2><em><strong>\u00ab\u00a0Un hommage \u00e0 tous nos camarades qui ont p<\/strong><\/em><em><strong>erdu la vie\u00a0\u00bb<\/strong><\/em><\/h2>\n<p>Pour cet acte de courage, l\u2019adjudant Ludovic se verra en effet remettre la m\u00e9daille de la gendarmerie nationale avec \u00e9toile de bronze par le g\u00e9n\u00e9ral d&rsquo;arm\u00e9e Christian Rodriguez, directeur g\u00e9n\u00e9ral de la gendarmerie, le 16\u00a0f\u00e9vrier, lors de la c\u00e9r\u00e9monie organis\u00e9e aux Invalides. Une surprise et une fiert\u00e9 pour ce militaire de 43\u00a0ans, dont plus de 23 pass\u00e9s en gendarmerie\u00a0:\u00a0<em>\u00ab\u00a0Je savais qu\u2019une demande de f\u00e9licitations avait \u00e9t\u00e9 initi\u00e9e, mais je ne m\u2019attendais pas \u00e0 une reconnaissance de ce niveau.\u00a0\u00bb\u00a0<\/em>Et d\u2019avouer humblement\u00a0:\u00a0<em>\u00ab\u00a0Jusqu\u2019\u00e0 peu, je ne savais pas \u00e0 quoi correspondait cette m\u00e9daille. Depuis, je sais qu\u2019on ne l\u2019obtient pas par hasard. C\u2019est donc une r\u00e9elle satisfaction. Cela traduit une vraie reconnaissance de notre travail&#8230;\u00a0<\/em><em>E<\/em><em>t puis \u00e7a fait toujours plaisir\u00a0!\u00a0\u00bb<\/em><\/p>\n<p>Sans compter la dimension suppl\u00e9mentaire conf\u00e9r\u00e9e par le site des Invalides et le cadre m\u00eame de la c\u00e9r\u00e9monie en hommage aux h\u00e9ros. Une importance particuli\u00e8re pour Ludovic, qui ce jour-l\u00e0 aura en effet une pens\u00e9e appuy\u00e9e pour\u00a0<a href=\"https:\/\/www.gendarmerie.interieur.gouv.fr\/gendinfo\/actualites\/2023\/les-honneurs-militaires-rendus-au-major-maximilien-maes\">son camarade de la brigade motoris\u00e9e d\u2019Aubenas, d\u00e9c\u00e9d\u00e9 dans un accident de la circulation routi\u00e8re en d\u00e9but d\u2019ann\u00e9e<\/a>. \u00ab<em>\u00a0Je ne vous cache pas qu\u2019<\/em><em>au d\u00e9but<\/em><em>\u00a0j\u2019ai h\u00e9sit\u00e9 \u00e0 me rendre \u00e0 Paris pour me faire remettre une d\u00e9coration. Mais au vu de l\u2019importance de cette m\u00e9daille et des conditions dans lesquelles elle va m\u2019\u00eatre remise, je me suis dit que c\u2019\u00e9tait un devoir d\u2019y aller, en m\u00e9moire et en hommage \u00e0 tous nos camarades qui ont perdu la vie. Beaucoup ont cette m\u00e9daille \u00e0 titre posthume. Je fais partie des chanceux qui la re\u00e7oivent\u00a0<\/em><em>sans avoir\u00a0<\/em><em>\u00e9t\u00e9 bless\u00e9. C\u2019est \u00e0 ce moment-l\u00e0 qu\u2019on mesure vraiment la dangerosit\u00e9 de notre engagement,\u00a0<\/em><em>et l<\/em><em>es cons\u00e9quences qui aurai<\/em><em>en<\/em><em>t pu d\u00e9couler de ce qui, pour nous, \u00e9tait une intervention basique.\u00a0\u00bb<\/em><\/p>\n<p>Ce moment marquant, l\u2019adjudant le partagera avec son \u00e9pouse et ses deux enfants, convi\u00e9s \u00e0 assister \u00e0 la c\u00e9r\u00e9monie, dans un geste symbolique de reconnaissance de la gendarmerie envers toutes les familles de gendarmes, qui, au quotidien, soutiennent leur engagement\u00a0:\u00a0<em>\u00ab\u00a0Ce n\u2019est pas tous les jours qu\u2019on est convi\u00e9 \u00e0 ce genre de c\u00e9r\u00e9monie. Je pense que \u00e7a peut \u00eatre un beau souvenir pour eux aussi.\u00a0\u00bb<\/em><\/p>\n<p>Source: <a href=\"https:\/\/www.gendarmerie.interieur.gouv.fr\/gendinfo\/paroles-de-gendarmes\/portraits\/heros-du-quotidien-adjudant-ludovic-decore-pour-avoir-secouru-des-personnes-dans-un-batiment-en-flammes\">gendinfo.fr<\/a><br \/>\nPhoto: \u00a9 GGD07<\/p>\n<\/div>\n","protected":false},"excerpt":{"rendered":"<p>Le 4\u00a0ao\u00fbt 2022, alors qu\u2019il est en patrouille avec son \u00e9quipier, l&rsquo;adjudant Ludovic, de la brigade de proximit\u00e9 de Saint-Paul-le-Jeune, en Ard\u00e8che, intervient sur l&rsquo;incendie d\u2019une habitation. En l&rsquo;absence des services de secours, il \u00e9vacue une femme de l\u2019appartement en feu, avant de poursuivre ses recherches et d\u2019extraire un autre r\u00e9sident qui s&rsquo;\u00e9tait endormi. Pour [&hellip;]<\/p>\n","protected":false},"author":3,"featured_media":6873,"comment_status":"open","ping_status":"open","sticky":false,"template":"","format":"standard","meta":{"_exactmetrics_skip_tracking":false,"_exactmetrics_sitenote_active":false,"_exactmetrics_sitenote_note":"","_exactmetrics_sitenote_category":0,"footnotes":""},"categories":[28],"tags":[],"class_list":["post-6872","post","type-post","status-publish","format-standard","has-post-thumbnail","hentry","category-actualites"],"_links":{"self":[{"href":"https:\/\/avenir-gendarmerie.org\/index.php\/wp-json\/wp\/v2\/posts\/6872","targetHints":{"allow":["GET"]}}],"collection":[{"href":"https:\/\/avenir-gendarmerie.org\/index.php\/wp-json\/wp\/v2\/posts"}],"about":[{"href":"https:\/\/avenir-gendarmerie.org\/index.php\/wp-json\/wp\/v2\/types\/post"}],"author":[{"embeddable":true,"href":"https:\/\/avenir-gendarmerie.org\/index.php\/wp-json\/wp\/v2\/users\/3"}],"replies":[{"embeddable":true,"href":"https:\/\/avenir-gendarmerie.org\/index.php\/wp-json\/wp\/v2\/comments?post=6872"}],"version-history":[{"count":1,"href":"https:\/\/avenir-gendarmerie.org\/index.php\/wp-json\/wp\/v2\/posts\/6872\/revisions"}],"predecessor-version":[{"id":6874,"href":"https:\/\/avenir-gendarmerie.org\/index.php\/wp-json\/wp\/v2\/posts\/6872\/revisions\/6874"}],"wp:featuredmedia":[{"embeddable":true,"href":"https:\/\/avenir-gendarmerie.org\/index.php\/wp-json\/wp\/v2\/media\/6873"}],"wp:attachment":[{"href":"https:\/\/avenir-gendarmerie.org\/index.php\/wp-json\/wp\/v2\/media?parent=6872"}],"wp:term":[{"taxonomy":"category","embeddable":true,"href":"https:\/\/avenir-gendarmerie.org\/index.php\/wp-json\/wp\/v2\/categories?post=6872"},{"taxonomy":"post_tag","embeddable":true,"href":"https:\/\/avenir-gendarmerie.org\/index.php\/wp-json\/wp\/v2\/tags?post=6872"}],"curies":[{"name":"wp","href":"https:\/\/api.w.org\/{rel}","templated":true}]}}