{"id":6875,"date":"2023-02-14T15:59:46","date_gmt":"2023-02-14T15:59:46","guid":{"rendered":"https:\/\/avenir-gendarmerie.org\/?p=6875"},"modified":"2023-02-14T15:59:46","modified_gmt":"2023-02-14T15:59:46","slug":"pollution-lumineuse-un-danger-pour-la-biodiversite-et-la-sante-humaine","status":"publish","type":"post","link":"https:\/\/avenir-gendarmerie.org\/index.php\/2023\/02\/14\/pollution-lumineuse-un-danger-pour-la-biodiversite-et-la-sante-humaine\/","title":{"rendered":"Pollution lumineuse : un danger pour la biodiversit\u00e9 et la sant\u00e9 humaine"},"content":{"rendered":"<p>Plus du tiers de la population mondiale ne voit plus la Voie lact\u00e9e la nuit. Au-del\u00e0 de ce constat alarmant, la pollution lumineuse pr\u00e9sente des dangers pour la biodiversit\u00e9 et la sant\u00e9 humaine. Comment lutter contre ce ph\u00e9nom\u00e8ne tr\u00e8s pr\u00e9sent dans les zones urbaines\u00a0?<\/p>\n<p>Une \u00e9tude de la mairie de Paris montrait qu&rsquo;en 2018, 58% des lumi\u00e8res \u00e9mises la nuit sur son territoire provenaient d&rsquo;\u00e9clairage priv\u00e9 contre 35% pour le domaine public et 7% pour les v\u00e9hicules. En revanche, sur l&rsquo;\u00eele de La R\u00e9union, l&rsquo;\u00e9clairage public repr\u00e9sentait 45,8% de l&rsquo;\u00e9clairage total.<\/p>\n<p>L&rsquo;Office parlementaire d&rsquo;\u00e9valuation des choix scientifiques et technologiques (OPECST) alerte sur les effets n\u00e9fastes de l&rsquo;<strong>\u00e9clairage artificiel nocturne<\/strong>\u00a0dans une\u00a0<a title=\"La pollution lumineuse - Note scientifique de l'Office de Mme Annick JACQUEMET, fait au nom de l'Office parlementaire d'\u00e9valuation des choix scientifiques et technologiques - S\u00e9nat - Nouvelle fen\u00eatre\" href=\"http:\/\/www.senat.fr\/notice-rapport\/2022\/r22-292-notice.html\" target=\"_blank\" rel=\"noopener\">note scientifique sur la pollution lumineuse publi\u00e9e le 26\u00a0janvier 2023<span class=\"sr-only\">(nouvelle fen\u00eatre)<\/span><\/a>.<\/p>\n<h2 class=\"h2\">Un ph\u00e9nom\u00e8ne en pleine expansion<\/h2>\n<p>D&rsquo;apr\u00e8s la note, on assiste \u00e0 une v\u00e9ritable\u00a0<strong>explosion des \u00e9missions lumineuses,<\/strong>\u00a0en particulier dans les\u00a0<strong>grandes villes<\/strong>\u00a0et les\u00a0<strong>pays industrialis\u00e9s<\/strong>, due \u00e0 la\u00a0<strong>croissance de la population mondiale<\/strong>\u00a0associ\u00e9e \u00e0 une\u00a0<strong>urbanisation toujours plus forte<\/strong>. Ce ph\u00e9nom\u00e8ne s&rsquo;est amplifi\u00e9 \u00e0 partir des\u00a0<strong>ann\u00e9es\u00a02000<\/strong>\u00a0avec le remplacement des lampes \u00e0 incandescence (ou \u00e0 d\u00e9charge) par des\u00a0<strong>LED (diodes \u00e9lectroluminescentes)<\/strong>.<br \/>\nL&rsquo;\u00e9clairage artificiel nocturne contribue non seulement au\u00a0<strong>gaspillage \u00e9nerg\u00e9tique<\/strong>\u00a0et au\u00a0<strong>changement climatique\u00a0<\/strong>mais aussi au\u00a0<strong>d\u00e9clin de la biodiversit\u00e9<\/strong>\u00a0(m\u00eame lorsque les intensit\u00e9s lumineuses sont faibles).<\/p>\n<p>Le cycle du jour et de la nuit est un \u00e9l\u00e9ment structurant pour les \u00eatres vivants. La pollution lumineuse perturbe le comportement des animaux et leurs fonctions physiologiques et m\u00e9taboliques. Elle est responsable de la mort de centaines de millions d\u2019oiseaux et de milliers de milliards d\u2019insectes chaque ann\u00e9e.<\/p>\n<p>La\u00a0<strong>lumi\u00e8re bleue<\/strong>\u00a0pr\u00e9sente en forte proportion dans les syst\u00e8mes d\u2019\u00e9clairage par LED\u00a0<strong>perturbe<\/strong>\u00a0aussi l&rsquo;<strong>horloge biologique humaine<\/strong>. Elle a des\u00a0<strong>effets nocifs sur la sant\u00e9\u00a0:<\/strong><\/p>\n<ul>\n<li>alt\u00e9ration du sommeil\u00a0;<\/li>\n<li>retard de l\u2019endormissement\u00a0;<\/li>\n<li>troubles de la m\u00e9moire, de l\u2019humeur, de l\u2019attention\u00a0;<\/li>\n<li>risques cardio-vasculaires\u00a0;<\/li>\n<li>augmentation des risques de cancer du sein et de la prostate, de diab\u00e8te ou d\u2019ob\u00e9sit\u00e9.<\/li>\n<\/ul>\n<h2 style=\"font-weight: 900;\">Lutter efficacement contre la pollution lumineuse<\/h2>\n<p>Selon l&rsquo;OPECST :\u00a0<em>\u00ab\u00a0la France a d\u00e9velopp\u00e9 une r\u00e9glementation ambitieuse pour limiter les nuisances lumineuses\u00a0\u00bb<\/em>. Cette\u00a0<b><a href=\"https:\/\/www.legifrance.gouv.fr\/jorf\/id\/JORFTEXT000037864346\">r\u00e9glementation(nouvelle fen\u00eatre)<\/a><\/b>\u00a0concerne certains \u00e9clairages ext\u00e9rieurs aussi bien publics que priv\u00e9s (parcs, jardins, parkings,\u00a0<b><a href=\"https:\/\/entreprendre.service-public.fr\/vosdroits\/F24396\">magasins, enseignes lumineuses(nouvelle fen\u00eatre)<\/a><\/b>&#8230;) qui sont interdits en dehors des horaires d&rsquo;activit\u00e9. Elle fixe aussi des\u00a0<b><strong>normes techniques\u00a0<\/strong><\/b>visant notamment \u00e0\u00a0<b><strong>ne pas \u00e9clairer le ciel ou \u00e0 limiter l\u2019\u00e9blouissement lat\u00e9ral.<\/strong><\/b>\u00a0Ces mesures ont une efficacit\u00e9 limit\u00e9e car les sanctions pr\u00e9vues en cas de non respect de la r\u00e9glementation ne sont jamais appliqu\u00e9es faute de contr\u00f4le.<\/p>\n<p>La\u00a0<b><strong>r\u00e9glementation actuelle<\/strong><\/b>\u00a0reste\u00a0<b><strong>incompl\u00e8te\u00a0:<\/strong><\/b><\/p>\n<ul>\n<li>elle ne concerne pas la voirie\u00a0;<\/li>\n<li>l&rsquo;\u00e9clairage des \u00e9v\u00e9nements ext\u00e9rieurs et des \u00e9quipements sportifs ne fait pas l\u2019objet de contraintes horaires ou techniques\u00a0;<\/li>\n<li>les exigences en mati\u00e8re de lumi\u00e8re \u00e9mise vers le ciel ne concernent actuellement que l\u2019\u00e9clairage de voirie et les parcs de stationnement.<\/li>\n<\/ul>\n<p>Pour\u00a0<b><strong>renforcer la lutte conte la pollution lumineuse,<\/strong><\/b>\u00a0la note pr\u00e9conise de\u00a0:<\/p>\n<ul>\n<li><em>\u00ab\u00a0faire respecter la r\u00e9glementation d\u00e9j\u00e0 existante\u00a0\u00bb\u00a0;<\/em><\/li>\n<li><b><strong>passer\u00a0<em>\u00ab\u00a0d&rsquo;un \u00e9clairage syst\u00e9matique \u00e0 une adaptation fine selon le contexte\u00a0\u00bb<\/em><\/strong><\/b>\u00a0en concevant l\u2019\u00e9clairage \u00e0 partir des besoins r\u00e9els des usagers ;<\/li>\n<li><em>\u00ab\u00a0compl\u00e9ter la l\u00e9gislation pour lutter contre les risques de phototoxicit\u00e9 de certaines sources lumineuses\u00a0\u00bb<\/em>.<\/li>\n<\/ul>\n<p>Source: <a href=\"https:\/\/www.vie-publique.fr\/en-bref\/288093-pollution-lumineuse-un-phenomene-massif-en-zones-urbaines\">vie-publique.fr<\/a><\/p>\n","protected":false},"excerpt":{"rendered":"<p>Plus du tiers de la population mondiale ne voit plus la Voie lact\u00e9e la nuit. Au-del\u00e0 de ce constat alarmant, la pollution lumineuse pr\u00e9sente des dangers pour la biodiversit\u00e9 et la sant\u00e9 humaine. Comment lutter contre ce ph\u00e9nom\u00e8ne tr\u00e8s pr\u00e9sent dans les zones urbaines\u00a0? Une \u00e9tude de la mairie de Paris montrait qu&rsquo;en 2018, 58% [&hellip;]<\/p>\n","protected":false},"author":3,"featured_media":6876,"comment_status":"open","ping_status":"open","sticky":false,"template":"","format":"standard","meta":{"_exactmetrics_skip_tracking":false,"_exactmetrics_sitenote_active":false,"_exactmetrics_sitenote_note":"","_exactmetrics_sitenote_category":0,"footnotes":""},"categories":[28],"tags":[],"class_list":["post-6875","post","type-post","status-publish","format-standard","has-post-thumbnail","hentry","category-actualites"],"_links":{"self":[{"href":"https:\/\/avenir-gendarmerie.org\/index.php\/wp-json\/wp\/v2\/posts\/6875","targetHints":{"allow":["GET"]}}],"collection":[{"href":"https:\/\/avenir-gendarmerie.org\/index.php\/wp-json\/wp\/v2\/posts"}],"about":[{"href":"https:\/\/avenir-gendarmerie.org\/index.php\/wp-json\/wp\/v2\/types\/post"}],"author":[{"embeddable":true,"href":"https:\/\/avenir-gendarmerie.org\/index.php\/wp-json\/wp\/v2\/users\/3"}],"replies":[{"embeddable":true,"href":"https:\/\/avenir-gendarmerie.org\/index.php\/wp-json\/wp\/v2\/comments?post=6875"}],"version-history":[{"count":1,"href":"https:\/\/avenir-gendarmerie.org\/index.php\/wp-json\/wp\/v2\/posts\/6875\/revisions"}],"predecessor-version":[{"id":6877,"href":"https:\/\/avenir-gendarmerie.org\/index.php\/wp-json\/wp\/v2\/posts\/6875\/revisions\/6877"}],"wp:featuredmedia":[{"embeddable":true,"href":"https:\/\/avenir-gendarmerie.org\/index.php\/wp-json\/wp\/v2\/media\/6876"}],"wp:attachment":[{"href":"https:\/\/avenir-gendarmerie.org\/index.php\/wp-json\/wp\/v2\/media?parent=6875"}],"wp:term":[{"taxonomy":"category","embeddable":true,"href":"https:\/\/avenir-gendarmerie.org\/index.php\/wp-json\/wp\/v2\/categories?post=6875"},{"taxonomy":"post_tag","embeddable":true,"href":"https:\/\/avenir-gendarmerie.org\/index.php\/wp-json\/wp\/v2\/tags?post=6875"}],"curies":[{"name":"wp","href":"https:\/\/api.w.org\/{rel}","templated":true}]}}