{"id":6881,"date":"2023-02-14T16:04:48","date_gmt":"2023-02-14T16:04:48","guid":{"rendered":"https:\/\/avenir-gendarmerie.org\/?p=6881"},"modified":"2023-02-14T16:05:00","modified_gmt":"2023-02-14T16:05:00","slug":"heros-du-quotidien-ladjudant-marc-et-le-marechal-des-logis-johan-sauvent-un-homme-pris-a-partie-dans-une-rixe","status":"publish","type":"post","link":"https:\/\/avenir-gendarmerie.org\/index.php\/2023\/02\/14\/heros-du-quotidien-ladjudant-marc-et-le-marechal-des-logis-johan-sauvent-un-homme-pris-a-partie-dans-une-rixe\/","title":{"rendered":"H\u00e9ros du quotidien : l\u2019adjudant Marc et le mar\u00e9chal des logis Johan sauvent un homme pris \u00e0 partie dans une rixe"},"content":{"rendered":"<div class=\"fr-text--lead ezrichtext-field\">\n<p><strong>Le 11 avril 2022, alors qu\u2019ils \u00e9taient en contr\u00f4le routier, l\u2019adjudant Marc et le mar\u00e9chal des logis Johan, affect\u00e9s \u00e0 la brigade territoriale autonome de Dinan, sont appel\u00e9s sur une altercation au sein de la commune. Violemment pris \u00e0 partie par une foule v\u00e9h\u00e9mente, ils parviennent \u00e0 secourir la victime et \u00e0 \u00e9vacuer le secteur pour la conduire \u00e0 l\u2019h\u00f4pital. Une action courageuse qui leur vaudra d\u2019\u00eatre d\u00e9cor\u00e9s le 16 f\u00e9vrier aux Invalides\u00a0: la m\u00e9daille de la gendarmerie avec \u00e9toile de bronze leur sera d\u00e9cern\u00e9e.<\/strong><\/p>\n<p>Pour l\u2019adjudant Marc et le mar\u00e9chal des logis (MDL) Johan, rien ne laissait pr\u00e9sager ce qui allait se passer cette journ\u00e9e du 11 avril. \u00ab <em>C\u2019\u00e9tait une journ\u00e9e normale, il faisait beau, on \u00e9tait en contr\u00f4le routier avec l\u2019adjudant, tout se passait bien<\/em>\u00a0!\u00a0\u00bb, explique le jeune MDL. Ils sont \u00e0 ce moment-l\u00e0 en \u00ab\u00a0PAM 3\u00a0\u00bb, donc \u00ab\u00a0premiers \u00e0 marcher\u00a0\u00bb, mais en troisi\u00e8me rideau pour les interventions. C\u2019est vers la fin du service qu\u2019ils sont appel\u00e9s \u00e0 la radio pour une rixe d\u00e9clench\u00e9e dans un des quartiers de Dinan. Ils se rendent donc sur place, le gendarme adjoint volontaire de 22 ans au volant. A l\u2019arriv\u00e9e l\u2019atmosph\u00e8re est plut\u00f4t calme, quelques groupes \u00e9parses se trouvent dans la rue. Les deux militaires recherchent donc le renseignement pour localiser les faits, ce qui est fait rapidement. Ils arrivent alors \u00e0 hauteur de la rixe, et \u00e0 partir de l\u00e0 tout bascule: \u00ab\u00a0O<em>n aper\u00e7oit un individu au sol, pris \u00e0 pa<\/em><em>rti<\/em><em>e<\/em><em>\u00a0par\u00a0<\/em><em>plusieurs autres, rou\u00e9 de co<\/em><em>up<\/em><em>s<\/em><em>\u00a0avec autour plusieurs dizaines d\u2019autres individus qui attisent la situation<\/em>, explique le chef de patrouille.\u00a0<em>On sort du v\u00e9hicule, tout de suite mon camarade fait usage du conteneur lacrymog\u00e8ne<\/em><em>afin de<\/em><em>disperser cette foule et nous permettre d\u2019acc\u00e9der \u00e0 la victime pour l\u2019extraire, et le cas \u00e9ch\u00e9ant porter les soins n\u00e9cessaires \u00e0 son \u00e9tat<\/em>.\u00a0\u00bb Cependant les choses ne s\u2019arr\u00eatent pas l\u00e0 car le jeune gendarme adjoint volontaire a vu un autre danger\u00a0: \u00ab\u00a0<em>Je m\u2019approche d\u2019eux et r\u00e9alise que l\u2019un des assaillants est porteur d\u2019un couteau dans le dos, le deuxi\u00e8me individu, qui \u00e9tait parti \u00e0 notre arriv\u00e9e, revient et pointe un couteau en direction de l\u2019adjudant\u00a0<\/em>\u00bb. R\u00e9fl\u00e9chissant \u00e0 toute vitesse sur la meilleure solution \u00e0 apporter, avec beaucoup de lucidit\u00e9, le mar\u00e9chal des logis Johan finit par utiliser le conteneur lacrymog\u00e8ne grande capacit\u00e9 pour \u00e9carter les agresseurs. Mais le grad\u00e9 se retrouve dans la trajectoire du jet de gaz, rendant un peu plus difficile sa progression. N\u00e9anmoins il parvient \u00e0 en distinguer suffisamment pour se porter \u00e0 hauteur de la victime avec son camarade, afin de le transporter dans le v\u00e9hicule de service.<\/p>\n<\/div>\n<div class=\"ezrichtext-field\">\n<p><strong>Une extraction sous le signe de l\u2019urgence<\/strong><\/p>\n<p>La difficult\u00e9 monte alors d\u2019un cran car les individus qui attisaient la bagarre se ruent sur eux\u00a0: tout en usant de gaz lacrymog\u00e8ne, le jeune militaire \u00e9change quelques coups avec eux pour se d\u00e9gager et les repousser. Mais impossible de quitter les lieux, explique l\u2019adjudant Marc \u00ab\u00a0<em>le v\u00e9hicule est assailli, c\u2019est une vraie foule qui arrive de toutes parts pour nous emp\u00eacher de partir, et donne des coups de pieds et coups de poings sur la carrosserie<\/em>\u00a0\u00bb. L\u2019un des assaillants emp\u00eache le MDL Johan de fermer la porte, le tire par le bras, alors que celui-ci essaye \u00e0 la fois de red\u00e9marrer et de tenir la porti\u00e8re tant bien que mal. Il finit par r\u00e9ussir \u00e0 \u00e9vacuer les lieux malgr\u00e9 ce d\u00e9ferlement de violence, faisant appel \u00e0 toute sa volont\u00e9 \u00ab\u00a0<em>je ne voyais plus rien tellement il y avait d<\/em><em>e<\/em><em>s<\/em><em>\u00a0gen<\/em><em>s sur la voiture, ils nous jetaient tout ce qu\u2019ils pouvaient\u00a0<\/em>\u00bb, ajoute le jeune militaire. La patrouille se rend alors imm\u00e9diatement \u00e0 l\u2019h\u00f4pital afin de faire examiner la victime. Le tout a dur\u00e9 moins de cinq minutes.<\/p>\n<p>Pendant ce temps l\u00e0, les renforts arriv\u00e9s sur les lieux s\u00e9curisent la zone et le calme est r\u00e9tabli. Une fois les soins effectu\u00e9s, les deux militaires accompagnent la victime jusqu\u2019\u00e0 chez elle afin de r\u00e9cup\u00e9rer quelques affaires et repartir avec un membre de sa famille.<\/p>\n<p><strong>\u00ab\u00a0J\u2019ai fait ce que j\u2019avais \u00e0 faire\u00a0\u00bb<\/strong><\/p>\n<p>Bien que frapp\u00e9s par une mont\u00e9e en puissance soudaine de violence, l\u2019adjudant et le mar\u00e9chal des logis ont su imm\u00e9diatement avoir les bon r\u00e9flexes et adopter les bons gestes pour porter secours \u00e0 la victime et se sortir de la situation. \u00ab<em>\u00a0Je reste convaincu qu\u2019on a eu la bonne attitude. \u00c7a a \u00e9t\u00e9 tr\u00e8s rapide, on voit la victime qui se fait rouer de coups sur place, il n\u2019y a m\u00eame pas \u00e0 r\u00e9fl\u00e9chir.\u00a0<\/em><em>On ne pouvait pas attendre de renforts, il fallait y aller<\/em><em>\u00a0<\/em><em>[&#8230;]<\/em><em>Le seul moyen de force interm\u00e9<\/em><em>d<\/em><em>iai<\/em><em>r<\/em><em>e qu\u2019on pouvait utiliser \u00e9tait le conteneur lacrymog\u00e8ne,\u00a0<\/em><em>\u00e9ventuellement le taser. On a su adapter la gr<\/em><em>adatio<\/em><em>n de la force et<\/em><em>Johan<\/em><em>\u00a0a<\/em><em>\u00a0eu les bons r\u00e9flexes.<\/em>\u00bb, ajoute le grad\u00e9 de 47 ans. Son jeune camarade rench\u00e9rit \u00ab\u00a0<em>Si je devais recommencer je le ferai. J\u2019ai fai<\/em><em>t<\/em><em>\u00a0ce que j\u2019avais \u00e0 faire et c\u2019est tout\u00a0<\/em>\u00bb. Cette r\u00e9action va de pair avec l\u2019une des raisons principales de leur choix de carri\u00e8re\u00a0: aider les gens, porter assistance \u00e0 la population. Et ce parfois au p\u00e9ril de sa vie ou de son int\u00e9grit\u00e9.<\/p>\n<p><strong>D\u00e9cor\u00e9s le 16 f\u00e9vrier comme h\u00e9ros du quotidien<\/strong><\/p>\n<p>L\u2019adjudant Marc et le mar\u00e9chal des logis Johan seront d\u00e9cor\u00e9s pour leur action le 16 f\u00e9vrier, jour o\u00f9 la gendarmerie honore ses h\u00e9ros du quotidien. La m\u00e9daille de la gendarmerie avec \u00e9toile de bronze leur sera remise, au premier par le ministre de l\u2019Int\u00e9rieur et des Outre-mer, G\u00e9rald Darmanin, au second par le ministre des Arm\u00e9es, S\u00e9bastien Lecornu. L\u2019adjudant reconna\u00eet que c\u2019est une fiert\u00e9 \u00ab<em>\u00a0je ne m\u2019y attendais pas, c\u2019est agr\u00e9able de voir son travail f\u00e9licit\u00e9. \u00c7a nous conforte aussi dans le fait d\u2019avoir bien agi sur cette intervention, car on se pose toujours la question a posteriori,\u00a0<\/em>tout en soulignant le travail d\u2019\u00e9quipe,\u00a0<em>je suis tr\u00e8s fier de mon camarade, je lui dois beaucoup\u00a0<\/em>\u00bb. Quant au jeune MDL, qui a int\u00e9gr\u00e9 la gendarmerie d\u00e8s qu\u2019il l\u2019a pu et a r\u00e9ussi le concours de sous-officier, il a encore du mal \u00e0 r\u00e9aliser\u00a0: \u00ab\u00a0<em>je ne suis pas quelqu\u2019un qui fait les choses pour les r\u00e9compenses, je ne m\u2019y attendais pas. Bien s\u00fbr je suis fier\u00a0!<\/em>\u00a0\u00bb.<\/p>\n<p>Source: <a href=\"https:\/\/www.gendarmerie.interieur.gouv.fr\/gendinfo\/paroles-de-gendarmes\/portraits\/heros-du-quotidien-l-adjudant-marc-et-le-marechal-des-logis-johan-sauvent-un-homme-pris-a-partie-dans-une-rixe\">gendinfo.fr<\/a><\/p>\n<\/div>\n","protected":false},"excerpt":{"rendered":"<p>Le 11 avril 2022, alors qu\u2019ils \u00e9taient en contr\u00f4le routier, l\u2019adjudant Marc et le mar\u00e9chal des logis Johan, affect\u00e9s \u00e0 la brigade territoriale autonome de Dinan, sont appel\u00e9s sur une altercation au sein de la commune. Violemment pris \u00e0 partie par une foule v\u00e9h\u00e9mente, ils parviennent \u00e0 secourir la victime et \u00e0 \u00e9vacuer le secteur [&hellip;]<\/p>\n","protected":false},"author":3,"featured_media":6882,"comment_status":"open","ping_status":"open","sticky":false,"template":"","format":"standard","meta":{"_exactmetrics_skip_tracking":false,"_exactmetrics_sitenote_active":false,"_exactmetrics_sitenote_note":"","_exactmetrics_sitenote_category":0,"footnotes":""},"categories":[28],"tags":[],"class_list":["post-6881","post","type-post","status-publish","format-standard","has-post-thumbnail","hentry","category-actualites"],"_links":{"self":[{"href":"https:\/\/avenir-gendarmerie.org\/index.php\/wp-json\/wp\/v2\/posts\/6881","targetHints":{"allow":["GET"]}}],"collection":[{"href":"https:\/\/avenir-gendarmerie.org\/index.php\/wp-json\/wp\/v2\/posts"}],"about":[{"href":"https:\/\/avenir-gendarmerie.org\/index.php\/wp-json\/wp\/v2\/types\/post"}],"author":[{"embeddable":true,"href":"https:\/\/avenir-gendarmerie.org\/index.php\/wp-json\/wp\/v2\/users\/3"}],"replies":[{"embeddable":true,"href":"https:\/\/avenir-gendarmerie.org\/index.php\/wp-json\/wp\/v2\/comments?post=6881"}],"version-history":[{"count":2,"href":"https:\/\/avenir-gendarmerie.org\/index.php\/wp-json\/wp\/v2\/posts\/6881\/revisions"}],"predecessor-version":[{"id":6884,"href":"https:\/\/avenir-gendarmerie.org\/index.php\/wp-json\/wp\/v2\/posts\/6881\/revisions\/6884"}],"wp:featuredmedia":[{"embeddable":true,"href":"https:\/\/avenir-gendarmerie.org\/index.php\/wp-json\/wp\/v2\/media\/6882"}],"wp:attachment":[{"href":"https:\/\/avenir-gendarmerie.org\/index.php\/wp-json\/wp\/v2\/media?parent=6881"}],"wp:term":[{"taxonomy":"category","embeddable":true,"href":"https:\/\/avenir-gendarmerie.org\/index.php\/wp-json\/wp\/v2\/categories?post=6881"},{"taxonomy":"post_tag","embeddable":true,"href":"https:\/\/avenir-gendarmerie.org\/index.php\/wp-json\/wp\/v2\/tags?post=6881"}],"curies":[{"name":"wp","href":"https:\/\/api.w.org\/{rel}","templated":true}]}}