{"id":775,"date":"2018-01-12T09:02:16","date_gmt":"2018-01-12T09:02:16","guid":{"rendered":"http:\/\/avenir-gendarmerie.org\/?p=775"},"modified":"2018-01-12T09:02:48","modified_gmt":"2018-01-12T09:02:48","slug":"les-gestes-qui-sauvent","status":"publish","type":"post","link":"https:\/\/avenir-gendarmerie.org\/index.php\/2018\/01\/12\/les-gestes-qui-sauvent\/","title":{"rendered":"Les gestes qui sauvent"},"content":{"rendered":"<p class=\"p1\"><span class=\"s1\">Apr\u00e8s les attentats de novembre 2015, de nombreux Fran\u00e7ais ont exprim\u00e9 le souhait de conna\u00eetre les gestes utiles pour sauver des vies. La campagne \u00ab\u00a0Adoptons les comportements qui sauvent\u00a0\u00bb a \u00e9t\u00e9 d\u00e9cr\u00e9t\u00e9e Grande Cause nationale en septembre 2016,<\/span><\/p>\n<p class=\"p3\"><span class=\"s1\">Pour r\u00e9pondre \u00e0 cette demande, le minist\u00e8re de l\u2019Int\u00e9rieur avec l\u2019ensemble des acteurs du secours et en partenariat avec l\u2019\u00c9ducation nationale, organise des s\u00e9ances d\u2019initiation de 2 heures. Au cours de ces sessions gratuites, <a href=\"https:\/\/www.interieur.gouv.fr\/A-votre-service\/Ma-securite\/Les-gestes-qui-sauvent\/Le-programme-de-l-initiation-aux-gestes-de-premiers-secours\"><span class=\"s2\">certains gestes de premiers secours<\/span><\/a> seront enseign\u00e9s\u00a0: alerter les secours, masser, d\u00e9fibriller et traiter les h\u00e9morragies.<\/span><\/p>\n<p class=\"p1\"><span class=\"s1\"><b>S&rsquo;initier aux gestes essentiels du secours d&rsquo;urgence<\/b><\/span><\/p>\n<p class=\"p2\"><span class=\"s1\">Ces gestes peuvent \u00eatre pratiqu\u00e9s lors d\u2019accidents de la vie quotidienne ou de situations exceptionnelles comme les \u00e9v\u00e9nements tragiques du 13 novembre 2015 \u00e0 Paris ou encore du 14 juillet 2016 \u00e0 Nice.<\/span><\/p>\n<p class=\"p2\"><span class=\"s1\">Ces sessions sont organis\u00e9es sur l\u2019ensemble du territoire fran\u00e7ais. Elles ne donnent pas lieu \u00e0 la d\u00e9livrance d\u2019un dipl\u00f4me mais chaque participant recevra une attestation d\u00e9livr\u00e9e par le formateur au nom du pr\u00e9fet.<\/span><\/p>\n<p class=\"p2\"><span class=\"s1\">Depuis le 1<\/span><span class=\"s2\"><sup>er<\/sup><\/span><span class=\"s1\"> f\u00e9vrier 2016, les personnes int\u00e9ress\u00e9es peuvent s\u2019inscrire via le site Internet de leur pr\u00e9fecture de d\u00e9partement (carte <a href=\"https:\/\/www.interieur.gouv.fr\/A-votre-service\/Ma-securite\/Les-gestes-qui-sauvent\">ici<\/a>).<\/span><\/p>\n<p>Source: <a href=\"https:\/\/www.interieur.gouv.fr\/A-votre-service\/Ma-securite\/Les-gestes-qui-sauvent\">www.interieur.gouv.fr<\/a> \/ Cr\u00e9dits photos: \u00a9 D.R.<\/p>\n","protected":false},"excerpt":{"rendered":"<p>Apr\u00e8s les attentats de novembre 2015, de nombreux Fran\u00e7ais ont exprim\u00e9 le souhait de conna\u00eetre les gestes utiles pour sauver des vies. La campagne \u00ab\u00a0Adoptons les comportements qui sauvent\u00a0\u00bb a \u00e9t\u00e9 d\u00e9cr\u00e9t\u00e9e Grande Cause nationale en septembre 2016, Pour r\u00e9pondre \u00e0 cette demande, le minist\u00e8re de l\u2019Int\u00e9rieur avec l\u2019ensemble des acteurs du secours et en [&hellip;]<\/p>\n","protected":false},"author":3,"featured_media":776,"comment_status":"open","ping_status":"open","sticky":false,"template":"","format":"standard","meta":{"_exactmetrics_skip_tracking":false,"_exactmetrics_sitenote_active":false,"_exactmetrics_sitenote_note":"","_exactmetrics_sitenote_category":0,"footnotes":""},"categories":[28],"tags":[],"class_list":["post-775","post","type-post","status-publish","format-standard","has-post-thumbnail","hentry","category-actualites"],"_links":{"self":[{"href":"https:\/\/avenir-gendarmerie.org\/index.php\/wp-json\/wp\/v2\/posts\/775","targetHints":{"allow":["GET"]}}],"collection":[{"href":"https:\/\/avenir-gendarmerie.org\/index.php\/wp-json\/wp\/v2\/posts"}],"about":[{"href":"https:\/\/avenir-gendarmerie.org\/index.php\/wp-json\/wp\/v2\/types\/post"}],"author":[{"embeddable":true,"href":"https:\/\/avenir-gendarmerie.org\/index.php\/wp-json\/wp\/v2\/users\/3"}],"replies":[{"embeddable":true,"href":"https:\/\/avenir-gendarmerie.org\/index.php\/wp-json\/wp\/v2\/comments?post=775"}],"version-history":[{"count":2,"href":"https:\/\/avenir-gendarmerie.org\/index.php\/wp-json\/wp\/v2\/posts\/775\/revisions"}],"predecessor-version":[{"id":778,"href":"https:\/\/avenir-gendarmerie.org\/index.php\/wp-json\/wp\/v2\/posts\/775\/revisions\/778"}],"wp:featuredmedia":[{"embeddable":true,"href":"https:\/\/avenir-gendarmerie.org\/index.php\/wp-json\/wp\/v2\/media\/776"}],"wp:attachment":[{"href":"https:\/\/avenir-gendarmerie.org\/index.php\/wp-json\/wp\/v2\/media?parent=775"}],"wp:term":[{"taxonomy":"category","embeddable":true,"href":"https:\/\/avenir-gendarmerie.org\/index.php\/wp-json\/wp\/v2\/categories?post=775"},{"taxonomy":"post_tag","embeddable":true,"href":"https:\/\/avenir-gendarmerie.org\/index.php\/wp-json\/wp\/v2\/tags?post=775"}],"curies":[{"name":"wp","href":"https:\/\/api.w.org\/{rel}","templated":true}]}}