{"id":8283,"date":"2024-04-25T14:19:16","date_gmt":"2024-04-25T14:19:16","guid":{"rendered":"https:\/\/avenir-gendarmerie.org\/?p=8283"},"modified":"2024-04-25T14:19:16","modified_gmt":"2024-04-25T14:19:16","slug":"la-tournee-des-drapeaux-franchit-les-grilles-de-la-place-beauvau","status":"publish","type":"post","link":"https:\/\/avenir-gendarmerie.org\/index.php\/2024\/04\/25\/la-tournee-des-drapeaux-franchit-les-grilles-de-la-place-beauvau\/","title":{"rendered":"La tourn\u00e9e des drapeaux franchit les grilles de la place Beauvau"},"content":{"rendered":"<div class=\"fr-text--lead ezrichtext-field\">\n<p><strong>Mardi 23\u00a0avril, \u00e0\u00a0<\/strong><strong>quinze\u00a0<\/strong><strong>jours de l\u2019arriv\u00e9e de la\u00a0<\/strong><strong>F<\/strong><strong>lamme \u00e0 Marseille, les drapeaux des Jeux Olympiques\u00a0<\/strong><strong>et<\/strong><strong>\u00a0Paralympiques de Paris 2024 ont \u00e9t\u00e9 accueillis au minist\u00e8re de l\u2019Int\u00e9rieur et des Outre-mer, dans le cadre de leur tourn\u00e9e dans toute la France.<\/strong><\/p>\n<\/div>\n<div class=\"ezrichtext-field\">\n<p>Arriv\u00e9s \u00e0 l\u2019\u00e9t\u00e9 2021 \u00e0 Paris, apr\u00e8s les Jeux de Tokyo, les deux drapeaux des Jeux Olympiques et Paralympiques, rejoints par celui de Paris 2024, ont entam\u00e9, le 6\u00a0septembre 2021, une grande tourn\u00e9e, \u00ab\u00a0avec la volont\u00e9 d\u2019embarquer toute la France\u00a0\u00bb, comme l\u2019a rappel\u00e9 Tony Estanguet, le pr\u00e9sident du Comit\u00e9 d&rsquo;organisation des Jeux Olympiques de Paris 2024 (COJOP), lors de l\u2019\u00e9tape qui a eu lieu ce mardi 23\u00a0avril 2024, au minist\u00e8re de l\u2019Int\u00e9rieur et des Outre-mer. Il est dans les usages que ces drapeaux demeurent dans la future ville h\u00f4te des Jeux. Mais Paris\u00a02024 et la Ville de Paris ont souhait\u00e9 les partager avec les collectivit\u00e9s qui accueilleront des \u00e9preuves, ainsi qu\u2019avec les administrations et les acteurs publics et sportifs.<\/p>\n<h2>Hugues Duboscq, porte-drapeau pour la gendarmerie<\/h2>\n<p>Mardi 23\u00a0avril, les trois drapeaux ont donc franchi les grilles de la place Beauvau, port\u00e9s par trois repr\u00e9sentants des agents du minist\u00e8re, membres de la gendarmerie et de la police nationales et des sapeurs-pompiers, pour faire leur entr\u00e9e dans la cour d\u2019honneur, inond\u00e9e de soleil pour l\u2019occasion.<\/p>\n<div class=\"attribute-image embed my-4\">\n<p>La gendarmerie avait d\u00e9sign\u00e9 le mar\u00e9chal des logis-chef Hugues Duboscq pour remplir ce r\u00f4le, lui qui est \u00e0 la fois un ancien sportif de haut niveau de la D\u00e9fense, m\u00e9daill\u00e9 de bronze \u00e0 trois reprises, aux Jeux d\u2019Ath\u00e8nes, puis de P\u00e9kin, et aujourd\u2019hui gendarme de carri\u00e8re, actuellement plongeur au Peloton de s\u00fbret\u00e9 maritime et portuaire du\u00a0Havre.\u00a0<em>\u00ab\u00a0Porter ce drapeau aujourd\u2019hui, cela combine les deux aspects les plus importants de ma vie, souligne-t-il. C\u2019est agr\u00e9able, \u00e7a rappelle de bons souvenirs, et le fait de repr\u00e9senter la gendarmerie, \u00e7a fait quelque chose\u00a0!\u00a0\u00bb<\/em>\u00a0Hugues sera \u00e9galement relayeur de la flamme, le 5\u00a0juillet prochain, lors de son passage en Seine-Maritime.<em>\u00a0\u00ab\u00a0Pouvoir porter ces deux symboles olympiques que sont le drapeau et la Flamme, c\u2019est un sentiment vraiment fort.\u00a0\u00bb<\/em><\/p>\n<h2>45\u00a0000 gendarmes et policiers le 26\u00a0juillet<\/h2>\n<p>En pr\u00e9sence du g\u00e9n\u00e9ral de division Laurent Ph\u00e9lip, charg\u00e9 de mission aupr\u00e8s du Directeur g\u00e9n\u00e9ral de la gendarmerie nationale (DGGN), en charge des grands \u00e9v\u00e9nements et des Jeux Olympiques et Paralympiques de Paris 2024, et du Directeur g\u00e9n\u00e9ral de la police nationale (DGPN), Fr\u00e9d\u00e9ric Veaux, le ministre de l\u2019Int\u00e9rieur et des Outre-mer, G\u00e9rald Darmanin, a indiqu\u00e9 que cet \u00e9t\u00e9 2024 serait\u00a0<em>\u00ab\u00a0un \u00e9t\u00e9 de fiert\u00e9 et de f\u00eate, un \u00e9t\u00e9 de c\u00e9l\u00e9brations partout en France. Et c\u2019est \u00e0 vous, policiers, gendarmes, agents des pr\u00e9fectures, sapeurs-pompiers et acteurs de la s\u00e9curit\u00e9 civile qu\u2019a \u00e9t\u00e9 confi\u00e9e la s\u00e9curit\u00e9 de ces Jeux. Pour qu\u2019ils soient une r\u00e9ussite, comme l\u2019a \u00e9t\u00e9 la coupe du Monde de rugby, nous avons pr\u00e9vu un dispositif de s\u00e9curit\u00e9 sans \u00e9gal. Nous seront pr\u00eats comme nous le sommes d\u00e9j\u00e0.\u00a0\u00bb<\/em><\/p>\n<div class=\"ezrichtext-field\">\n<p>Le ministre a rappel\u00e9 que 200 gendarmes et policiers constitueront une bulle de s\u00e9curit\u00e9 autour de la Flamme olympique, d\u00e8s son arriv\u00e9e le 8\u00a0mai sur le Vieux-Port de Marseille, puis pendant toute la dur\u00e9e du Relais, et que 45\u00a0000 gendarmes et policiers assureront la s\u00e9curit\u00e9 des 10\u00a0500 athl\u00e8tes, des 150 chefs d\u2019\u00c9tat et de gouvernement et des quelque 600\u00a0000 spectateurs, le 26\u00a0juillet 2024, lors de la c\u00e9r\u00e9monie d\u2019ouverture sur la Seine.<\/p>\n<p>G\u00e9rald Darmanin a \u00e9galement salu\u00e9 l\u2019engagement des sportifs de la gendarmerie et de la police, avant d\u2019adresser un clin d\u2019\u0153il \u00e0 Tony Estanguet\u00a0: \u00ab\u00a0Pour que ces Jeux Olympiques et Paralympiques soient une r\u00e9ussite, il faudra de la s\u00e9curit\u00e9 et des m\u00e9dailles. Nous nous occupons de la s\u00e9curit\u00e9, cher Tony, occupez-vous des m\u00e9dailles\u00a0!\u00a0\u00bb<\/p>\n<\/div>\n<div class=\"twitterembed-canvas\" data-width=\"500\" data-align=\"\">Source: gendinfo.fr<\/div>\n<\/div>\n<\/div>\n","protected":false},"excerpt":{"rendered":"<p>Mardi 23\u00a0avril, \u00e0\u00a0quinze\u00a0jours de l\u2019arriv\u00e9e de la\u00a0Flamme \u00e0 Marseille, les drapeaux des Jeux Olympiques\u00a0et\u00a0Paralympiques de Paris 2024 ont \u00e9t\u00e9 accueillis au minist\u00e8re de l\u2019Int\u00e9rieur et des Outre-mer, dans le cadre de leur tourn\u00e9e dans toute la France. Arriv\u00e9s \u00e0 l\u2019\u00e9t\u00e9 2021 \u00e0 Paris, apr\u00e8s les Jeux de Tokyo, les deux drapeaux des Jeux Olympiques et [&hellip;]<\/p>\n","protected":false},"author":3,"featured_media":8284,"comment_status":"closed","ping_status":"closed","sticky":false,"template":"","format":"standard","meta":{"_exactmetrics_skip_tracking":false,"_exactmetrics_sitenote_active":false,"_exactmetrics_sitenote_note":"","_exactmetrics_sitenote_category":0,"footnotes":""},"categories":[28],"tags":[],"class_list":["post-8283","post","type-post","status-publish","format-standard","has-post-thumbnail","hentry","category-actualites"],"_links":{"self":[{"href":"https:\/\/avenir-gendarmerie.org\/index.php\/wp-json\/wp\/v2\/posts\/8283","targetHints":{"allow":["GET"]}}],"collection":[{"href":"https:\/\/avenir-gendarmerie.org\/index.php\/wp-json\/wp\/v2\/posts"}],"about":[{"href":"https:\/\/avenir-gendarmerie.org\/index.php\/wp-json\/wp\/v2\/types\/post"}],"author":[{"embeddable":true,"href":"https:\/\/avenir-gendarmerie.org\/index.php\/wp-json\/wp\/v2\/users\/3"}],"replies":[{"embeddable":true,"href":"https:\/\/avenir-gendarmerie.org\/index.php\/wp-json\/wp\/v2\/comments?post=8283"}],"version-history":[{"count":1,"href":"https:\/\/avenir-gendarmerie.org\/index.php\/wp-json\/wp\/v2\/posts\/8283\/revisions"}],"predecessor-version":[{"id":8285,"href":"https:\/\/avenir-gendarmerie.org\/index.php\/wp-json\/wp\/v2\/posts\/8283\/revisions\/8285"}],"wp:featuredmedia":[{"embeddable":true,"href":"https:\/\/avenir-gendarmerie.org\/index.php\/wp-json\/wp\/v2\/media\/8284"}],"wp:attachment":[{"href":"https:\/\/avenir-gendarmerie.org\/index.php\/wp-json\/wp\/v2\/media?parent=8283"}],"wp:term":[{"taxonomy":"category","embeddable":true,"href":"https:\/\/avenir-gendarmerie.org\/index.php\/wp-json\/wp\/v2\/categories?post=8283"},{"taxonomy":"post_tag","embeddable":true,"href":"https:\/\/avenir-gendarmerie.org\/index.php\/wp-json\/wp\/v2\/tags?post=8283"}],"curies":[{"name":"wp","href":"https:\/\/api.w.org\/{rel}","templated":true}]}}