{"id":8290,"date":"2024-04-30T09:03:39","date_gmt":"2024-04-30T09:03:39","guid":{"rendered":"https:\/\/avenir-gendarmerie.org\/?p=8290"},"modified":"2024-04-30T09:03:39","modified_gmt":"2024-04-30T09:03:39","slug":"rechauffement-climatique-deux-fois-plus-rapide-en-europe-que-dans-le-reste-du-monde","status":"publish","type":"post","link":"https:\/\/avenir-gendarmerie.org\/index.php\/2024\/04\/30\/rechauffement-climatique-deux-fois-plus-rapide-en-europe-que-dans-le-reste-du-monde\/","title":{"rendered":"R\u00e9chauffement climatique : deux fois plus rapide en Europe que dans le reste du monde"},"content":{"rendered":"<p class=\"fr-text--lead vp-page-chapo\"><span class=\"field field--name-field-chapo field--type-string-long field--label-hidden field__item\">Depuis les ann\u00e9es 1980, le climat europ\u00e9en s&rsquo;est r\u00e9chauff\u00e9 deux fois plus vite que dans le reste du monde. Plusieurs facteurs y ont concouru notamment sa proximit\u00e9 avec l&rsquo;Arctique qui conna\u00eet un fort r\u00e9chauffement. Le programme europ\u00e9en Copernicus fait le bilan de l&rsquo;ann\u00e9e 2023 avec l&rsquo;Organisation m\u00e9t\u00e9orologique mondiale (OMM).<\/span><\/p>\n<div class=\"vp-page-content\">\n<div class=\"field field--name-field-paragraphe field--type-entity-reference-revisions field--label-hidden field__items\">\n<div class=\"field__item\">\n<div class=\"paragraph paragraph--type--paragraphe paragraph--view-mode--default\">\n<div class=\"field field--name-field-corps-de-texte field--type-text-long field--label-hidden field__item\">\n<p data-once=\"ldf_glossary_highlight_words\">L&rsquo;Europe a connu, depuis 2020, ses trois ann\u00e9es les plus chaudes jamais enregistr\u00e9es (dix depuis 2007). Le continent a subi \u00e9galement en 2023 de nombreux ph\u00e9nom\u00e8nes m\u00e9t\u00e9orologiques extr\u00eames, entre s\u00e9cheresses, canicules, incendies, temp\u00eates et inondations. C&rsquo;est ce que souligne notamment le\u00a0<a title=\"Rapport 2023 du programme europ\u00e9en Copernicus (langue anglaise) - Copernicus - Nouvelle fen\u00eatre\" href=\"https:\/\/climate.copernicus.eu\/esotc\/2023\" target=\"_blank\" rel=\"noopener\">rapport 2023 du programme europ\u00e9en Copernicus<\/a>\u00a0publi\u00e9 le 22 avril 2024.<\/p>\n<p data-once=\"ldf_glossary_highlight_words\">Les pertes \u00e9conomiques en Europe sont estim\u00e9es \u00e0 13,4\u00a0milliards d&rsquo;euros, dont 81% dus aux inondations, qui ont affect\u00e9 1,6\u00a0million de personnes et sont responsables de la mort de 44\u00a0personnes.<\/p>\n<\/div>\n<\/div>\n<\/div>\n<div class=\"field__item\">\n<div class=\"paragraph paragraph--type--paragraphe paragraph--view-mode--default\">\n<h2 id=\"_023-deuxi\u00e8me-ann\u00e9e-la-plus-chaude-jamais-enregistr\u00e9e-en-europe\" class=\"h2\" tabindex=\"-1\">2023, deuxi\u00e8me ann\u00e9e la plus chaude jamais enregistr\u00e9e en Europe<\/h2>\n<div class=\"field field--name-field-corps-de-texte field--type-text-long field--label-hidden field__item\">\n<p data-once=\"ldf_glossary_highlight_words\">Avec 1\u00a0\u00b0C au-dessus de la moyenne et\u00a0<strong>2,6\u00a0\u00b0C au-dessus des niveaux pr\u00e9industriels<\/strong>, l&rsquo;Europe a connu en\u00a0<strong>2023 la deuxi\u00e8me ann\u00e9e la plus chaude jamais enregistr\u00e9e<\/strong>, derri\u00e8re 2020. \u00c0 l&rsquo;exception de la Scandinavie, de l&rsquo;Islande et d&rsquo;une partie du Groenland, presque tout le continent a connu des\u00a0<strong>temp\u00e9ratures sup\u00e9rieures \u00e0 la moyenne sur l&rsquo;ensemble de l&rsquo;ann\u00e9e<\/strong>.<\/p>\n<p data-once=\"ldf_glossary_highlight_words\">L&rsquo;Arctique europ\u00e9en a connu son deuxi\u00e8me automne le plus chaud et un\u00a0<strong>mois de novembre jusqu&rsquo;\u00e0 6\u00a0\u00b0C au-dessus de la moyenne<\/strong>.<\/p>\n<p data-once=\"ldf_glossary_highlight_words\">Un nombre record de jours de\u00a0<strong>stress thermique extr\u00eame<\/strong>\u00a0a \u00e9t\u00e9 enregistr\u00e9, durant lesquels la temp\u00e9rature ressentie a \u00e9t\u00e9 sup\u00e9rieure \u00e0\u00a0<strong>46\u00a0\u00b0C<\/strong>. Le 23\u00a0juillet 2023, 41% du sud de l&rsquo;Europe a connu un stress thermique \u00ab\u00a0<em>fort<\/em>\u00ab\u00a0, \u00ab\u00a0<em>tr\u00e8s fort<\/em>\u00a0\u00bb ou \u00ab\u00a0<em>extr\u00eame<\/em>\u00ab\u00a0.<\/p>\n<p data-once=\"ldf_glossary_highlight_words\">Le rapport souligne que l&rsquo;Europe se r\u00e9chauffe deux fois plus vite que la moyenne plan\u00e9taire.<\/p>\n<h2 id=\"r\u00e9chauffement-des-temp\u00e9ratures-de-surface-des-mers\" class=\"h2\" tabindex=\"-1\">R\u00e9chauffement des temp\u00e9ratures de surface des mers<\/h2>\n<div class=\"field field--name-field-corps-de-texte field--type-text-long field--label-hidden field__item\">\n<p data-once=\"ldf_glossary_highlight_words\">En 2023, la\u00a0<strong>temp\u00e9rature de la surface de la mer (SST)<\/strong>\u00a0a \u00e9t\u00e9 la\u00a0<strong>plus chaude jamais enregistr\u00e9e<\/strong>, de 0,55\u00a0\u00b0C au-dessus de la moyenne pour les oc\u00e9ans europ\u00e9ens, avec des\u00a0<strong>pics \u00e0 5,5\u00a0\u00b0C au-del\u00e0 de la moyenne<\/strong>. Ces SST ont \u00e9t\u00e9 bien sup\u00e9rieures \u00e0 la moyenne de mai \u00e0 octobre, dans l&rsquo;Atlantique, avec la plus grande anomalie mensuelle jamais enregistr\u00e9e en juin.<\/p>\n<p data-once=\"ldf_glossary_highlight_words\">L&rsquo;oc\u00e9an a un r\u00f4le crucial dans la r\u00e9gulation du climat, car il absorbe\u00a0<strong>90% de l&rsquo;exc\u00e8s de chaleur<\/strong>, d\u00fb principalement aux \u00e9missions de gaz \u00e0 effet de serre (GES) d&rsquo;origine humaine.<\/p>\n<p data-once=\"ldf_glossary_highlight_words\">L&rsquo;\u00e9volution du niveau moyen de la mer est un indicateur essentiel de l&rsquo;\u00e9volution du climat. Il refl\u00e8te \u00e0 la fois\u00a0:<\/p>\n<ul>\n<li>la\u00a0<strong>dilatation thermique<\/strong>\u00a0des oc\u00e9ans due \u00e0 leur\u00a0<strong>r\u00e9chauffement<\/strong>\u00a0;<\/li>\n<li>l&rsquo;<strong>augmentation de la masse oc\u00e9anique<\/strong>\u00a0due \u00e0 la\u00a0<strong>fonte des calottes glaciaires et des glaciers<\/strong>.<\/li>\n<\/ul>\n<p data-once=\"ldf_glossary_highlight_words\">Depuis 1993, l&rsquo;\u00e9l\u00e9vation moyenne du niveau de la mer est de +3,4\u00a0mm par an au niveau mondial ; elle est comprise entre\u00a0<strong>+2 et +4\u00a0mm en Europe<\/strong>.<\/p>\n<p data-once=\"ldf_glossary_highlight_words\">Source: <a href=\"https:\/\/www.vie-publique.fr\/en-bref\/293914-rechauffement-climatique-deux-fois-plus-rapide-en-europe\">vie-publique.fr<\/a><\/p>\n<\/div>\n<\/div>\n<\/div>\n<\/div>\n<\/div>\n<\/div>\n","protected":false},"excerpt":{"rendered":"<p>Depuis les ann\u00e9es 1980, le climat europ\u00e9en s&rsquo;est r\u00e9chauff\u00e9 deux fois plus vite que dans le reste du monde. Plusieurs facteurs y ont concouru notamment sa proximit\u00e9 avec l&rsquo;Arctique qui conna\u00eet un fort r\u00e9chauffement. Le programme europ\u00e9en Copernicus fait le bilan de l&rsquo;ann\u00e9e 2023 avec l&rsquo;Organisation m\u00e9t\u00e9orologique mondiale (OMM). L&rsquo;Europe a connu, depuis 2020, ses [&hellip;]<\/p>\n","protected":false},"author":3,"featured_media":6306,"comment_status":"closed","ping_status":"closed","sticky":false,"template":"","format":"standard","meta":{"_exactmetrics_skip_tracking":false,"_exactmetrics_sitenote_active":false,"_exactmetrics_sitenote_note":"","_exactmetrics_sitenote_category":0,"footnotes":""},"categories":[28],"tags":[],"class_list":["post-8290","post","type-post","status-publish","format-standard","has-post-thumbnail","hentry","category-actualites"],"_links":{"self":[{"href":"https:\/\/avenir-gendarmerie.org\/index.php\/wp-json\/wp\/v2\/posts\/8290","targetHints":{"allow":["GET"]}}],"collection":[{"href":"https:\/\/avenir-gendarmerie.org\/index.php\/wp-json\/wp\/v2\/posts"}],"about":[{"href":"https:\/\/avenir-gendarmerie.org\/index.php\/wp-json\/wp\/v2\/types\/post"}],"author":[{"embeddable":true,"href":"https:\/\/avenir-gendarmerie.org\/index.php\/wp-json\/wp\/v2\/users\/3"}],"replies":[{"embeddable":true,"href":"https:\/\/avenir-gendarmerie.org\/index.php\/wp-json\/wp\/v2\/comments?post=8290"}],"version-history":[{"count":1,"href":"https:\/\/avenir-gendarmerie.org\/index.php\/wp-json\/wp\/v2\/posts\/8290\/revisions"}],"predecessor-version":[{"id":8291,"href":"https:\/\/avenir-gendarmerie.org\/index.php\/wp-json\/wp\/v2\/posts\/8290\/revisions\/8291"}],"wp:featuredmedia":[{"embeddable":true,"href":"https:\/\/avenir-gendarmerie.org\/index.php\/wp-json\/wp\/v2\/media\/6306"}],"wp:attachment":[{"href":"https:\/\/avenir-gendarmerie.org\/index.php\/wp-json\/wp\/v2\/media?parent=8290"}],"wp:term":[{"taxonomy":"category","embeddable":true,"href":"https:\/\/avenir-gendarmerie.org\/index.php\/wp-json\/wp\/v2\/categories?post=8290"},{"taxonomy":"post_tag","embeddable":true,"href":"https:\/\/avenir-gendarmerie.org\/index.php\/wp-json\/wp\/v2\/tags?post=8290"}],"curies":[{"name":"wp","href":"https:\/\/api.w.org\/{rel}","templated":true}]}}