{"id":8478,"date":"2024-08-19T14:46:58","date_gmt":"2024-08-19T14:46:58","guid":{"rendered":"https:\/\/avenir-gendarmerie.org\/?p=8478"},"modified":"2024-08-19T14:46:58","modified_gmt":"2024-08-19T14:46:58","slug":"le-reseau-routier-francais-un-etat-des-lieux","status":"publish","type":"post","link":"https:\/\/avenir-gendarmerie.org\/index.php\/2024\/08\/19\/le-reseau-routier-francais-un-etat-des-lieux\/","title":{"rendered":"Le r\u00e9seau routier fran\u00e7ais : un \u00e9tat des lieux"},"content":{"rendered":"<p>Pr\u00e8s de 90% des trajets s\u2019effectuent sur les routes. \u00c9l\u00e9ment essentiel du maillage territorial, les infrastructures routi\u00e8res jouent un r\u00f4le primordial en mati\u00e8re de s\u00e9curit\u00e9 routi\u00e8re, mais subissent le co\u00fbt croissant de leur entretien dans un contexte budg\u00e9taire contraint.<\/p>\n<div class=\"field__item\">\n<div class=\"paragraph paragraph--type--paragraphe paragraph--view-mode--default\">\n<div class=\"field field--name-field-corps-de-texte field--type-text-long field--label-hidden field__item\">\n<p data-once=\"ldf_glossary_highlight_words\">L&rsquo;am\u00e9lioration de la qualit\u00e9 et de la s\u00e9curit\u00e9 des r\u00e9seaux routiers figure dans la\u00a0<a href=\"https:\/\/www.vie-publique.fr\/loi\/20809-loi-du-24-decembre-2019-dorientation-des-mobilites-lom\">loi d&rsquo;orientation des mobilit\u00e9s (LOM) du 24 d\u00e9cembre 2019<\/a>\u00a0qui fixe les orientations strat\u00e9giques et programmatiques en mati\u00e8re d&rsquo;investissements dans les syst\u00e8mes de transport, de modernisation des infrastructures et d&rsquo;organisation des usages. L&rsquo;entretien du r\u00e9seau routier et autoroutier s&rsquo;exerce cependant dans un cadre budg\u00e9taire contraint, tant au niveau national que local.<\/p>\n<\/div>\n<\/div>\n<\/div>\n<div class=\"field__item\">\n<div class=\"paragraph paragraph--type--paragraphe paragraph--view-mode--default\">\n<h2 id=\"la-gestion-des-infrastructures-routi\u00e8res-et-limp\u00e9ratif-de-budgets-contraints\" class=\"h2\" tabindex=\"-1\">La gestion des infrastructures routi\u00e8res et l&rsquo;imp\u00e9ratif de budgets contraints<\/h2>\n<div class=\"field field--name-field-corps-de-texte field--type-text-long field--label-hidden field__item\">\n<p data-once=\"ldf_glossary_highlight_words\">En 2019, la France est pass\u00e9e \u00e0 la 18e place du\u00a0<a title=\"The Global Competitiveness Report 2019, Forum \u00e9conomique mondial (en anglais, World Economic Forum - WEF), (PDF, 8,56 Mo)\" href=\"http:\/\/www3.weforum.org\/docs\/WEF_TheGlobalCompetitivenessReport2019.pdf\" target=\"_blank\" rel=\"noopener external\">classement mondial du Forum \u00e9conomique mondial<\/a>\u00a0pour la qualit\u00e9 de ses infrastructures routi\u00e8res apr\u00e8s avoir occup\u00e9 la premi\u00e8re\u00a0place en 2012. Ces infrastructures repr\u00e9sentent pourtant\u00a0un enjeu de comp\u00e9titivit\u00e9, de s\u00e9curit\u00e9 routi\u00e8re et de transition \u00e9cologique.<\/p>\n<h3>Un r\u00e9seau routier en danger ?<\/h3>\n<p data-once=\"ldf_glossary_highlight_words\">Selon l&rsquo;Observatoire national de la route (ONR) dans son\u00a0<a title=\"Rapport 2023 - Observatoire national de la route (ONR) - Format pdf 13.27 MB - Nouvelle fen\u00eatre \" href=\"https:\/\/www.idrrim.com\/ressources\/documents\/source\/2\/10709-IDRRIM-Rapport_ONR-2023.pdf\" target=\"_blank\" rel=\"noopener external\">rapport annuel<\/a>\u00a0de 2023, pr\u00e8s de 19% du r\u00e9seau routier national non conc\u00e9d\u00e9 (routes nationales et autoroutes gratuites) et environ 10% des routes d\u00e9partementales (la qualit\u00e9 du r\u00e9seau est variable selon les d\u00e9partements) sont en mauvais \u00e9tat. Le document pr\u00e9cise que, globalement, les autoroutes sont en meilleur \u00e9tat que les autres routes.<\/p>\n<p data-once=\"ldf_glossary_highlight_words\">Plusieurs rapports pointent le mauvais \u00e9tat des routes de France. D\u00e8s 2017, un\u00a0<a title=\"Rapport d'information fait au nom de la commission de l'am\u00e9nagement du territoire et du d\u00e9veloppement durable sur les infrastructures routi\u00e8res et autorouti\u00e8res : un r\u00e9seau en danger\" href=\"https:\/\/www.vie-publique.fr\/rapport\/36398-infrastructures-routieres-et-autoroutieres\" data-entity-type=\"node\" data-entity-uuid=\"53262845-c68c-4ad0-b66c-bbebfdce621a\" data-entity-substitution=\"canonical\">rapport d&rsquo;information du S\u00e9nat intitul\u00e9 \u00ab\u00a0Infrastructures routi\u00e8res et autorouti\u00e8res : un r\u00e9seau en danger\u00a0\u00bb<\/a>, dresse le constat d&rsquo;une d\u00e9t\u00e9rioration des r\u00e9seaux routiers due \u00e0 la diminution des cr\u00e9dits d&rsquo;entretien.\u00a0Cette d\u00e9gradation affecte non seulement le r\u00e9seau routier national non conc\u00e9d\u00e9 de 12 000 km mais \u00e9galement le r\u00e9seau conc\u00e9d\u00e9. Elle se traduit notamment par une multiplication des limitations de vitesse temporaires ou des mesures de restriction de la circulation.<\/p>\n<p data-once=\"ldf_glossary_highlight_words\">Les\u00a0<a title=\"\u00c9tat du r\u00e9seau routier national : que disent les rapports d\u2019audit ?\" href=\"https:\/\/www.vie-publique.fr\/en-bref\/38601-etat-du-reseau-routier-national-que-disent-les-rapports-daudit\" data-entity-type=\"node\" data-entity-uuid=\"32e91f3e-3607-4336-ac1d-203fed7a96ba\" data-entity-substitution=\"canonical\">rapports d&rsquo;audit externe du r\u00e9seau routier non conc\u00e9d\u00e9<\/a>, r\u00e9alis\u00e9s par deux cabinets suisses ind\u00e9pendants (Nibuxs et IMDM) et rendus public en juillet 2018 par le\u00a0<a class=\"vp-glossary-word\" href=\"https:\/\/www.vie-publique.fr\/eclairage\/273112-tableau-du-reseau-routier-francais#\" aria-describedby=\"tooltip-1398\" data-fr-js-tooltip-referent=\"true\">minist\u00e8re<\/a>\u00a0des transports, r\u00e9v\u00e8lent un vieillissement de ce r\u00e9seau et une d\u00e9gradation des chauss\u00e9es et des ouvrages d&rsquo;art pr\u00e9occupante. Ces audits mettent \u00e9galement en \u00e9vidence un sous-investissement dans l\u2019entretien et la gestion du r\u00e9seau routier, entre 2007 et 2017, compar\u00e9 \u00e0 des pays voisins comme la Suisse, le Royaume-Uni ou les Pays-Bas.<\/p>\n<p data-once=\"ldf_glossary_highlight_words\">La Cour des comptes vient confirmer, dans un\u00a0<a title=\"L'entretien des routes nationales et d\u00e9partementales\" href=\"https:\/\/www.vie-publique.fr\/rapport\/284425-entretien-des-routes-nationales-et-departementales\" data-entity-type=\"node\" data-entity-uuid=\"d33cadee-7ad9-4a03-81b0-0de3e4473ef6\" data-entity-substitution=\"canonical\">rapport<\/a>\u00a0de mars 2022, que les risques de d\u00e9gradation du r\u00e9seau routier sont devenus importants, en raison d\u2019un effort financier insuffisant. La Cour pointe \u00e9galement le manque de moyens humains et techniques depuis la mise en \u0153uvre de la politique de\u00a0<a class=\"vp-glossary-word\" href=\"https:\/\/www.vie-publique.fr\/eclairage\/273112-tableau-du-reseau-routier-francais#\" aria-describedby=\"tooltip-1393\" data-fr-js-tooltip-referent=\"true\">d\u00e9centralisation<\/a>. Elle rel\u00e8ve notamment l\u2019affaiblissement de l\u2019expertise scientifique et technique qui a des cons\u00e9quences dommageables en mati\u00e8re d\u2019\u00e9valuation et de suivi de l\u2019\u00e9tat des infrastructures.<\/p>\n<\/div>\n<\/div>\n<\/div>\n<div class=\"field__item\">\n<div class=\"paragraph paragraph--type--paragraphe paragraph--view-mode--default\">\n<div class=\"field field--name-field-corps-de-texte field--type-text-long field--label-hidden field__item\">\n<h3>La programmation et le financement des investissements des infrastructures \u00e0 l&rsquo;horizon 2027<\/h3>\n<p data-once=\"ldf_glossary_highlight_words\">D\u00e8s f\u00e9vrier 2018, le\u00a0<a title=\"Transports : vers une strat\u00e9gie d'investissement dans les &quot;mobilit\u00e9s du quotidien&quot;\" href=\"https:\/\/www.vie-publique.fr\/en-bref\/19837-vers-une-strategie-dinvestissement-dans-les-mobilites-du-quotidien\" data-entity-type=\"node\" data-entity-uuid=\"72fc2c5c-6707-4840-8ddd-8bda8507863c\" data-entity-substitution=\"canonical\">rapport du Conseil d&rsquo;orientation des infrastructures<\/a>\u00a0propose une programmation des investissements fond\u00e9e sur diff\u00e9rents sc\u00e9narios de financement \u00e0 l&rsquo;horizon 2030-2040 en fonction de leur acceptabilit\u00e9 sociale et de la transparence de l&rsquo;affectation des recettes. Parmi les pistes de financement figurent notamment une part plus importante faite \u00e0 la taxe int\u00e9rieure de consommation sur les produits \u00e9nerg\u00e9tiques (TICPE) ou aux amendes forfaitaires encaiss\u00e9es\u00a0<em>via<\/em>\u00a0les radars \u00e0 destination de l&rsquo;Agence de financement des infrastructures de transport de France (AFITF).<\/p>\n<p data-once=\"ldf_glossary_highlight_words\">\u00c0 la suite de la publication de l&rsquo;audit externe du r\u00e9seau routier, le\u00a0<a class=\"vp-glossary-word\" href=\"https:\/\/www.vie-publique.fr\/eclairage\/273112-tableau-du-reseau-routier-francais#\" aria-describedby=\"tooltip-9955\" data-fr-js-tooltip-referent=\"true\">gouvernement<\/a>\u00a0annonce, devant le S\u00e9nat le 15 mai 2018, un plan de sauvegarde des routes.\u00a0Ce plan concerne les chauss\u00e9es, les ouvrages d&rsquo;art et les \u00e9quipements du r\u00e9seau routier national non conc\u00e9d\u00e9. Un milliard d&rsquo;euros par an sont consentis pour l&rsquo;entretien et la modernisation des routes, contre 800 millions en 2018. Ce plan pr\u00e9voit \u00ab\u00a0des objectifs quantitatifs d&rsquo;am\u00e9lioration du r\u00e9seau routier\u00a0\u00bb, fix\u00e9s tous les cinq ans \u00e0 partir de 2022.<\/p>\n<p data-once=\"ldf_glossary_highlight_words\">Les choix en mati\u00e8re d&rsquo;infrastructure sont d\u00e9sormais inscrits dans la loi d&rsquo;orientation de la mobilit\u00e9 du 24 d\u00e9cembre 2019. L&rsquo;\u00c9tat programme 13,4 milliards d&rsquo;euros d&rsquo;investissements dans les infrastructures de transport sur la p\u00e9riode 2018-2022 et 14,3 milliards pour la p\u00e9riode 2023-2027. La loi renforce le r\u00f4le de la r\u00e9gion comme chef de file de la mobilit\u00e9 pour coordonner les comp\u00e9tences mobilit\u00e9 de l\u2019ensemble des autorit\u00e9s organisatrices sur leur territoire r\u00e9gional.<\/p>\n<p data-once=\"ldf_glossary_highlight_words\">Depuis, la l<a title=\"Loi du 22 mars 2024 visant \u00e0 faciliter la mise \u00e0 disposition aux r\u00e9gions du r\u00e9seau routier national non conc\u00e9d\u00e9\" href=\"https:\/\/www.vie-publique.fr\/loi\/293045-regions-mise-disposition-des-routes-loi-du-22-mars-2024\" data-entity-type=\"node\" data-entity-uuid=\"e698e033-1839-4fda-9347-6acf5e1e54b2\" data-entity-substitution=\"canonical\">oi du 22 mars 2024<\/a>\u00a0permet de mettre \u00e0 disposition des r\u00e9gions volontaires des portions d\u2019autoroutes et de routes nationales non conc\u00e9d\u00e9es pour une dur\u00e9e de 8 ans. Elle compl\u00e8te la\u00a0<a title=\"Loi du 21 f\u00e9vrier 2022 relative \u00e0 la diff\u00e9renciation, la d\u00e9centralisation, la d\u00e9concentration et portant diverses mesures de simplification de l'action publique locale \n\" href=\"https:\/\/www.vie-publique.fr\/loi\/279815-loi-3ds-decentralisation-deconcentration-collectivites-locales\" data-entity-type=\"node\" data-entity-uuid=\"070371b3-41b8-4571-a839-e02a9176d2ff\" data-entity-substitution=\"canonical\">loi dite \u00ab\u00a03 DS\u00a0\u00bb du 21 f\u00e9vrier 2022<\/a>\u00a0qui pr\u00e9voit ce transfert \u00e0 titre exp\u00e9rimental.<\/p>\n<p data-once=\"ldf_glossary_highlight_words\">La Cour des comptes, dans son rapport de 2022, souligne que les besoins de financement sont devenus d&rsquo;autant plus importants que les politiques routi\u00e8res font face \u00e0 des d\u00e9fis encore plus nombreux que par le pass\u00e9, comme la limitation de l\u2019empreinte \u00e9cologique des infrastructures ou l\u2019adaptation aux effets du changement climatique. Le\u00a0Gouvernement\u00a0a lanc\u00e9 en 2023 un programme de modernisation du r\u00e9seau routier de l\u2019\u00c9tat dans le cadre de la politique de planification \u00e9cologique. Dot\u00e9 de 200 millions d\u2019euros d\u2019ici 2027, ce programme se fixe comme objectif d\u2019agir en faveur:<\/p>\n<ul>\n<li>d&rsquo;une meilleure protection de la ressource en eau, notamment pour r\u00e9duire les risques de pollution \u00e0 proximit\u00e9 des captages d\u2019eau potable ;<\/li>\n<li>de la lutte contre les nuisances, notamment acoustiques, par exemple gr\u00e2ce \u00e0 la mise en place de \u00ab\u00a0murs anti-bruit\u00a0\u00bb aux alentours des autoroutes ; ;<\/li>\n<li>du r\u00e9tablissement de continuit\u00e9s \u00e9cologiques, pour permettre le cheminement de la faune ;<\/li>\n<li>du partage de la voirie pour favoriser les nouveaux usages de la route ;<\/li>\n<li>de la s\u00e9curit\u00e9 routi\u00e8re et de la mobilit\u00e9 connect\u00e9e.<\/li>\n<\/ul>\n<h3>Les concessions autorouti\u00e8res en d\u00e9bat<\/h3>\n<p data-once=\"ldf_glossary_highlight_words\">Les concessions d&rsquo;autoroute font l&rsquo;objet de vives critiques depuis la\u00a0<a class=\"vp-glossary-word\" href=\"https:\/\/www.vie-publique.fr\/eclairage\/273112-tableau-du-reseau-routier-francais#\" aria-describedby=\"tooltip-8035\" data-fr-js-tooltip-referent=\"true\">privatisation<\/a>\u00a0des soci\u00e9t\u00e9s concessionnaires d&rsquo;autoroutes (SCA), notamment en raison d&rsquo;une rentabilit\u00e9 jug\u00e9e trop \u00e9lev\u00e9e par certains experts. Les relations entre l&rsquo;\u00c9tat et les\u00a0<a title=\"Les soci\u00e9t\u00e9s concessionnaires d'autoroutes (SCA) | Minist\u00e8re de la Transition \u00e9cologique. Nouvelle fen\u00eatre\" href=\"https:\/\/www.ecologique-solidaire.gouv.fr\/societes-concessionnaires-dautoroutes-sca\" target=\"_blank\" rel=\"noopener external\">soci\u00e9t\u00e9s concessionnaires d&rsquo;autoroutes<\/a>\u00a0ont \u00e9t\u00e9 revues avec le\u00a0<a title=\"Protocole d'accord entre l'\u00c9tat et les soci\u00e9t\u00e9s concessionnaires d'autoroutes APRR, AREA, ASF, Coforoute, Escota, Sanef et SAPN (collectivement les &quot;SCA&quot;), 9 avril 2015 (PDF, 4,53 Mo)\" href=\"http:\/\/www.ecologique-solidaire.gouv.fr\/sites\/default\/files\/2015.04.09%20-%20Protocole%20accord%20Etat%20-%20SCA.pdf\" target=\"_blank\" rel=\"noopener external\">protocole d&rsquo;accord sign\u00e9 le 9 avril 2015<\/a>. Ce protocole, qui vise \u00e0 am\u00e9nager les clauses contractuelles, pr\u00e9voit notamment l\u2019introduction d\u2019un m\u00e9canisme de plafonnement de la rentabilit\u00e9 des concessions, un programme de travaux financ\u00e9s directement par les SCA, une contribution volontaire exceptionnelle \u00e0 l\u2019Agence de financement des infrastructures de transport en France (AFITF) parall\u00e8lement \u00e0 la cr\u00e9ation par certaines des SCA d\u2019un fonds d\u2019investissement d\u00e9di\u00e9 \u00e0 l\u2019am\u00e9lioration des infrastructures et le renforcement de la politique commerciale des SCA en mati\u00e8re de\u00a0<a class=\"vp-glossary-word\" href=\"https:\/\/www.vie-publique.fr\/eclairage\/273112-tableau-du-reseau-routier-francais#\" aria-describedby=\"tooltip-2125\" data-fr-js-tooltip-referent=\"true\">d\u00e9veloppement durable<\/a>.<\/p>\n<p data-once=\"ldf_glossary_highlight_words\">La dur\u00e9e des principales concessions a \u00e9t\u00e9 allong\u00e9e permettant un amortissement des investissements sur une plus longue p\u00e9riode. Parall\u00e8lement, le gel des tarifs de p\u00e9age en 2015, pour les sept soci\u00e9t\u00e9s concessionnaires priv\u00e9es dites historiques (Cofiroute, ASF, Escota, APRR, Area, Sanef et SAPN) a \u00e9t\u00e9 compens\u00e9 par des hausses de rattrapage \u00e9tal\u00e9es entre 2019 et 2023.<\/p>\n<p data-once=\"ldf_glossary_highlight_words\">Pour sa part, la Cour des comptes a d\u00e9nonc\u00e9 dans un\u00a0<a title=\"Le plan de relance autoroutier | Cour des comptes, 18 avril 2019  (PDF, 280,85 Ko)\" href=\"https:\/\/www.ccomptes.fr\/fr\/publications\/le-plan-de-relance-autoroutier\" target=\"_blank\" rel=\"noopener external\">r\u00e9f\u00e9r\u00e9<\/a>\u00a0rendu public le 18 avril 2019 la d\u00e9cision de l&rsquo;\u00c9tat d&rsquo;allonger les concessions autorouti\u00e8res en contrepartie de la r\u00e9alisation de travaux de maintenance, notamment parce que le report du financement de travaux \u00e0 une \u00e9ch\u00e9ance lointaine, qu\u2019implique cette d\u00e9cision, repr\u00e9sente \u00e0 terme un surco\u00fbt pour l\u2019usager.<\/p>\n<p data-once=\"ldf_glossary_highlight_words\">Les b\u00e9n\u00e9fices jug\u00e9s particuli\u00e8rement \u00e9lev\u00e9s des SCA et le prix des p\u00e9ages ont conduit en 2023 le\u00a0Gouvernement\u00a0a examin\u00e9 l\u2019hypoth\u00e8se d\u2019un raccourcissement de la dur\u00e9e des concessions. Le Conseil d&rsquo;\u00c9tat saisi par l\u2019ex\u00e9cutif sur ce projet a, dans un\u00a0<a title=\"avis consultatif rendu le 8 juin 2023. Conseil d'\u00c9tat. Nouvelle fen\u00eatre\" href=\"https:\/\/www.conseil-etat.fr\/avis-consultatifs\/derniers-avis-rendus\/au-gouvernement\/avis-portant-sur-la-securisation-des-mesures-permettant-d-assurer-une-meilleure-prise-en-compte-de-l-interet-public-dans-l-equilibre-des-contrats-d\" target=\"_blank\" rel=\"noopener external\">avis consultatif rendu le 8 juin 2023<\/a>, rappel\u00e9 que s\u2019il est possible de mettre fin unilat\u00e9ralement \u00e0 un contrat de concession avant le terme fix\u00e9 initialement, la proc\u00e9dure \u00e0 suivre est tr\u00e8s encadr\u00e9e, afin de ne pas porter pr\u00e9judice aux int\u00e9r\u00eats de l\u2019entreprise concessionnaire. Dans un autre avis, le Conseil d\u2019\u00c9tat a estim\u00e9 qu\u2019un accroissement de l\u2019imposition des SCA est possible \u00e0 condition toutefois de rester proportionn\u00e9 et de ne pas viser exclusivement les soci\u00e9t\u00e9s d\u2019autoroute mais aussi d\u2019autres concessions de l\u2019\u00c9tat.<\/p>\n<p data-once=\"ldf_glossary_highlight_words\">Entre 2031 et 2036, les sept principales concessions, soit plus de 90% du r\u00e9seau conc\u00e9d\u00e9, arriveront \u00e0 leur terme, offrant ainsi une opportunit\u00e9 pour l\u2019\u00c9tat d\u2019am\u00e9liorer le mod\u00e8le concessif actuel. L&rsquo;Autorit\u00e9 de r\u00e9gulation des transports (ART) (<a title=\"Concessions d'autoroutes\u00a0: quelle rentabilit\u00e9\u00a0?\" href=\"https:\/\/www.vie-publique.fr\/en-bref\/290275-societes-dautoroutes-sca-quelle-est-leur-rentabilite\" data-entity-type=\"node\" data-entity-uuid=\"87fad295-917e-482f-9123-eb1dc56fc242\" data-entity-substitution=\"canonical\">rapport 2023<\/a>) estime que le mod\u00e8le concessif pr\u00e9sente des avantages (s\u00e9curisation des financements n\u00e9cessaires \u00e0 l\u2019entretien de l\u2019infrastructure, rationalisation des choix d\u2019investissements), mais elle en souligne \u00e9galement les limites et propose des pistes d&rsquo;am\u00e9lioration. Elle se prononce notamment en faveur d\u2019une r\u00e9duction de la dur\u00e9e des contrats ou d\u2019un encadrement plus strict de leur ren\u00e9gociation.<\/p>\n<p data-once=\"ldf_glossary_highlight_words\">Un contrat de concession autorouti\u00e8re est par nature de longue dur\u00e9e, afin de laisser le temps au concessionnaire d\u2019amortir les investissements n\u00e9cessaires \u00e0 l\u2019ex\u00e9cution du contrat. Mais les sept concessions historiques sont particuli\u00e8rement longues. \u00a0Les soci\u00e9t\u00e9s d\u2019autoroute disposent en particulier d\u2019un pouvoir de marche\u0301 susceptible de leur procurer une rente, qui peut aller \u00e0 l\u2019encontre de l\u2019int\u00e9r\u00eat des usagers ou de l\u2019utilit\u00e9\u0301 collective.<\/p>\n<h2 id=\"le-r\u00e9seau-routier-une-histoire-li\u00e9e-\u00e0-lorganisation-administrative-de-la-france\" class=\"h2\" tabindex=\"-1\">Le r\u00e9seau routier, une histoire li\u00e9e \u00e0 l&rsquo;organisation administrative de la France<\/h2>\n<div class=\"field field--name-field-corps-de-texte field--type-text-long field--label-hidden field__item\">\n<p data-once=\"ldf_glossary_highlight_words\">La\u00a0<a title=\"Chiffres cl\u00e9s du transport - \u00c9dition 2023. Minist\u00e8re de la transition \u00e9cologique\" href=\"https:\/\/www.statistiques.developpement-durable.gouv.fr\/edition-numerique\/chiffres-cles-transports-2023\/34-infrastructures-de-transport\" target=\"_blank\" rel=\"noopener external\">longueur du r\u00e9seau routier fran\u00e7ais<\/a>\u00a0en 2021 est de 1 101 810 km pour la France enti\u00e8re. Entre 2013 et 2022, la longueur des routes a progress\u00e9 de 2%. Les autoroutes, qui relient entre eux les grands p\u00f4les urbains, repr\u00e9sentent 1% du r\u00e9seau total et les routes nationales 0,9%, dont une grande partie a \u00e9t\u00e9 d\u00e9centralis\u00e9e \u00e0 partir de 2006 avec la mise en \u0153uvre de la loi relative aux libert\u00e9s et responsabilit\u00e9s locales du 13 ao\u00fbt 2004.<\/p>\n<p data-once=\"ldf_glossary_highlight_words\">Le r\u00e9seau routier national non conc\u00e9d\u00e9 repr\u00e9sente plus de 12 031 km de routes et assure pr\u00e8s de 20% du trafic routier. H\u00e9ritage de l&rsquo;histoire des territoires ou cr\u00e9\u00e9 r\u00e9cemment dans les zones urbaines, le r\u00e9seau routier secondaire est \u00e9valu\u00e9 \u00e0 1 080 586 km : 379 218 km de routes d\u00e9partementales et 701 368 km de routes communales.<\/p>\n<h3>Une pluralit\u00e9 d&rsquo;acteurs participent \u00e0 l&rsquo;\u00e9volution du r\u00e9seau routier fran\u00e7ais<\/h3>\n<p data-once=\"ldf_glossary_highlight_words\">L\u2019\u00c9tat a la responsabilit\u00e9 de plus de 21 000 km de routes, soit 9 200 km d\u2019autoroutes conc\u00e9d\u00e9es par le biais de 19 contrats et 12 000 km d\u2019autoroutes et de routes nationales g\u00e9r\u00e9es par 11 directions interd\u00e9partementales des routes (DIR).<\/p>\n<p data-once=\"ldf_glossary_highlight_words\"><strong>Une r\u00e9partition des acteurs par type de route<\/strong>\u00a0distingue les voies communales appartenant aux entit\u00e9s communales et les routes d\u00e9partementales relevant du conseil d\u00e9partemental. Appartiennent \u00e0 l&rsquo;\u00c9tat les\u00a0routes nationales, les autoroutes non conc\u00e9d\u00e9es (sans p\u00e9age) et les autoroutes conc\u00e9d\u00e9es (\u00e0 p\u00e9age).<\/p>\n<p data-once=\"ldf_glossary_highlight_words\"><strong>Les services routiers de l&rsquo;\u00c9tat<\/strong>\u00a0incluent :<\/p>\n<ul>\n<li>les onze directions interd\u00e9partementales des routes (DIR) charg\u00e9es de l&rsquo;exploitation des routes, de l&rsquo;entretien des chauss\u00e9es et de l&rsquo;ing\u00e9ni\u00e9rie routi\u00e8re \u00e0 la demande des services de ma\u00eetrise\u00a0d&rsquo;ouvrage. Elles mettent en \u0153uvre la politique de l&rsquo;entretien routier dont elles ont la responsabilit\u00e9. Elles disposent de l\u2019aide des r\u00e9seaux scientifiques et techniques du Centre d&rsquo;\u00e9tudes et d&rsquo;expertise sur les risques, l&rsquo;environnement, la mobilit\u00e9 et l&rsquo;am\u00e9nagement (CEREMA), de l&rsquo;Institut fran\u00e7ais des sciences et technologies des transports, de l&rsquo;am\u00e9nagement et des r\u00e9seaux (Ifsttar) et du Centre d\u2019\u00e9tudes des tunnels (CETU) ;<\/li>\n<li>les 21 services r\u00e9gionaux de ma\u00eetrise d&rsquo;ouvrage (SMO) plac\u00e9s au sein des directions r\u00e9gionales de l&rsquo;environnement, de l&rsquo;am\u00e9nagement et du logement (DREAL) et en charge du pilotage de projets routiers neufs de l&rsquo;\u00c9tat dans leur r\u00e9gion.<\/li>\n<\/ul>\n<p data-once=\"ldf_glossary_highlight_words\">Le\u00a0<strong>Comit\u00e9 des usagers du r\u00e9seau routier national<\/strong>, institu\u00e9 par le d\u00e9cret du 8 septembre 2009, a vu sa repr\u00e9sentativit\u00e9 accrue par un d\u00e9cret du 13 novembre 2013. Il permet d&rsquo;instaurer un cadre de dialogue entre les usagers, les gestionnaires du r\u00e9seau routier national et l\u2019\u00c9tat.<\/p>\n<p data-once=\"ldf_glossary_highlight_words\">Source: <a href=\"https:\/\/www.vie-publique.fr\/eclairage\/273112-tableau-du-reseau-routier-francais\">vie-publique.fr<\/a><\/p>\n<\/div>\n<\/div>\n<\/div>\n<\/div>\n","protected":false},"excerpt":{"rendered":"<p>Pr\u00e8s de 90% des trajets s\u2019effectuent sur les routes. \u00c9l\u00e9ment essentiel du maillage territorial, les infrastructures routi\u00e8res jouent un r\u00f4le primordial en mati\u00e8re de s\u00e9curit\u00e9 routi\u00e8re, mais subissent le co\u00fbt croissant de leur entretien dans un contexte budg\u00e9taire contraint. L&rsquo;am\u00e9lioration de la qualit\u00e9 et de la s\u00e9curit\u00e9 des r\u00e9seaux routiers figure dans la\u00a0loi d&rsquo;orientation des [&hellip;]<\/p>\n","protected":false},"author":3,"featured_media":867,"comment_status":"closed","ping_status":"closed","sticky":false,"template":"","format":"standard","meta":{"_exactmetrics_skip_tracking":false,"_exactmetrics_sitenote_active":false,"_exactmetrics_sitenote_note":"","_exactmetrics_sitenote_category":0,"footnotes":""},"categories":[28],"tags":[],"class_list":["post-8478","post","type-post","status-publish","format-standard","has-post-thumbnail","hentry","category-actualites"],"_links":{"self":[{"href":"https:\/\/avenir-gendarmerie.org\/index.php\/wp-json\/wp\/v2\/posts\/8478","targetHints":{"allow":["GET"]}}],"collection":[{"href":"https:\/\/avenir-gendarmerie.org\/index.php\/wp-json\/wp\/v2\/posts"}],"about":[{"href":"https:\/\/avenir-gendarmerie.org\/index.php\/wp-json\/wp\/v2\/types\/post"}],"author":[{"embeddable":true,"href":"https:\/\/avenir-gendarmerie.org\/index.php\/wp-json\/wp\/v2\/users\/3"}],"replies":[{"embeddable":true,"href":"https:\/\/avenir-gendarmerie.org\/index.php\/wp-json\/wp\/v2\/comments?post=8478"}],"version-history":[{"count":1,"href":"https:\/\/avenir-gendarmerie.org\/index.php\/wp-json\/wp\/v2\/posts\/8478\/revisions"}],"predecessor-version":[{"id":8479,"href":"https:\/\/avenir-gendarmerie.org\/index.php\/wp-json\/wp\/v2\/posts\/8478\/revisions\/8479"}],"wp:featuredmedia":[{"embeddable":true,"href":"https:\/\/avenir-gendarmerie.org\/index.php\/wp-json\/wp\/v2\/media\/867"}],"wp:attachment":[{"href":"https:\/\/avenir-gendarmerie.org\/index.php\/wp-json\/wp\/v2\/media?parent=8478"}],"wp:term":[{"taxonomy":"category","embeddable":true,"href":"https:\/\/avenir-gendarmerie.org\/index.php\/wp-json\/wp\/v2\/categories?post=8478"},{"taxonomy":"post_tag","embeddable":true,"href":"https:\/\/avenir-gendarmerie.org\/index.php\/wp-json\/wp\/v2\/tags?post=8478"}],"curies":[{"name":"wp","href":"https:\/\/api.w.org\/{rel}","templated":true}]}}