{"id":8664,"date":"2024-10-23T14:19:34","date_gmt":"2024-10-23T14:19:34","guid":{"rendered":"https:\/\/avenir-gendarmerie.org\/?p=8664"},"modified":"2024-10-23T14:19:34","modified_gmt":"2024-10-23T14:19:34","slug":"traite-des-etres-humains-une-hausse-de-6-du-nombre-de-victimes-en-2023","status":"publish","type":"post","link":"https:\/\/avenir-gendarmerie.org\/index.php\/2024\/10\/23\/traite-des-etres-humains-une-hausse-de-6-du-nombre-de-victimes-en-2023\/","title":{"rendered":"Traite des \u00eatres humains : une hausse de 6% du nombre de victimes en 2023"},"content":{"rendered":"<p class=\"fr-text--lead vp-page-chapo\"><span class=\"field field--name-field-chapo field--type-string-long field--label-hidden field__item\">Les services statistiques des minist\u00e8res de la justice et de l&rsquo;int\u00e9rieur dressent un \u00e9tat des lieux de la traite et de l&rsquo;exploitation des \u00eatres humains en 2023 en France. Le nombre de victimes a augment\u00e9 par rapport \u00e0 l&rsquo;ann\u00e9e derni\u00e8re. La majorit\u00e9 d&rsquo;entre elles sont des femmes. Le prox\u00e9n\u00e9tisme reste la principale forme d&rsquo;exploitation.<\/span><\/p>\n<div class=\"vp-page-content\">\n<div class=\"field field--name-field-paragraphe field--type-entity-reference-revisions field--label-hidden field__items\">\n<div class=\"field__item\">\n<div class=\"paragraph paragraph--type--paragraphe paragraph--view-mode--default\">\n<div class=\"field field--name-field-corps-de-texte field--type-text-long field--label-hidden field__item\">\n<p data-once=\"ldf_glossary_highlight_words\"><strong>2\u00a0100 victimes de traite ou d\u2019exploitation des \u00eatres humains<\/strong>\u00a0ont \u00e9t\u00e9\u00a0<strong>enregistr\u00e9es par la police et la gendarmerie<\/strong>\u00a0en\u00a0<strong>2023<\/strong>. Les\u00a0<a title=\"Statistiques - Minist\u00e8re de l'int\u00e9rieur - Nouvelle fen\u00eatre\" href=\"https:\/\/www.interieur.gouv.fr\/Interstats\/Actualites\/La-traite-et-l-exploitation-des-etres-humains-un-etat-des-lieux-en-2024-a-partir-des-donnees-administratives-Interstats-Analyse-70?m=\" target=\"_blank\" rel=\"noopener external\">statistiques<\/a>\u00a0des minist\u00e8res de la justice et de l&rsquo;int\u00e9rieur, publi\u00e9es le 15 octobre 2024, montrent une hausse de 6% par rapport \u00e0 2022. Les personnes ont essentiellement \u00e9t\u00e9 victimes\u00a0:<\/p>\n<ul>\n<li>de prox\u00e9n\u00e9tisme (49% des victimes enregistr\u00e9es), soit une augmentation de 5% entre 2022 et 2023\u00a0;<\/li>\n<li>d\u2019exploitation par le travail (36%), ce qui repr\u00e9sente une baisse de 4,3% par rapport \u00e0 2022\u00a0;<\/li>\n<li>de traite des \u00eatres humains au sens strict (19%), soit +11,6%\u00a0;<\/li>\n<li>d&rsquo;exploitation de la mendicit\u00e9 (1%).<\/li>\n<\/ul>\n<h2 id=\"les-femmes--premi\u00e8res-victimes\" class=\"h2\" tabindex=\"-1\">Les femmes : premi\u00e8res victimes<\/h2>\n<div class=\"field field--name-field-corps-de-texte field--type-text-long field--label-hidden field__item\">\n<p data-once=\"ldf_glossary_highlight_words\">En 2023,\u00a0<strong>64% des victimes sont des femmes<\/strong>, qui ont essentiellement subi\u00a0:<\/p>\n<ul>\n<li>le prox\u00e9n\u00e9tisme (96% de femmes)\u00a0;<\/li>\n<li>l\u2019exploitation de la mendicit\u00e9 (54%).<\/li>\n<\/ul>\n<p data-once=\"ldf_glossary_highlight_words\">Les hommes sont majoritairement touch\u00e9s par la traite des \u00eatres humains au sens strict (58%) et par l&rsquo;exploitation par le travail (69%).<\/p>\n<p data-once=\"ldf_glossary_highlight_words\">L&rsquo;\u00e2ge et la\u00a0<a class=\"vp-glossary-word\" href=\"https:\/\/www.vie-publique.fr\/en-bref\/295762-traite-des-etres-humains-hausse-du-nombre-de-victimes-en-2023#\" aria-describedby=\"tooltip-3946\" data-fr-js-tooltip-referent=\"true\">nationalit\u00e9<\/a>\u00a0des victimes varient selon la forme d&rsquo;exploitation. Si la grande majorit\u00e9 des victimes (81%) a plus de 18\u00a0ans, une victime sur cinq est mineure (19%)\u00a0:<\/p>\n<ul>\n<li>59% des victimes de prox\u00e9n\u00e9tisme ont moins de 25\u00a0ans\u00a0;<\/li>\n<li>42% des victimes d\u2019exploitation de la mendicit\u00e9 ont moins de 10\u00a0ans\u00a0;<\/li>\n<li>la majorit\u00e9 des victimes d\u2019exploitation par le travail ont plus de 30\u00a0ans malgr\u00e9 aussi une certaine hausse du nombre de victimes ayant entre 18 et 29\u00a0ans.<\/li>\n<\/ul>\n<p data-once=\"ldf_glossary_highlight_words\">43% des victimes sont de\u00a0nationalit\u00e9\u00a0fran\u00e7aise. La moiti\u00e9 des victimes de traite des \u00eatres humains au sens strict sont originaires d\u2019Afrique (50%, soit neuf\u00a0points de plus qu&rsquo;en 2022), et en majorit\u00e9 de nationalit\u00e9 marocaine (34%).<\/p>\n<h2 id=\"une-forte-majorit\u00e9-de-condamnations-pour-prox\u00e9n\u00e9tisme\" class=\"h2\" tabindex=\"-1\">Une forte majorit\u00e9 de condamnations pour prox\u00e9n\u00e9tisme<\/h2>\n<div class=\"field field--name-field-corps-de-texte field--type-text-long field--label-hidden field__item\">\n<p data-once=\"ldf_glossary_highlight_words\">En 2023,\u00a0<strong>pr\u00e8s de 2\u00a0600 personnes ont \u00e9t\u00e9 mises en cause dans des affaires de traite ou d\u2019exploitation des \u00eatres humains<\/strong>. Sur 2\u00a0200\u00a0poursuites, 66% ont vu leur affaire transmise \u00e0 un juge d\u2019instruction et 34% \u00e0 une juridiction de jugement.<\/p>\n<p data-once=\"ldf_glossary_highlight_words\">En 2022, 880 personnes ont \u00e9t\u00e9 condamn\u00e9es au moins \u00e0 une\u00a0<a class=\"vp-glossary-word\" href=\"https:\/\/www.vie-publique.fr\/en-bref\/295762-traite-des-etres-humains-hausse-du-nombre-de-victimes-en-2023#\" aria-describedby=\"tooltip-1951\" data-fr-js-tooltip-referent=\"true\">infraction<\/a>\u00a0pour traite ou exploitation d&rsquo;\u00eatres humains, dont\u00a0<strong>82% pour prox\u00e9n\u00e9tisme<\/strong>. Les statistiques montrent une stabilit\u00e9 des peines fermes et une augmentation de la dur\u00e9e moyenne des peines d&#8217;emprisonnement ferme (allongement de six mois, soit une dur\u00e9e de 27 mois).<\/p>\n<p data-once=\"ldf_glossary_highlight_words\">Les peines prononc\u00e9es font \u00e9tat de\u00a071% de prison ferme, dont 33% avec un sursis partiel.<\/p>\n<p data-once=\"ldf_glossary_highlight_words\">En 2022, les personnes mises en cause sont en majorit\u00e9\u00a0:<\/p>\n<ul>\n<li>des\u00a0<strong>hommes (78%)<\/strong>\u00a0;<\/li>\n<li><strong>plus jeunes<\/strong>\u00a0(31\u00a0ans en moyenne contre 35 ans en 2016) en raison notamment du rajeunissement des personnes condamn\u00e9es pour prox\u00e9n\u00e9tisme\u00a0;<\/li>\n<li>ressortissantes d\u2019un pays europ\u00e9en (y compris la France) dans 77% des cas (60% sont de nationalit\u00e9 fran\u00e7aise).<\/li>\n<\/ul>\n<p data-once=\"ldf_glossary_highlight_words\">Par ailleurs, les chiffres soulignent une hausse des titres et autorisations de s\u00e9jours d\u00e9livr\u00e9s aux \u00e9trangers ayant port\u00e9 plainte ou t\u00e9moign\u00e9 contre des personnes accus\u00e9es d\u2019infractions de traite des \u00eatres humains ou de prox\u00e9n\u00e9tisme.<\/p>\n<p data-once=\"ldf_glossary_highlight_words\">Source: <a href=\"https:\/\/www.vie-publique.fr\/en-bref\/295762-traite-des-etres-humains-hausse-du-nombre-de-victimes-en-2023\">vie-publique.fr<\/a><\/p>\n<\/div>\n<\/div>\n<\/div>\n<\/div>\n<\/div>\n<\/div>\n<\/div>\n","protected":false},"excerpt":{"rendered":"<p>Les services statistiques des minist\u00e8res de la justice et de l&rsquo;int\u00e9rieur dressent un \u00e9tat des lieux de la traite et de l&rsquo;exploitation des \u00eatres humains en 2023 en France. Le nombre de victimes a augment\u00e9 par rapport \u00e0 l&rsquo;ann\u00e9e derni\u00e8re. La majorit\u00e9 d&rsquo;entre elles sont des femmes. Le prox\u00e9n\u00e9tisme reste la principale forme d&rsquo;exploitation. 2\u00a0100 [&hellip;]<\/p>\n","protected":false},"author":3,"featured_media":6421,"comment_status":"closed","ping_status":"closed","sticky":false,"template":"","format":"standard","meta":{"_exactmetrics_skip_tracking":false,"_exactmetrics_sitenote_active":false,"_exactmetrics_sitenote_note":"","_exactmetrics_sitenote_category":0,"footnotes":""},"categories":[28],"tags":[],"class_list":["post-8664","post","type-post","status-publish","format-standard","has-post-thumbnail","hentry","category-actualites"],"_links":{"self":[{"href":"https:\/\/avenir-gendarmerie.org\/index.php\/wp-json\/wp\/v2\/posts\/8664","targetHints":{"allow":["GET"]}}],"collection":[{"href":"https:\/\/avenir-gendarmerie.org\/index.php\/wp-json\/wp\/v2\/posts"}],"about":[{"href":"https:\/\/avenir-gendarmerie.org\/index.php\/wp-json\/wp\/v2\/types\/post"}],"author":[{"embeddable":true,"href":"https:\/\/avenir-gendarmerie.org\/index.php\/wp-json\/wp\/v2\/users\/3"}],"replies":[{"embeddable":true,"href":"https:\/\/avenir-gendarmerie.org\/index.php\/wp-json\/wp\/v2\/comments?post=8664"}],"version-history":[{"count":1,"href":"https:\/\/avenir-gendarmerie.org\/index.php\/wp-json\/wp\/v2\/posts\/8664\/revisions"}],"predecessor-version":[{"id":8665,"href":"https:\/\/avenir-gendarmerie.org\/index.php\/wp-json\/wp\/v2\/posts\/8664\/revisions\/8665"}],"wp:featuredmedia":[{"embeddable":true,"href":"https:\/\/avenir-gendarmerie.org\/index.php\/wp-json\/wp\/v2\/media\/6421"}],"wp:attachment":[{"href":"https:\/\/avenir-gendarmerie.org\/index.php\/wp-json\/wp\/v2\/media?parent=8664"}],"wp:term":[{"taxonomy":"category","embeddable":true,"href":"https:\/\/avenir-gendarmerie.org\/index.php\/wp-json\/wp\/v2\/categories?post=8664"},{"taxonomy":"post_tag","embeddable":true,"href":"https:\/\/avenir-gendarmerie.org\/index.php\/wp-json\/wp\/v2\/tags?post=8664"}],"curies":[{"name":"wp","href":"https:\/\/api.w.org\/{rel}","templated":true}]}}