{"id":9127,"date":"2025-04-08T08:11:59","date_gmt":"2025-04-08T08:11:59","guid":{"rendered":"https:\/\/avenir-gendarmerie.org\/?p=9127"},"modified":"2025-04-08T08:11:59","modified_gmt":"2025-04-08T08:11:59","slug":"complementaire-sante-solidaire-les-nouveaux-plafonds-de-ressources","status":"publish","type":"post","link":"https:\/\/avenir-gendarmerie.org\/index.php\/2025\/04\/08\/complementaire-sante-solidaire-les-nouveaux-plafonds-de-ressources\/","title":{"rendered":"Compl\u00e9mentaire sant\u00e9 solidaire : les nouveaux plafonds de ressources"},"content":{"rendered":"<div id=\"intro\" class=\"fr-mb-6w\">\n<p class=\"fr-text--lg\">Si vous avez des ressources modestes, vous pouvez b\u00e9n\u00e9ficier de la compl\u00e9mentaire sant\u00e9 solidaire pour \u00eatre aid\u00e9 dans vos d\u00e9penses de sant\u00e9. Selon le niveau de vos revenus, le dispositif est gratuit ou payant. Les plafonds de ressources pour y \u00eatre \u00e9ligible ont \u00e9t\u00e9 relev\u00e9s \u00e0 la suite d\u2019un arr\u00eat\u00e9 publi\u00e9 au\u00a0<span class=\"expression\"><em>Journal officiel<\/em><\/span>\u00a0le 29\u00a0mars\u00a02025.<\/p>\n<\/div>\n<div class=\"fr-my-4w\">\n<div class=\"sp-actu fr-mt-n3w fr-mb-3w\">\n<p data-test=\"contenu-texte\">En fonction de vos ressources, la compl\u00e9mentaire sant\u00e9 solidaire\u00a0(C2S)\u00a0:<\/p>\n<ul class=\"sp-item-list\">\n<li>ne vous co\u00fbte rien\u00a0;<\/li>\n<li>vous co\u00fbte moins de 1\u00a0\u20ac par jour.<\/li>\n<\/ul>\n<p data-test=\"contenu-texte\">Les plafonds de ressources pour \u00eatre \u00e9ligible ont \u00e9t\u00e9 relev\u00e9s le 1<sup>er<\/sup>\u00a0avril\u00a02025.<\/p>\n<p data-test=\"contenu-texte\"><img loading=\"lazy\" decoding=\"async\" class=\"alignnone size-full wp-image-9128\" src=\"https:\/\/avenir-gendarmerie.org\/wp-content\/uploads\/2025\/04\/tableau.jpg\" alt=\"\" width=\"840\" height=\"391\" srcset=\"https:\/\/avenir-gendarmerie.org\/wp-content\/uploads\/2025\/04\/tableau.jpg 840w, https:\/\/avenir-gendarmerie.org\/wp-content\/uploads\/2025\/04\/tableau-300x140.jpg 300w, https:\/\/avenir-gendarmerie.org\/wp-content\/uploads\/2025\/04\/tableau-768x357.jpg 768w, https:\/\/avenir-gendarmerie.org\/wp-content\/uploads\/2025\/04\/tableau-696x324.jpg 696w\" sizes=\"auto, (max-width: 840px) 100vw, 840px\" \/><\/p>\n<p data-test=\"contenu-texte\">Pour conna\u00eetre les plafonds de ressources appliqu\u00e9s dans les d\u00e9partements d&rsquo;Alsace-Moselle, d&rsquo;Outre-mer et \u00e0 Mayotte, consultez la fiche d\u00e9di\u00e9e \u00e0 la\u00a0<a href=\"https:\/\/www.service-public.fr\/particuliers\/vosdroits\/F10027\/personnalisation\/resultat?lang=&amp;quest0=3&amp;quest=\" target=\"_self\" rel=\"noopener noreferrer\">compl\u00e9mentaire sant\u00e9 solidaire<\/a>\u00a0de\u00a0<span class=\"expression\"><em>Service-Public.fr<\/em><\/span>.<\/p>\n<p data-test=\"contenu-texte\">Les ressources prises en compte sont celles que vous avez per\u00e7ues durant les 12\u00a0mois pr\u00e9c\u00e9dant l&rsquo;avant-dernier mois de votre demande. Par exemple, pour une demande faite en avril\u00a02025, la p\u00e9riode de r\u00e9f\u00e9rence est comprise entre le 1<sup>er<\/sup>\u00a0mars\u00a02024 et le 29\u00a0f\u00e9vrier\u00a02025. Vous pouvez v\u00e9rifier votre \u00e9ligibilit\u00e9 \u00e0 la compl\u00e9mentaire sant\u00e9 solidaire\u00a0<a title=\"gr\u00e2ce \u00e0 un simulateur du portail mesdroitssociaux.gouv.fr - www.mesdroitssociaux.gouv.fr - Nouvelle fen\u00eatre\" href=\"https:\/\/www.mesdroitssociaux.gouv.fr\/votre-simulateur\/accueil\" target=\"_blank\" rel=\"noopener noreferrer\">gr\u00e2ce \u00e0 un simulateur du portail mesdroitssociaux.gouv.fr<\/a>.<\/p>\n<p data-test=\"contenu-texte\">La demande de compl\u00e9mentaire sant\u00e9 solidaire peut \u00eatre effectu\u00e9e\u00a0:<\/p>\n<ul class=\"sp-item-list\">\n<li><a title=\"en ligne - assure.ameli.fr - Nouvelle fen\u00eatre\" href=\"https:\/\/assure.ameli.fr\/PortailAS\/appmanager\/PortailAS\/assure?_somtc=true#)\" target=\"_blank\" rel=\"noopener noreferrer\">en ligne<\/a>, sur votre compte ameli\u00a0;<\/li>\n<\/ul>\n<ul class=\"sp-item-list\">\n<li>en envoyant \u00e0 votre caisse d\u2019assurance maladie un\u00a0<a href=\"https:\/\/www.service-public.fr\/particuliers\/vosdroits\/R54651\" target=\"_self\" rel=\"noopener noreferrer\">formulaire de demande<\/a>\u00a0compl\u00e9t\u00e9 et accompagn\u00e9 des justificatifs demand\u00e9s.<\/li>\n<\/ul>\n<p data-test=\"contenu-texte\">Vous pouvez aussi \u00e9tablir une\u00a0<a href=\"https:\/\/www.service-public.fr\/particuliers\/vosdroits\/R62627\" target=\"_self\" rel=\"noopener noreferrer\">procuration<\/a>\u00a0pour la demande \u00e0 votre caisse.<\/p>\n<p data-test=\"contenu-texte\">Apr\u00e8s la r\u00e9ception de votre dossier, votre caisse d&rsquo;assurance maladie \u00e9tudie votre demande dans un d\u00e9lai de 2\u00a0mois et vous informe de sa d\u00e9cision.<\/p>\n<p data-test=\"contenu-texte\">Si votre demande est accept\u00e9e, l&rsquo;ensemble de votre foyer b\u00e9n\u00e9ficie de la compl\u00e9mentaire sant\u00e9 solidaire, autrement dit\u00a0:<\/p>\n<ul class=\"sp-item-list\">\n<li>vous-m\u00eame\u00a0;<\/li>\n<li>votre conjoint(e), votre concubin(e) ou votre partenaire de Pacs\u00a0(pacte civil de solidarit\u00e9)\u00a0;<\/li>\n<li>les personnes de moins de 25\u00a0ans \u00e0 votre charge.<\/li>\n<\/ul>\n<div class=\"fr-highlight  fr-my-4w fr-ml-0 sp-bg-white fr-py-1w\" data-test=\"citation\" data-fr-js-highlight-actionee=\"true\">\n<p class=\"fr-text--bold\"><strong>Rappel<\/strong><\/p>\n<p>La compl\u00e9mentaire sant\u00e9 solidaire vous permet de payer les d\u00e9penses de sant\u00e9 non couvertes par l\u2019assurance maladie obligatoire. Gr\u00e2ce \u00e0 elle, vous pouvez donc b\u00e9n\u00e9ficier d&rsquo;une prise en charge de la totalit\u00e9 de vos frais, sans avoir \u00e0 les avancer, pour un certain nombre de prestations m\u00e9dicales (m\u00e9dicaments, consultations m\u00e9dicales, hospitalisations, certaines lunettes, proth\u00e8ses auditives et dentaires\u2026).<\/p>\n<p>Source: <a href=\"https:\/\/www.service-public.fr\/particuliers\/actualites\/A17326\">service-public.fr<\/a><\/p>\n<\/div>\n<\/div>\n<\/div>\n","protected":false},"excerpt":{"rendered":"<p>Si vous avez des ressources modestes, vous pouvez b\u00e9n\u00e9ficier de la compl\u00e9mentaire sant\u00e9 solidaire pour \u00eatre aid\u00e9 dans vos d\u00e9penses de sant\u00e9. Selon le niveau de vos revenus, le dispositif est gratuit ou payant. Les plafonds de ressources pour y \u00eatre \u00e9ligible ont \u00e9t\u00e9 relev\u00e9s \u00e0 la suite d\u2019un arr\u00eat\u00e9 publi\u00e9 au\u00a0Journal officiel\u00a0le 29\u00a0mars\u00a02025. En [&hellip;]<\/p>\n","protected":false},"author":3,"featured_media":3432,"comment_status":"closed","ping_status":"closed","sticky":false,"template":"","format":"standard","meta":{"_exactmetrics_skip_tracking":false,"_exactmetrics_sitenote_active":false,"_exactmetrics_sitenote_note":"","_exactmetrics_sitenote_category":0,"footnotes":""},"categories":[28],"tags":[],"class_list":["post-9127","post","type-post","status-publish","format-standard","has-post-thumbnail","hentry","category-actualites"],"_links":{"self":[{"href":"https:\/\/avenir-gendarmerie.org\/index.php\/wp-json\/wp\/v2\/posts\/9127","targetHints":{"allow":["GET"]}}],"collection":[{"href":"https:\/\/avenir-gendarmerie.org\/index.php\/wp-json\/wp\/v2\/posts"}],"about":[{"href":"https:\/\/avenir-gendarmerie.org\/index.php\/wp-json\/wp\/v2\/types\/post"}],"author":[{"embeddable":true,"href":"https:\/\/avenir-gendarmerie.org\/index.php\/wp-json\/wp\/v2\/users\/3"}],"replies":[{"embeddable":true,"href":"https:\/\/avenir-gendarmerie.org\/index.php\/wp-json\/wp\/v2\/comments?post=9127"}],"version-history":[{"count":1,"href":"https:\/\/avenir-gendarmerie.org\/index.php\/wp-json\/wp\/v2\/posts\/9127\/revisions"}],"predecessor-version":[{"id":9129,"href":"https:\/\/avenir-gendarmerie.org\/index.php\/wp-json\/wp\/v2\/posts\/9127\/revisions\/9129"}],"wp:featuredmedia":[{"embeddable":true,"href":"https:\/\/avenir-gendarmerie.org\/index.php\/wp-json\/wp\/v2\/media\/3432"}],"wp:attachment":[{"href":"https:\/\/avenir-gendarmerie.org\/index.php\/wp-json\/wp\/v2\/media?parent=9127"}],"wp:term":[{"taxonomy":"category","embeddable":true,"href":"https:\/\/avenir-gendarmerie.org\/index.php\/wp-json\/wp\/v2\/categories?post=9127"},{"taxonomy":"post_tag","embeddable":true,"href":"https:\/\/avenir-gendarmerie.org\/index.php\/wp-json\/wp\/v2\/tags?post=9127"}],"curies":[{"name":"wp","href":"https:\/\/api.w.org\/{rel}","templated":true}]}}