{"id":9130,"date":"2025-04-08T08:14:03","date_gmt":"2025-04-08T08:14:03","guid":{"rendered":"https:\/\/avenir-gendarmerie.org\/?p=9130"},"modified":"2025-04-08T08:14:03","modified_gmt":"2025-04-08T08:14:03","slug":"la-gendarmerie-nationale-et-lunesco-sunissent-contre-les-violences-sexistes-et-sexuelles","status":"publish","type":"post","link":"https:\/\/avenir-gendarmerie.org\/index.php\/2025\/04\/08\/la-gendarmerie-nationale-et-lunesco-sunissent-contre-les-violences-sexistes-et-sexuelles\/","title":{"rendered":"La gendarmerie nationale et l\u2019UNESCO s\u2019unissent contre les violences sexistes et sexuelles"},"content":{"rendered":"<div class=\"fr-text--lead ezrichtext-field\">\n<p>Une convention entre la gendarmerie nationale et l\u2019UNESCO a \u00e9t\u00e9 sign\u00e9e au si\u00e8ge de l\u2019UNESCO, \u00e0 Paris, le 25\u00a0mars 2025. Cet accord vient ent\u00e9riner un partenariat de formation au profit des agents francophones de l\u2019ONU, lanc\u00e9 en 2019, afin de lutter contre les violences sexistes et sexuelles.<\/p>\n<\/div>\n<div class=\"ezrichtext-field\">\n<p>\u00ab\u00a0<em>Nous sommes r\u00e9unis ici ce jour pour renouveler le partenariat unique entre le minist\u00e8re fran\u00e7ais de l&rsquo;Int\u00e9rieur, repr\u00e9sent\u00e9 par la gendarmerie nationale, et l&rsquo;UNESCO. Ce partenariat, \u00e9tabli en 2019, est un exemple de l&rsquo;excellente coop\u00e9ration qui existe entre l&rsquo;Organisation des Nations unies pour l&rsquo;\u00e9ducation, la science et la culture, et la France, h\u00f4te du si\u00e8ge de l&rsquo;UNESCO. Nous le renouvelons aujourd\u2019hui, au moment o\u00f9 se cl\u00f4ture la semaine de la francophonie, pour qu\u2019il continue de renforcer les capacit\u00e9s des enqu\u00eateurs francophones [de l\u2019ONU, NDLR] \u00e0 lutter contre les abus sexuels, le harc\u00e8lement, les agressions et violences sexistes [&#8230;]. Notre organisation et les agences onusiennes participantes sont heureuses de pouvoir compter depuis plusieurs ann\u00e9es sur le soutien du minist\u00e8re de l&rsquo;Int\u00e9rieur et le savoir-faire des experts de la gendarmerie nationale fran\u00e7aise, dont la r\u00e9putation est mondialement reconnue<\/em>\u00a0\u00bb, a d\u00e9clar\u00e9 le matin du 25\u00a0mars 2025 Madame Jennifer Linkins, sous-directrice g\u00e9n\u00e9rale en charge de l\u2019administration \u00e0 l\u2019UNESCO.<br \/>\nLe g\u00e9n\u00e9ral de corps d\u2019arm\u00e9e Laurent Bitouzet, Commandant les \u00e9coles de la gendarmerie nationale (CEGN), a rappel\u00e9 l\u2019engagement de la gendarmerie nationale, au sein du minist\u00e8re de l\u2019Int\u00e9rieur, \u00e0 poursuivre \u00ab\u00a0<em>cette coop\u00e9ration, cet accueil de vos agents, peut-\u00eatre dans des dimensions plus importantes s&rsquo;il y a des besoins. Nous \u00e9tudions la possibilit\u00e9 d&rsquo;\u00e9largir le panel des participants ou le nombre de sessions [\u2026].\u00a0<\/em>\u00bb<br \/>\nQuelques instants plus tard, le g\u00e9n\u00e9ral Laurent Bitouzet et Monsieur Bernardin Assienne, directeur de la division des services de contr\u00f4le interne de l&rsquo;UNESCO, ont sign\u00e9 la convention qui marque le renforcement du programme de formation, en pr\u00e9sence du directeur g\u00e9n\u00e9ral adjoint de l\u2019UNESCO, Monsieur Xing Qu, de Madame Jennifer Linkins, du g\u00e9n\u00e9ral de division Dominique Lambert, sous-directeur de la police judiciaire, du g\u00e9n\u00e9ral St\u00e9phane Lacroix, charg\u00e9 de mission aupr\u00e8s du Directeur g\u00e9n\u00e9ral de la gendarmerie nationale, et du colonel Emmanuel Bobo, chef du Centre national de la formation au renseignement et \u00e0 l\u2019investigation (CNFRI).<\/p>\n<h2>Une collaboration efficace<\/h2>\n<p>Le premier cycle de stages, d\u2019une dur\u00e9e de trois semaines et d\u00e9di\u00e9 aux techniques d\u2019enqu\u00eate, a d\u00e9but\u00e9 en 2019 au CNFRI, \u00e0 Rosny-sous-Bois. Il s\u2019\u00e9tend sur trois ans. Con\u00e7u \u00e0 partir des formations r\u00e9alis\u00e9es au profit des unit\u00e9s de recherches de la gendarmerie, il s\u2019adresse aux enqu\u00eateurs des agences francophones de l\u2019ONU, qui b\u00e9n\u00e9ficient de ce savoir-faire de mani\u00e8re \u00e0 la fois progressive et dense.<br \/>\nCes agents sont amen\u00e9s \u00e0 conduire des enqu\u00eates internes dans un cadre administratif, pour tout ce qui concerne des faits de violences sexuelles ou de harc\u00e8lement sexuel\u00a0: un m\u00e9tier d\u2019enqu\u00eateur \u00e0 part enti\u00e8re mais dans un cadre diff\u00e9rent. \u00ab\u00a0<em>Au cours de ce stage, nous leur dispensons une pr\u00e9sentation th\u00e9orique des techniques que nous appliquons en gendarmerie, puis nous les mettons en situation de fa\u00e7on pratique et ils s\u2019auditionnent entre eux. Chaque mise en situation donne ensuite lieu \u00e0 un d\u00e9briefing. Cette premi\u00e8re semaine est d\u00e9j\u00e0 assez dense\u00a0<\/em>\u00bb, explique le colonel Bobo.<br \/>\nCette formation est tr\u00e8s pris\u00e9e des agents de l\u2019ONU, dont les profils sont tr\u00e8s vari\u00e9s. Ils ont tous une exp\u00e9rience dans le civil comme magistrats, journalistes, policiers ou m\u00eame gendarmes, qu\u2019ils ont acquise avant de rejoindre l\u2019ONU. \u00ab\u00a0<em>Ils ont choisi cette fili\u00e8re d\u2019enqu\u00eate interne, que l\u2019on pourrait comparer \u00e0 l\u2019Inspection g\u00e9n\u00e9rale de la gendarmerie nationale (IGGN), et se montrent particuli\u00e8rement demandeurs de cette formation, poursuit le chef du CNFRI. Nous avons vingt places pour le stage, pour environ 80 candidats. Il y a aussi eu beaucoup de bouche-\u00e0-oreille en plus des appels \u00e0 volontaires<\/em>.\u00a0\u00bb<br \/>\nCes stagiaires, qui viennent de nombreuses agences r\u00e9parties dans plusieurs pays diff\u00e9rents, parlent plusieurs langues et posent des questions ou exposent des cas pratiques inspir\u00e9s d\u2019exp\u00e9riences r\u00e9elles tr\u00e8s vari\u00e9es, ce qui rend \u00ab<em>\u00a0ce stage particuli\u00e8rement interactif avec nos formateurs, qui se doivent d\u2019\u00eatre tr\u00e8s pointus<\/em>\u00a0\u00bb, ajoute l\u2019officier sup\u00e9rieur.<br \/>\nSur le plan du contenu, comme lors du premier cycle, la premi\u00e8re semaine de formation est d\u00e9di\u00e9e aux techniques d\u2019audition de majeurs, la deuxi\u00e8me est orient\u00e9e sur les auditions de mineurs, et la derni\u00e8re se concentre sur le contact avec un agent de renseignement.<\/p>\n<p>De leur c\u00f4t\u00e9, les stagiaires saluent la pertinence des enseignements re\u00e7us, adapt\u00e9s \u00e0 leurs besoins. \u00ab\u00a0<em>Les connaissances que l\u2019on nous apporte sont vraiment pouss\u00e9es, que ce soit sur les aspects th\u00e9oriques ou pratiques, d\u00e9clare Laura, de la FAO. Il y a une vraie expertise de terrain, du fait de la diversit\u00e9 et de la gravit\u00e9 des affaires auxquelles les gendarmes sont confront\u00e9s. [\u2026] Les exercices sont concrets et tr\u00e8s bien faits. B\u00e9n\u00e9ficier de tous ces savoirs pour am\u00e9liorer nos techniques d\u2019enqu\u00eate, je trouve cela tr\u00e8s pr\u00e9cieux.<\/em>\u00a0\u00bb Ce que confirme \u00e9galement La\u00ebtizia, ancienne juriste travaillant \u00e9galement pour la FAO, qui cherchait depuis 3\u00a0ans \u00e0 d\u00e9crocher une place pour ce cycle. \u00ab<em>\u00a0Je n\u2019avais pas re\u00e7u de formation auparavant. Je me suis toujours un peu bas\u00e9e sur mon bagage juridique et mon intuition. [&#8230;] Ici, j\u2019apprends beaucoup de choses concr\u00e8tes auxquelles je n\u2019aurais pas pens\u00e9, des conseils que je pourrai aussi donner aux autres<\/em>\u00a0\u00bb, ajoute-t-elle.<\/p>\n<div class=\"\">\n<div class=\"mb-8\" data-controller=\"common--carousel\">\n<section id=\"splide03\" class=\"splide splide--fade splide--ltr splide--draggable is-active is-overflow is-initialized\" data-common--carousel-target=\"main\" aria-label=\"The carousel with thumbnails. Selecting a thumbnail will change the Beautiful Gallery carousel.\" aria-roledescription=\"carousel\">\n<div id=\"splide03-track\" class=\"splide__track splide__track--fade splide__track--ltr splide__track--draggable\" aria-live=\"polite\" aria-atomic=\"true\">\n<h2>Un partenariat \u00e0 poursuivre<\/h2>\n<p>La convention sign\u00e9e le 25\u00a0mars vient ent\u00e9riner et p\u00e9renniser une coop\u00e9ration dont toutes les parties prenantes se disent particuli\u00e8rement satisfaites et qui a vocation \u00e0 \u00e9voluer.<br \/>\nLe g\u00e9n\u00e9ral Laurent Bitouzet a rappel\u00e9 que \u00ab\u00a0<em>ces formations sont constamment revues et actualis\u00e9es, \u00e0 partir de ce qui se passe sur le terrain, \u00e0 partir des besoins de vos agents dans leur quotidien. Elles sont nourries par nos m\u00e9thodes d\u2019enqu\u00eates internes et nous permettent d\u2019aboutir \u00e0 d&rsquo;autres approches sur des sujets tels que celui des violences sexuelles et sexistes. Par ailleurs, les \u00e9changes \u00e0 l&rsquo;international, notamment gr\u00e2ce \u00e0 notre r\u00e9seau d\u2019attach\u00e9s de s\u00e9curit\u00e9 int\u00e9rieure, pilot\u00e9 par la DCIS et par le cabinet du DGGN, nous permettent \u00e9galement de trouver comment adapter les formations propos\u00e9es aux besoins rencontr\u00e9s. Nous allons continuer \u00e0 mettre \u00e0 jour cette formation et \u00e0 d\u00e9velopper notre collaboration aupr\u00e8s de l&rsquo;UNESCO et des autres agences de l&rsquo;ONU, afin de pouvoir mieux encore diffuser l&rsquo;offre internationale de formation de la gendarmerie.\u00a0<\/em>\u00bb Cette offre qualitative et efficace est reconnue, comme en atteste le renouvellement de la convention.<br \/>\nDe son c\u00f4t\u00e9, Bernardin Ascienne, \u00e9galement responsable de la fonction d&rsquo;enqu\u00eate au sein de l&rsquo;UNESCO, d\u00e9voile ses attentes et ses objectifs pour les ann\u00e9es \u00e0 venir\u00a0: \u00ab\u00a0<em>Nous attendons de cette formation un renouvellement du point de vue du contenu, mais \u00e9galement la possibilit\u00e9 d\u2019\u00e9tendre le champ d\u2019action, compte tenu des comp\u00e9tences de la gendarmerie nationale sur d&rsquo;autres sujets qui rejoignent les pr\u00e9occupations des Nations unies, notamment les enjeux de corruption ou de trafic illicite de biens culturels. Nous pouvons envisager d\u2019\u00e9largir notre collaboration, afin que la gendarmerie nationale continue d&rsquo;\u00eatre un partenaire technique de r\u00e9f\u00e9rence pour l&rsquo;UNESCO, dans la dur\u00e9e et au-del\u00e0, pour l\u2019ensemble du syst\u00e8me des Nations Unies<\/em>.\u00a0\u00bb<\/p>\n<p>Source: <a href=\"https:\/\/www.gendarmerie.interieur.gouv.fr\/gendinfo\/actualites\/2025\/la-gendarmerie-nationale-et-l-unesco-s-unissent-contre-les-violences-sexistes-et-sexuelles\">gendinfo.fr<\/a><\/p>\n<figure class=\"ez-progressive fr-content-media \" role=\"group\"><\/figure>\n<\/div>\n<\/section>\n<\/div>\n<\/div>\n<div class=\"\">\n<div class=\"mb-8\" data-controller=\"common--carousel\">\n<section id=\"splide01\" class=\"splide splide--fade splide--ltr splide--draggable is-active is-overflow is-initialized\" data-common--carousel-target=\"main\" aria-label=\"The carousel with thumbnails. Selecting a thumbnail will change the Beautiful Gallery carousel.\" aria-roledescription=\"carousel\">\n<div id=\"splide01-track\" class=\"splide__track splide__track--fade splide__track--ltr splide__track--draggable\" aria-live=\"polite\" aria-atomic=\"true\"><\/div>\n<\/section>\n<\/div>\n<\/div>\n<\/div>\n","protected":false},"excerpt":{"rendered":"<p>Une convention entre la gendarmerie nationale et l\u2019UNESCO a \u00e9t\u00e9 sign\u00e9e au si\u00e8ge de l\u2019UNESCO, \u00e0 Paris, le 25\u00a0mars 2025. Cet accord vient ent\u00e9riner un partenariat de formation au profit des agents francophones de l\u2019ONU, lanc\u00e9 en 2019, afin de lutter contre les violences sexistes et sexuelles. \u00ab\u00a0Nous sommes r\u00e9unis ici ce jour pour renouveler [&hellip;]<\/p>\n","protected":false},"author":3,"featured_media":9131,"comment_status":"closed","ping_status":"closed","sticky":false,"template":"","format":"standard","meta":{"_exactmetrics_skip_tracking":false,"_exactmetrics_sitenote_active":false,"_exactmetrics_sitenote_note":"","_exactmetrics_sitenote_category":0,"footnotes":""},"categories":[28],"tags":[],"class_list":["post-9130","post","type-post","status-publish","format-standard","has-post-thumbnail","hentry","category-actualites"],"_links":{"self":[{"href":"https:\/\/avenir-gendarmerie.org\/index.php\/wp-json\/wp\/v2\/posts\/9130","targetHints":{"allow":["GET"]}}],"collection":[{"href":"https:\/\/avenir-gendarmerie.org\/index.php\/wp-json\/wp\/v2\/posts"}],"about":[{"href":"https:\/\/avenir-gendarmerie.org\/index.php\/wp-json\/wp\/v2\/types\/post"}],"author":[{"embeddable":true,"href":"https:\/\/avenir-gendarmerie.org\/index.php\/wp-json\/wp\/v2\/users\/3"}],"replies":[{"embeddable":true,"href":"https:\/\/avenir-gendarmerie.org\/index.php\/wp-json\/wp\/v2\/comments?post=9130"}],"version-history":[{"count":1,"href":"https:\/\/avenir-gendarmerie.org\/index.php\/wp-json\/wp\/v2\/posts\/9130\/revisions"}],"predecessor-version":[{"id":9132,"href":"https:\/\/avenir-gendarmerie.org\/index.php\/wp-json\/wp\/v2\/posts\/9130\/revisions\/9132"}],"wp:featuredmedia":[{"embeddable":true,"href":"https:\/\/avenir-gendarmerie.org\/index.php\/wp-json\/wp\/v2\/media\/9131"}],"wp:attachment":[{"href":"https:\/\/avenir-gendarmerie.org\/index.php\/wp-json\/wp\/v2\/media?parent=9130"}],"wp:term":[{"taxonomy":"category","embeddable":true,"href":"https:\/\/avenir-gendarmerie.org\/index.php\/wp-json\/wp\/v2\/categories?post=9130"},{"taxonomy":"post_tag","embeddable":true,"href":"https:\/\/avenir-gendarmerie.org\/index.php\/wp-json\/wp\/v2\/tags?post=9130"}],"curies":[{"name":"wp","href":"https:\/\/api.w.org\/{rel}","templated":true}]}}