{"id":9146,"date":"2025-04-14T06:16:40","date_gmt":"2025-04-14T06:16:40","guid":{"rendered":"https:\/\/avenir-gendarmerie.org\/?p=9146"},"modified":"2025-04-14T06:16:40","modified_gmt":"2025-04-14T06:16:40","slug":"inauguration-du-village-des-blesses-au-centre-national-des-sports-de-la-defense","status":"publish","type":"post","link":"https:\/\/avenir-gendarmerie.org\/index.php\/2025\/04\/14\/inauguration-du-village-des-blesses-au-centre-national-des-sports-de-la-defense\/","title":{"rendered":"Inauguration du village des bless\u00e9s au Centre national des sports de la D\u00e9fense"},"content":{"rendered":"<div class=\"fr-text--lead ezrichtext-field\">\n<p>Le village des bless\u00e9s Adjudant G\u00e9o Andr\u00e9, situ\u00e9 au sein du Centre national des sports de la D\u00e9fense (CNSD), \u00e0 Fontainebleau, a \u00e9t\u00e9 inaugur\u00e9 ce vendredi 11 avril 2025, en pr\u00e9sence de la ministre d\u00e9l\u00e9gu\u00e9e aupr\u00e8s du ministre des Arm\u00e9es, charg\u00e9e de la M\u00e9moire et des Anciens combattants, Patricia Miralles, de la ministre des Sports, de la Jeunesse et de la Vie associative, Marie Barsacq, du g\u00e9n\u00e9ral d\u2019arm\u00e9e Pierre Schill, chef d\u2019\u00e9tat-major de l\u2019arm\u00e9e de Terre, et du g\u00e9n\u00e9ral de corps d\u2019arm\u00e9e \u00c9douard Hubscher, Directeur des ressources humaines de la Gendarmerie nationale (DRHGN), qui repr\u00e9sentait le Directeur g\u00e9n\u00e9ral de la Gendarmerie nationale (DGGN).<\/p>\n<\/div>\n<div class=\"ezrichtext-field\">\n<p>Avec le bleu immacul\u00e9 du ciel et les rayons de soleil s\u2019infiltrant entre les branches, le village des bless\u00e9s\u00a0<a title=\"\" href=\"https:\/\/www.defense.gouv.fr\/actualites\/athlete-militaire-lincroyable-parcours-geo-andre\" target=\"_blank\" rel=\"noopener\">Adjudant G\u00e9o Andr\u00e9<\/a>, inaugur\u00e9 ce vendredi 11 avril 2025 au Centre national des sports de la D\u00e9fense (CNSD), \u00e0 Fontainebleau, avait des airs de village de vacances. \u00ab\u00a0<em>C\u2019est la concr\u00e9tisation d\u2019une intuition n\u00e9e en 2019, de la volont\u00e9 et de la forte d\u00e9termination de l\u2019Arm\u00e9e de Terre de compl\u00e9ter l\u2019accompagnement des bless\u00e9s et de leur famille engag\u00e9s dans un processus de reconstruction par le sport\u00a0<\/em>\u00bb, a indiqu\u00e9 le g\u00e9n\u00e9ral Paul Sanzey, commissaire interarm\u00e9es aux sports et commandant du CNSD. Il a tenu \u00e0 remercier les nombreux donateurs pour leur contribution majeure \u00e0 ce programme ambitieux, notamment le fonds de dotation pour les bless\u00e9s et leur famille cr\u00e9\u00e9 par l\u2019Un\u00e9o, incluant SOLIDARM et la Caisse nationale du gendarme, l\u2019association T\u00e9go, l\u2019Union des bless\u00e9s de la face et de la t\u00eate, la F\u00e9d\u00e9ration nationale Andr\u00e9 Maginot et l\u2019association Les Ailes bris\u00e9es. Le g\u00e9n\u00e9ral Sanzey a \u00e9galement soulign\u00e9 l\u2019apport de la Gendarmerie nationale, co-financi\u00e8re du projet.<\/p>\n<h2>100 places d\u2019h\u00e9bergement dans une trentaine de bungalows<\/h2>\n<p>Cette inauguration s\u2019est d\u00e9roul\u00e9e en pr\u00e9sence de nombreuses autorit\u00e9s civiles et militaires, dont la ministre d\u00e9l\u00e9gu\u00e9e aupr\u00e8s du ministre des Arm\u00e9es, charg\u00e9e de la M\u00e9moire et des Anciens combattants, Patricia Miralles, la ministre des Sports, de la Jeunesse et de la Vie associative, Marie Barsacq, le g\u00e9n\u00e9ral d\u2019arm\u00e9e Pierre Schill, chef d\u2019\u00e9tat-major de l\u2019arm\u00e9e de Terre, et le g\u00e9n\u00e9ral de corps d\u2019arm\u00e9e \u00c9douard Hubscher, Directeur des ressources humaines de la Gendarmerie nationale (DRHGN), qui repr\u00e9sentait le Directeur g\u00e9n\u00e9ral de la Gendarmerie nationale (DGGN).<\/p>\n<p>Apr\u00e8s la coupure de ruban et le d\u00e9voilement de plaque, la ministre Patricia Miralles a indiqu\u00e9 qu\u2019elle avait pos\u00e9 la premi\u00e8re pierre du village il y a un an et quatre mois, et qu\u2019elle se souvenait de l\u2019\u00e9motion ressentie alors. \u00ab\u00a0<em>Ce que nous avons construit ici, c\u2019est le prolongement d\u2019un mod\u00e8le, l\u2019\u00e9vidence d\u2019une certitude,\u00a0<\/em>a-t-elle d\u00e9clar\u00e9. (&#8230;)\u00a0<em>La certitude que nos militaires se construisent par le sport, grandissent par le sport, se renforcent par le sport. Et quand survient la blessure, physique ou psychique, le sport sera \u00e9galement l\u2019instrument de leur reconstruction.\u00a0<\/em>\u00bb<\/p>\n<p>Patricia Miralles a \u00e9galement tenu \u00e0 remercier la Gendarmerie nationale, son Directeur g\u00e9n\u00e9ral ainsi que son pr\u00e9d\u00e9cesseur, qui se sont pleinement engag\u00e9s pour la r\u00e9ussite de cette ambition.<\/p>\n<p>Proposant cent places d\u2019h\u00e9bergement dans une trentaine de bungalows, le village accueillera ses premiers pensionnaires en janvier 2026. Il proposera aux bless\u00e9s un programme adapt\u00e9 pouvant aller d\u2019une semaine (stage court) \u00e0 trois semaines (stage long). S\u2019adressant aux bless\u00e9s pr\u00e9sents, la ministre a ajout\u00e9 : \u00ab\u00a0<em>Je sais \u00e0 quel point c\u2019est important pour vous, chers soldats et chers gendarmes, de pouvoir \u00eatre entre vous, de savoir que vous pourrez partager votre quotidien avec ceux qui vous comprennent. (\u2026) Les familles pourront aussi \u00eatre pr\u00e9sentes, voir \u00e9voluer les bless\u00e9s dans un environnement rassurant. Les familles sont la base arri\u00e8re de nos bless\u00e9s, le soutien bien souvent ind\u00e9fectible, celles qui les accompagnent dans leur souffrance mais aussi dans leurs victoires.\u00a0<\/em>\u00bb<\/p>\n<p>L\u2019inauguration s\u2019est poursuivie par la remise des m\u00e9dailles du challenge\u00a0<em>Ad Victoriam\u00a0<\/em>2024, qui comprend huit \u00e9tapes multi-activit\u00e9s propos\u00e9es pendant l\u2019ann\u00e9e au CNSD. Parmi les dix militaires r\u00e9compens\u00e9s, deux gendarmes\u00a0: le major honoraire Dominique et l\u2019adjudant Guy.<\/p>\n<p>Source: <a href=\"https:\/\/www.gendarmerie.interieur.gouv.fr\/gendinfo\/actualites\/2025\/inauguration-du-village-des-blesses-au-centre-national-des-sports-de-la-defense\">gendinfo.fr<\/a><\/p>\n<\/div>\n","protected":false},"excerpt":{"rendered":"<p>Le village des bless\u00e9s Adjudant G\u00e9o Andr\u00e9, situ\u00e9 au sein du Centre national des sports de la D\u00e9fense (CNSD), \u00e0 Fontainebleau, a \u00e9t\u00e9 inaugur\u00e9 ce vendredi 11 avril 2025, en pr\u00e9sence de la ministre d\u00e9l\u00e9gu\u00e9e aupr\u00e8s du ministre des Arm\u00e9es, charg\u00e9e de la M\u00e9moire et des Anciens combattants, Patricia Miralles, de la ministre des Sports, [&hellip;]<\/p>\n","protected":false},"author":3,"featured_media":9147,"comment_status":"closed","ping_status":"closed","sticky":false,"template":"","format":"standard","meta":{"_exactmetrics_skip_tracking":false,"_exactmetrics_sitenote_active":false,"_exactmetrics_sitenote_note":"","_exactmetrics_sitenote_category":0,"footnotes":""},"categories":[28],"tags":[],"class_list":["post-9146","post","type-post","status-publish","format-standard","has-post-thumbnail","hentry","category-actualites"],"_links":{"self":[{"href":"https:\/\/avenir-gendarmerie.org\/index.php\/wp-json\/wp\/v2\/posts\/9146","targetHints":{"allow":["GET"]}}],"collection":[{"href":"https:\/\/avenir-gendarmerie.org\/index.php\/wp-json\/wp\/v2\/posts"}],"about":[{"href":"https:\/\/avenir-gendarmerie.org\/index.php\/wp-json\/wp\/v2\/types\/post"}],"author":[{"embeddable":true,"href":"https:\/\/avenir-gendarmerie.org\/index.php\/wp-json\/wp\/v2\/users\/3"}],"replies":[{"embeddable":true,"href":"https:\/\/avenir-gendarmerie.org\/index.php\/wp-json\/wp\/v2\/comments?post=9146"}],"version-history":[{"count":1,"href":"https:\/\/avenir-gendarmerie.org\/index.php\/wp-json\/wp\/v2\/posts\/9146\/revisions"}],"predecessor-version":[{"id":9148,"href":"https:\/\/avenir-gendarmerie.org\/index.php\/wp-json\/wp\/v2\/posts\/9146\/revisions\/9148"}],"wp:featuredmedia":[{"embeddable":true,"href":"https:\/\/avenir-gendarmerie.org\/index.php\/wp-json\/wp\/v2\/media\/9147"}],"wp:attachment":[{"href":"https:\/\/avenir-gendarmerie.org\/index.php\/wp-json\/wp\/v2\/media?parent=9146"}],"wp:term":[{"taxonomy":"category","embeddable":true,"href":"https:\/\/avenir-gendarmerie.org\/index.php\/wp-json\/wp\/v2\/categories?post=9146"},{"taxonomy":"post_tag","embeddable":true,"href":"https:\/\/avenir-gendarmerie.org\/index.php\/wp-json\/wp\/v2\/tags?post=9146"}],"curies":[{"name":"wp","href":"https:\/\/api.w.org\/{rel}","templated":true}]}}