{"id":9150,"date":"2025-04-14T08:06:01","date_gmt":"2025-04-14T08:06:01","guid":{"rendered":"https:\/\/avenir-gendarmerie.org\/?p=9150"},"modified":"2025-04-14T08:06:01","modified_gmt":"2025-04-14T08:06:01","slug":"sorties-de-prison-en-2024-une-hausse-des-amenagements-de-peine-pour-les-delits","status":"publish","type":"post","link":"https:\/\/avenir-gendarmerie.org\/index.php\/2025\/04\/14\/sorties-de-prison-en-2024-une-hausse-des-amenagements-de-peine-pour-les-delits\/","title":{"rendered":"Sorties de prison en 2024 : une hausse des am\u00e9nagements de peine pour les d\u00e9lits"},"content":{"rendered":"<p class=\"fr-text--lead vp-page-chapo\"><span class=\"field field--name-field-chapo field--type-string-long field--label-hidden field__item\">Le service des statistiques du minist\u00e8re de la justice a publi\u00e9 une \u00e9tude sur les sorties de prison au cours de l\u2019ex\u00e9cution de la peine. Semi-libert\u00e9, placement \u00e0 l\u2019ext\u00e9rieur, d\u00e9tention \u00e0 domicile sous surveillance \u00e9lectronique&#8230; les am\u00e9nagements des peines connaissent une forte hausse depuis 2022.<\/span><\/p>\n<div class=\"vp-page-content\">\n<div class=\"field field--name-field-paragraphe field--type-entity-reference-revisions field--label-hidden field__items\">\n<div class=\"field__item\">\n<div class=\"paragraph paragraph--type--paragraphe paragraph--view-mode--default\">\n<div class=\"field field--name-field-corps-de-texte field--type-text-long field--label-hidden field__item\">\n<p data-once=\"ldf_glossary_highlight_words\">\u00ab\u00a0<em>En 2024, 47% des sorties de prison pour les personnes condamn\u00e9es pour d\u00e9lit correspondent \u00e0 un am\u00e9nagement de peine<\/em>\u00ab\u00a0, soit une hausse de 2,1 points par rapport \u00e0 2023 (cette part \u00e9tant de 33% en 2022). C&rsquo;est le constat d&rsquo;une\u00a0<a title=\"\u00c9tude - Minist\u00e8re de la justice - Nouvelle fen\u00eatre\" href=\"https:\/\/www.justice.gouv.fr\/documentation\/etudes-et-statistiques\/pres-dune-sortie-prison-deux-2024-liee-amenagement-peine\" target=\"_blank\" rel=\"noopener external\">\u00e9tude<\/a>\u00a0du Service de la statistique des \u00e9tudes et de la recherche (SSER) du\u00a0<a class=\"vp-glossary-word\" href=\"https:\/\/www.vie-publique.fr\/en-bref\/298089-sorties-de-prison-en-2024-une-hausse-des-amenagements-de-peine#\" aria-describedby=\"tooltip-612\" data-fr-js-tooltip-referent=\"true\">minist\u00e8re<\/a>\u00a0de la justice publi\u00e9e le 3 avril 2025.<\/p>\n<p data-once=\"ldf_glossary_highlight_words\">Les am\u00e9nagements de peine permettent de sortir de prison avant la fin de la peine et pr\u00e9parent l&rsquo;insertion des d\u00e9tenus. Ils ont fortement augment\u00e9 ces derni\u00e8res ann\u00e9es. Les autres sorties de prison sont des \u00ab\u00a0<em>sorties s\u00e8ches<\/em>\u00a0\u00bb (\u00e0 la fin de la peine, sans accompagnement).<\/p>\n<\/div>\n<\/div>\n<\/div>\n<div class=\"field__item\">\n<div class=\"paragraph paragraph--type--paragraphe paragraph--view-mode--default\">\n<h2 id=\"le-bracelet-\u00e9lectroniqueam\u00e9nagement-de-peine-le-plus-fr\u00e9quent\" class=\"h2\" tabindex=\"-1\">Le bracelet \u00e9lectronique\u00a0:\u00a0am\u00e9nagement de peine le plus fr\u00e9quent<\/h2>\n<div class=\"field field--name-field-corps-de-texte field--type-text-long field--label-hidden field__item\">\n<p data-once=\"ldf_glossary_highlight_words\">La\u00a0<strong>d\u00e9tention \u00e0 domicile sous surveillance \u00e9lectronique (DDSE)<\/strong>, est l&rsquo;<strong>am\u00e9nagement de peine le plus attribu\u00e9 en 2024<\/strong>. Elle repr\u00e9sente\u00a0<strong>42,5% des sorties am\u00e9nag\u00e9es de prison<\/strong>.<\/p>\n<p data-once=\"ldf_glossary_highlight_words\">La\u00a0<a title=\"Lib\u00e9ration sous contrainte - Service-public.fr - Nouvelle fen\u00eatre\" href=\"https:\/\/www.service-public.fr\/particuliers\/vosdroits\/F34150\" target=\"_blank\" rel=\"noopener external\">lib\u00e9ration sous contrainte (LSC)<\/a>\u00a0comprend d&rsquo;autres formes\u00a0:<\/p>\n<ul>\n<li>le placement en semi-libert\u00e9 (SL) : 29,7% des am\u00e9nagements en 2024\u00a0;<\/li>\n<li>la lib\u00e9ration conditionnelle (LC) : 23,7%\u00a0;<\/li>\n<li>le placement ext\u00e9rieur (PE) : 4,1%.<\/li>\n<\/ul>\n<p data-once=\"ldf_glossary_highlight_words\">Par ailleurs, 41,3% des sorties de prison lors d&rsquo;une peine d&#8217;emprisonnement d&rsquo;un an maximum correspondent \u00e0 un am\u00e9nagement de peine, pr\u00e9cise l&rsquo;\u00e9tude. Les sorties am\u00e9nag\u00e9es pour des peines d&rsquo;une dur\u00e9e entre un et deux ans repr\u00e9sentent 54,3% des sorties et 50,3% pour des peines entre deux et cinq ans.<\/p>\n<\/div>\n<\/div>\n<\/div>\n<div class=\"field__item\">\n<div class=\"paragraph paragraph--type--paragraphe paragraph--view-mode--default\">\n<h2 id=\"qui-b\u00e9n\u00e9ficie-des-am\u00e9nagements-de-peine-\" class=\"h2\" tabindex=\"-1\">Qui b\u00e9n\u00e9ficie des am\u00e9nagements de peine ?<\/h2>\n<div class=\"field field--name-field-corps-de-texte field--type-text-long field--label-hidden field__item\">\n<p data-once=\"ldf_glossary_highlight_words\">La d\u00e9cision d&rsquo;accorder un am\u00e9nagement de peine varie selon la nature de l&rsquo;<a class=\"vp-glossary-word\" href=\"https:\/\/www.vie-publique.fr\/en-bref\/298089-sorties-de-prison-en-2024-une-hausse-des-amenagements-de-peine#\" aria-describedby=\"tooltip-2334\" data-fr-js-tooltip-referent=\"true\">infraction<\/a>. Si\u00a0<strong>62,9% des peines pour infraction \u00e0 la circulation routi\u00e8re b\u00e9n\u00e9ficient d&rsquo;am\u00e9nagements<\/strong>, les peines pour atteinte \u00e0 la personne sont moins am\u00e9nag\u00e9es (38,1% en 2024).<\/p>\n<p data-once=\"ldf_glossary_highlight_words\">Les plus concern\u00e9s par les am\u00e9nagements de peine sont\u00a0:<\/p>\n<ul>\n<li>les\u00a0<strong>femmes<\/strong>\u00a0(52,9%)\u00a0;<\/li>\n<li>les\u00a0<strong>jeunes de moins de 25 ans<\/strong>\u00a0(51,1%)\u00a0;<\/li>\n<li>les\u00a0<strong>personnes mari\u00e9es ou en union<\/strong>\u00a0(51,8%)\u00a0;<\/li>\n<li>les\u00a0<strong>personnes de nationalit\u00e9 fran\u00e7aise<\/strong>\u00a0: 52,3% (contre 32,2% pour les personnes de<br \/>\nnationalit\u00e9 \u00e9trang\u00e8re).<\/li>\n<\/ul>\n<p data-once=\"ldf_glossary_highlight_words\">Les faits d&rsquo;\u00eatre h\u00e9berg\u00e9 et d&rsquo;avoir un emploi sont \u00e9galement pris en compte par le\u00a0<a href=\"https:\/\/www.vie-publique.fr\/fiches\/38262-quest-ce-quun-juge-de-lapplication-des-peines-jap\" data-entity-type=\"node\" data-entity-uuid=\"9a1c6eb8-9df3-4486-9ea5-32d50d25f736\" data-entity-substitution=\"canonical\">juge d&rsquo;application des peines (JAP)<\/a>.<\/p>\n<p data-once=\"ldf_glossary_highlight_words\">Le droit \u00e0 la LSC est exclu pour certaines infractions, notamment les crimes et les atteintes \u00e0 la personne sur mineur ou sur une personne d\u00e9positaire de l&rsquo;autorit\u00e9 publique.<\/p>\n<figure>\n<div class=\"fr-callout fr-callout--green-emeraude\" data-fr-js-callout-actionee=\"true\">\n<p class=\"fr-callout__title\" data-once=\"ldf_glossary_highlight_words\">Les conditions d&rsquo;am\u00e9nagement de peine<\/p>\n<p data-once=\"ldf_glossary_highlight_words\">La dur\u00e9e initiale de la peine ne doit pas d\u00e9passer cinq ans (deux ans pour un am\u00e9nagement de plein droit) et la personne condamn\u00e9e doit avoir d\u00e9j\u00e0 effectu\u00e9 au moins les deux tiers (ou le restant \u00e0 ex\u00e9cuter doit \u00eatre de trois mois ou moins dans le cas de la LSC de plein droit). Si la personne ne respecte pas la mesure, le JAP peut ordonner son retour en prison.<\/p>\n<p data-once=\"ldf_glossary_highlight_words\">Source: <a href=\"https:\/\/www.vie-publique.fr\/en-bref\/298089-sorties-de-prison-en-2024-une-hausse-des-amenagements-de-peine\">vie-publique.fr<\/a><\/p>\n<\/div>\n<\/figure>\n<\/div>\n<\/div>\n<\/div>\n<\/div>\n<\/div>\n","protected":false},"excerpt":{"rendered":"<p>Le service des statistiques du minist\u00e8re de la justice a publi\u00e9 une \u00e9tude sur les sorties de prison au cours de l\u2019ex\u00e9cution de la peine. Semi-libert\u00e9, placement \u00e0 l\u2019ext\u00e9rieur, d\u00e9tention \u00e0 domicile sous surveillance \u00e9lectronique&#8230; les am\u00e9nagements des peines connaissent une forte hausse depuis 2022. \u00ab\u00a0En 2024, 47% des sorties de prison pour les personnes [&hellip;]<\/p>\n","protected":false},"author":3,"featured_media":9151,"comment_status":"closed","ping_status":"closed","sticky":false,"template":"","format":"standard","meta":{"_exactmetrics_skip_tracking":false,"_exactmetrics_sitenote_active":false,"_exactmetrics_sitenote_note":"","_exactmetrics_sitenote_category":0,"footnotes":""},"categories":[28],"tags":[],"class_list":["post-9150","post","type-post","status-publish","format-standard","has-post-thumbnail","hentry","category-actualites"],"_links":{"self":[{"href":"https:\/\/avenir-gendarmerie.org\/index.php\/wp-json\/wp\/v2\/posts\/9150","targetHints":{"allow":["GET"]}}],"collection":[{"href":"https:\/\/avenir-gendarmerie.org\/index.php\/wp-json\/wp\/v2\/posts"}],"about":[{"href":"https:\/\/avenir-gendarmerie.org\/index.php\/wp-json\/wp\/v2\/types\/post"}],"author":[{"embeddable":true,"href":"https:\/\/avenir-gendarmerie.org\/index.php\/wp-json\/wp\/v2\/users\/3"}],"replies":[{"embeddable":true,"href":"https:\/\/avenir-gendarmerie.org\/index.php\/wp-json\/wp\/v2\/comments?post=9150"}],"version-history":[{"count":1,"href":"https:\/\/avenir-gendarmerie.org\/index.php\/wp-json\/wp\/v2\/posts\/9150\/revisions"}],"predecessor-version":[{"id":9152,"href":"https:\/\/avenir-gendarmerie.org\/index.php\/wp-json\/wp\/v2\/posts\/9150\/revisions\/9152"}],"wp:featuredmedia":[{"embeddable":true,"href":"https:\/\/avenir-gendarmerie.org\/index.php\/wp-json\/wp\/v2\/media\/9151"}],"wp:attachment":[{"href":"https:\/\/avenir-gendarmerie.org\/index.php\/wp-json\/wp\/v2\/media?parent=9150"}],"wp:term":[{"taxonomy":"category","embeddable":true,"href":"https:\/\/avenir-gendarmerie.org\/index.php\/wp-json\/wp\/v2\/categories?post=9150"},{"taxonomy":"post_tag","embeddable":true,"href":"https:\/\/avenir-gendarmerie.org\/index.php\/wp-json\/wp\/v2\/tags?post=9150"}],"curies":[{"name":"wp","href":"https:\/\/api.w.org\/{rel}","templated":true}]}}