{"id":9547,"date":"2025-12-04T13:43:41","date_gmt":"2025-12-04T13:43:41","guid":{"rendered":"https:\/\/avenir-gendarmerie.org\/?p=9547"},"modified":"2025-12-04T13:43:41","modified_gmt":"2025-12-04T13:43:41","slug":"accidents-du-travail-mortels-764-deces-en-2024","status":"publish","type":"post","link":"https:\/\/avenir-gendarmerie.org\/index.php\/2025\/12\/04\/accidents-du-travail-mortels-764-deces-en-2024\/","title":{"rendered":"Accidents du travail mortels : 764 d\u00e9c\u00e8s en 2024"},"content":{"rendered":"<p class=\"fr-text--lead vp-page-chapo\"><span class=\"field field--name-field-chapo field--type-string-long field--label-hidden field__item\">La branche accidents du travail-maladies professionnelles de l&rsquo;Assurance maladie couvre 20,8 millions de salari\u00e9s du r\u00e9gime g\u00e9n\u00e9ral en 2024. Dans son dernier rapport annuel, elle d\u00e9nombre 764 accidents du travail mortels en 2024 (contre 759 d\u00e9c\u00e8s en 2023, 738 en 2022 et 645 en 2021).<\/span><\/p>\n<div class=\"vp-page-content\">\n<div class=\"field field--name-field-paragraphe field--type-entity-reference-revisions field--label-hidden field__items\">\n<div class=\"field__item\">\n<div class=\"paragraph paragraph--type--paragraphe paragraph--view-mode--default\">\n<div class=\"field field--name-field-corps-de-texte field--type-text-long field--label-hidden field__item\">\n<p data-once=\"ldf_glossary_highlight_words\">Le\u00a0<a title=\"rapport 2024 - Assurance maladie - Nouvelle fen\u00eatre\" href=\"https:\/\/www.assurance-maladie.ameli.fr\/etudes-et-donnees\/2024-rapport-annuel-assurance-maladie-risques-professionnels\" target=\"_blank\" rel=\"noopener external\" data-entity-type=\"external\">rapport 2024<\/a>\u00a0de l&rsquo;Assurance maladie-risques professionnels, publi\u00e9 le 18 novembre 2025, pr\u00e9sente l&rsquo;\u00e9volution des donn\u00e9es de sinistralit\u00e9, des prestations vers\u00e9es et du financement de cette branche.<\/p>\n<\/div>\n<\/div>\n<\/div>\n<div class=\"field__item\">\n<div class=\"paragraph paragraph--type--paragraphe paragraph--view-mode--default\">\n<h2 id=\"des-maladies-professionnelles-en-hausse\" class=\"h2\" tabindex=\"-1\">Des maladies professionnelles en hausse<\/h2>\n<div class=\"field field--name-field-corps-de-texte field--type-text-long field--label-hidden field__item\">\n<p data-once=\"ldf_glossary_highlight_words\">Parmi les sinistres r\u00e9gl\u00e9s avec arr\u00eat de travail et\/ou\u00a0<a title=\"Incapacit\u00e9 permanente (IP). Assurance maladie. Nouvelle fen\u00eatre\" href=\"https:\/\/www.ameli.fr\/val-de-marne\/assure\/remboursements\/incapacite-permanente\" target=\"_blank\" rel=\"noopener external\" data-entity-type=\"external\">incapacit\u00e9 permanente (IP)<\/a>\u00a0en 2024 figurent\u00a0:<\/p>\n<ul>\n<li><strong>549 614 accidents du travail<\/strong>\u00a0(AT). Ils reculent de 1,1% en un an et ont un indice de fr\u00e9quence (IF) de 26,4 pour 1 000 salari\u00e9s. Depuis 2021, les effectifs salari\u00e9s augmentent et les AT diminuent ; en 2024, les effectifs sont les plus \u00e9lev\u00e9s de la d\u00e9cennie, et les AT \u00e0 leur plus bas niveau\u00a0;<\/li>\n<li><strong>94 654 accidents de trajet<\/strong>\u00a0(+0,7%). Ils affichent un IF de 4,6\u00a0;<\/li>\n<li><strong>50 598 maladies professionnelles<\/strong>\u00a0(MP). Elles poursuivent leur hausse (+6,7%), retrouvant leur niveau d\u2019avant Covid-19. Le taux de croissance est de 6,6% pour les troubles musculosquelettiques, qui constituent pr\u00e8s de 90% des MP (IF de 2,2), de 8,5% pour les pathologies li\u00e9es \u00e0 l\u2019amiante et de 9% pour les affections psychiques. Les cas de MP psychiques sont pass\u00e9s de 840 en 2020 \u00e0 1 805 en 2024.<\/li>\n<\/ul>\n<p data-once=\"ldf_glossary_highlight_words\">On d\u00e9nombre\u00a0<strong>1 297 d\u00e9c\u00e8s<\/strong>\u00a0au travail (10 de plus qu\u2019en 2023), dont\u00a0:<\/p>\n<ul>\n<li><strong>764 dus \u00e0 un AT<\/strong>\u00a0(+5). Plus de la moiti\u00e9 de ces d\u00e9c\u00e8s r\u00e9sultent de malaises ; 24% (185 cas) ont une origine professionnelle identifi\u00e9e (manutention, chute\u2026)\u00a0;<\/li>\n<li><strong>318 \u00e0 un accident de trajet<\/strong>\u00a0(-14), dont 222 li\u00e9s au risque routier. 20% des d\u00e9c\u00e8s par accident de trajet touchent des moins de 25 ans\u00a0;<\/li>\n<li>\n<p data-once=\"ldf_glossary_highlight_words\"><strong>215 \u00e0 une MP<\/strong>\u00a0(+19).<\/p>\n<\/li>\n<\/ul>\n<div class=\"field__item\">\n<div class=\"paragraph paragraph--type--paragraphe paragraph--view-mode--default\">\n<h2 id=\"_05-milliards-deuros-de-prestations-vers\u00e9es\" class=\"h2\" tabindex=\"-1\">10,5 milliards d&rsquo;euros de prestations vers\u00e9es<\/h2>\n<div class=\"field field--name-field-corps-de-texte field--type-text-long field--label-hidden field__item\">\n<p data-once=\"ldf_glossary_highlight_words\">Ce montant augmente de 6,5% en 2024 apr\u00e8s +5,2% en 2023 et +3,5% en 2022. Il comprend des\u00a0<strong>prestations<\/strong>\u00a0:<\/p>\n<ul>\n<li><strong>en nature<\/strong>\u00a0correspondant aux frais m\u00e9dicaux :\u00a0<strong>976 millions d\u2019euros<\/strong>\u00a0(+1,8%)\u00a0;<\/li>\n<li><strong>en esp\u00e8ces<\/strong>\u00a0:\u00a0<strong>4,9 milliards d\u2019euros<\/strong>\u00a0d\u2019indemnit\u00e9s journali\u00e8res (IJ) pour arr\u00eat de travail (+10,8%) et\u00a0<strong>4,7 milliards<\/strong>\u00a0d\u2019indemnit\u00e9s en capital et de rentes d\u2019IP (+3,4%). Les IJ constituent pour la premi\u00e8re fois le principal poste de d\u00e9penses de la branche AT\/MP. Leur poids passe de 33% en 2014 \u00e0 46% en 2024 car la croissance des IJ major\u00e9es, qui interviennent d\u00e8s le vingt-neuvi\u00e8me jour, s\u2019acc\u00e9l\u00e8re (+12,1% en 2024).<\/li>\n<\/ul>\n<\/div>\n<\/div>\n<\/div>\n<div class=\"field__item\">\n<div class=\"paragraph paragraph--type--paragraphe paragraph--view-mode--default\">\n<h2 id=\"un-solde-annuel-moins-exc\u00e9dentaire\" class=\"h2\" tabindex=\"-1\">Un solde annuel moins exc\u00e9dentaire<\/h2>\n<div class=\"field field--name-field-corps-de-texte field--type-text-long field--label-hidden field__item\">\n<p data-once=\"ldf_glossary_highlight_words\">Les\u00a0<strong>cotisations<\/strong>\u00a0permettent de financer la branche, notamment les d\u00e9penses des sinistres. Le taux net moyen notifi\u00e9 aux entreprises s\u2019\u00e9l\u00e8ve \u00e0 1,87% en 2024, contre 1,99% en 2023. Le taux maximal (4,03%) concerne le b\u00e2timent et les travaux publics (BTP).<\/p>\n<p data-once=\"ldf_glossary_highlight_words\">Une\u00a0<strong>majoration du taux<\/strong>\u00a0net AT\/MP peut \u00eatre impos\u00e9e \u00e0 tout employeur qui, apr\u00e8s injonction, n\u2019a pas pris les mesures de pr\u00e9vention n\u00e9cessaires \u00e0 la r\u00e9duction du surrisque repr\u00e9sent\u00e9 par les activit\u00e9s qu\u2019il m\u00e8ne. Elle atteint 25% \u00e0 200% du taux, pour une dur\u00e9e variable. Le BTP g\u00e9n\u00e8re 56% des cotisations suppl\u00e9mentaires en 2024.<\/p>\n<p data-once=\"ldf_glossary_highlight_words\">Les comptes de la branche \u00e0 la\u00a0<strong>fin 2024<\/strong>\u00a0affichent un\u00a0<strong>exc\u00e9dent de 686,6 millions d\u2019euros<\/strong>. Celui-ci baisse en 2024 (-663,4 millions) sous l\u2019effet\u00a0:<\/p>\n<ul>\n<li>de l\u2019augmentation des charges (+4,7%)\u00a0;<\/li>\n<li>d\u2019un recul des produits (-2%) d\u00fb au transfert de cotisations au profit de la branche vieillesse, malgr\u00e9 la hausse de la masse salariale (+3,3%).<\/li>\n<\/ul>\n<p>Source:<\/p>\n<div class=\"field__item\">\n<div class=\"paragraph paragraph--type--paragraphe paragraph--view-mode--default\">\n<h2 id=\"_05-milliards-deuros-de-prestations-vers\u00e9es\" class=\"h2\" tabindex=\"-1\">10,5 milliards d&rsquo;euros de prestations vers\u00e9es<\/h2>\n<div class=\"field field--name-field-corps-de-texte field--type-text-long field--label-hidden field__item\">\n<p data-once=\"ldf_glossary_highlight_words\">Ce montant augmente de 6,5% en 2024 apr\u00e8s +5,2% en 2023 et +3,5% en 2022. Il comprend des\u00a0<strong>prestations<\/strong>\u00a0:<\/p>\n<ul>\n<li><strong>en nature<\/strong>\u00a0correspondant aux frais m\u00e9dicaux :\u00a0<strong>976 millions d\u2019euros<\/strong>\u00a0(+1,8%)\u00a0;<\/li>\n<li><strong>en esp\u00e8ces<\/strong>\u00a0:\u00a0<strong>4,9 milliards d\u2019euros<\/strong>\u00a0d\u2019indemnit\u00e9s journali\u00e8res (IJ) pour arr\u00eat de travail (+10,8%) et\u00a0<strong>4,7 milliards<\/strong>\u00a0d\u2019indemnit\u00e9s en capital et de rentes d\u2019IP (+3,4%). Les IJ constituent pour la premi\u00e8re fois le principal poste de d\u00e9penses de la branche AT\/MP. Leur poids passe de 33% en 2014 \u00e0 46% en 2024 car la croissance des IJ major\u00e9es, qui interviennent d\u00e8s le vingt-neuvi\u00e8me jour, s\u2019acc\u00e9l\u00e8re (+12,1% en 2024).<\/li>\n<\/ul>\n<\/div>\n<\/div>\n<\/div>\n<div class=\"field__item\">\n<div class=\"paragraph paragraph--type--paragraphe paragraph--view-mode--default\">\n<h2 id=\"un-solde-annuel-moins-exc\u00e9dentaire\" class=\"h2\" tabindex=\"-1\">Un solde annuel moins exc\u00e9dentaire<\/h2>\n<div class=\"field field--name-field-corps-de-texte field--type-text-long field--label-hidden field__item\">\n<p data-once=\"ldf_glossary_highlight_words\">Les\u00a0<strong>cotisations<\/strong>\u00a0permettent de financer la branche, notamment les d\u00e9penses des sinistres. Le taux net moyen notifi\u00e9 aux entreprises s\u2019\u00e9l\u00e8ve \u00e0 1,87% en 2024, contre 1,99% en 2023. Le taux maximal (4,03%) concerne le b\u00e2timent et les travaux publics (BTP).<\/p>\n<p data-once=\"ldf_glossary_highlight_words\">Une\u00a0<strong>majoration du taux<\/strong>\u00a0net AT\/MP peut \u00eatre impos\u00e9e \u00e0 tout employeur qui, apr\u00e8s injonction, n\u2019a pas pris les mesures de pr\u00e9vention n\u00e9cessaires \u00e0 la r\u00e9duction du surrisque repr\u00e9sent\u00e9 par les activit\u00e9s qu\u2019il m\u00e8ne. Elle atteint 25% \u00e0 200% du taux, pour une dur\u00e9e variable. Le BTP g\u00e9n\u00e8re 56% des cotisations suppl\u00e9mentaires en 2024.<\/p>\n<p data-once=\"ldf_glossary_highlight_words\">Les comptes de la branche \u00e0 la\u00a0<strong>fin 2024<\/strong>\u00a0affichent un\u00a0<strong>exc\u00e9dent de 686,6 millions d\u2019euros<\/strong>. Celui-ci baisse en 2024 (-663,4 millions) sous l\u2019effet\u00a0:<\/p>\n<ul>\n<li>de l\u2019augmentation des charges (+4,7%)\u00a0;<\/li>\n<li>d\u2019un recul des produits (-2%) d\u00fb au transfert de cotisations au profit de la branche vieillesse, malgr\u00e9 la hausse de la masse salariale (+3,3%).<\/li>\n<\/ul>\n<\/div>\n<\/div>\n<\/div>\n<\/div>\n<\/div>\n<\/div>\n<\/div>\n<\/div>\n<\/div>\n<\/div>\n<\/div>\n","protected":false},"excerpt":{"rendered":"<p>La branche accidents du travail-maladies professionnelles de l&rsquo;Assurance maladie couvre 20,8 millions de salari\u00e9s du r\u00e9gime g\u00e9n\u00e9ral en 2024. Dans son dernier rapport annuel, elle d\u00e9nombre 764 accidents du travail mortels en 2024 (contre 759 d\u00e9c\u00e8s en 2023, 738 en 2022 et 645 en 2021). Le\u00a0rapport 2024\u00a0de l&rsquo;Assurance maladie-risques professionnels, publi\u00e9 le 18 novembre 2025, [&hellip;]<\/p>\n","protected":false},"author":3,"featured_media":9548,"comment_status":"closed","ping_status":"closed","sticky":false,"template":"","format":"standard","meta":{"_exactmetrics_skip_tracking":false,"_exactmetrics_sitenote_active":false,"_exactmetrics_sitenote_note":"","_exactmetrics_sitenote_category":0,"footnotes":""},"categories":[28],"tags":[],"class_list":["post-9547","post","type-post","status-publish","format-standard","has-post-thumbnail","hentry","category-actualites"],"_links":{"self":[{"href":"https:\/\/avenir-gendarmerie.org\/index.php\/wp-json\/wp\/v2\/posts\/9547","targetHints":{"allow":["GET"]}}],"collection":[{"href":"https:\/\/avenir-gendarmerie.org\/index.php\/wp-json\/wp\/v2\/posts"}],"about":[{"href":"https:\/\/avenir-gendarmerie.org\/index.php\/wp-json\/wp\/v2\/types\/post"}],"author":[{"embeddable":true,"href":"https:\/\/avenir-gendarmerie.org\/index.php\/wp-json\/wp\/v2\/users\/3"}],"replies":[{"embeddable":true,"href":"https:\/\/avenir-gendarmerie.org\/index.php\/wp-json\/wp\/v2\/comments?post=9547"}],"version-history":[{"count":1,"href":"https:\/\/avenir-gendarmerie.org\/index.php\/wp-json\/wp\/v2\/posts\/9547\/revisions"}],"predecessor-version":[{"id":9549,"href":"https:\/\/avenir-gendarmerie.org\/index.php\/wp-json\/wp\/v2\/posts\/9547\/revisions\/9549"}],"wp:featuredmedia":[{"embeddable":true,"href":"https:\/\/avenir-gendarmerie.org\/index.php\/wp-json\/wp\/v2\/media\/9548"}],"wp:attachment":[{"href":"https:\/\/avenir-gendarmerie.org\/index.php\/wp-json\/wp\/v2\/media?parent=9547"}],"wp:term":[{"taxonomy":"category","embeddable":true,"href":"https:\/\/avenir-gendarmerie.org\/index.php\/wp-json\/wp\/v2\/categories?post=9547"},{"taxonomy":"post_tag","embeddable":true,"href":"https:\/\/avenir-gendarmerie.org\/index.php\/wp-json\/wp\/v2\/tags?post=9547"}],"curies":[{"name":"wp","href":"https:\/\/api.w.org\/{rel}","templated":true}]}}