{"id":9558,"date":"2025-12-09T14:57:25","date_gmt":"2025-12-09T14:57:25","guid":{"rendered":"https:\/\/avenir-gendarmerie.org\/?p=9558"},"modified":"2025-12-09T14:57:25","modified_gmt":"2025-12-09T14:57:25","slug":"7e-edition-de-la-journee-nationale-des-blesses","status":"publish","type":"post","link":"https:\/\/avenir-gendarmerie.org\/index.php\/2025\/12\/09\/7e-edition-de-la-journee-nationale-des-blesses\/","title":{"rendered":"7e \u00e9dition de la Journ\u00e9e nationale des bless\u00e9s"},"content":{"rendered":"<div class=\"fr-text--lead ezrichtext-field\">\n<p>Vendredi 5 d\u00e9cembre 2025, \u00e0 Issy-les-Moulineaux, a eu lieu la 7<sup>e<\/sup>\u00a0Journ\u00e9e nationale des bless\u00e9s, organis\u00e9e par la Sous-direction de l\u2019accompagnement du personnel (SDAP). Ce rendez-vous annuel met \u00e0 l\u2019honneur la r\u00e9silience des gendarmes bless\u00e9s accompagn\u00e9s par l\u2019Institution.<\/p>\n<\/div>\n<div class=\"ezrichtext-field\">\n<p>R\u00e9unissant 44 militaires bless\u00e9s \u00e0 Issy-les-Moulineaux, dans les Hauts-de-Seine, la 7<sup>e<\/sup>\u00a0Journ\u00e9e nationale des bless\u00e9s s\u2019est d\u00e9roul\u00e9e ce vendredi 5 d\u00e9cembre 2025. Apr\u00e8s un moment de coh\u00e9sion autour d&rsquo;une activit\u00e9 sportive, les participants ont \u00e9t\u00e9 accueillis \u00e0 la Direction g\u00e9n\u00e9rale de la gendarmerie nationale (DGGN), d\u2019abord pour un repas convivial, puis pour un temps d\u2019\u00e9changes, avec des t\u00e9moignages de gendarmes bless\u00e9s, d\u2019acteurs de l\u2019accompagnement, ainsi que de la Sportive de haut niveau de la D\u00e9fense \u2013 gendarmerie (SHND-G) Margot Boulet, m\u00e9daill\u00e9e de bronze aux Jeux olympiques et paralympiques de Paris 2024. Des militaires de l\u2019arm\u00e9e de Terre, repr\u00e9sentant le Centre national des sports de la D\u00e9fense (CNSD), et du Service de sant\u00e9 des Arm\u00e9es (SSA) \u00e9taient \u00e9galement pr\u00e9sents en leur qualit\u00e9 de partenaires.<\/p>\n<p>La journ\u00e9e \u00e9tait aussi l\u2019occasion de c\u00e9l\u00e9brer le 10<sup>e<\/sup>\u00a0anniversaire de la cr\u00e9ation, le 29 d\u00e9cembre 2015, de la Cellule d&rsquo;aide aux bless\u00e9s de la gendarmerie nationale (CABGN), qui a pour mission de porter assistance \u00e0 tout militaire bless\u00e9 par le fait ou \u00e0 l\u2019occasion du service, de son hospitalisation \u00e0 son retour dans l\u2019Institution militaire, ou le cas \u00e9ch\u00e9ant lors de sa reconversion dans le secteur civil. Au 1<sup>er<\/sup>\u00a0novembre 2025, ce sont 505 bless\u00e9s qui sont ainsi suivis en continu par la CABGN.<\/p>\n<h2>9\u00a0995 militaires bless\u00e9s en service en 2024<\/h2>\n<p>Apr\u00e8s avoir remis, au nom de la ministre des Arm\u00e9es et des Anciens combattants, l\u2019insigne des bless\u00e9s de guerre \u00e0 deux militaires, le capitaine Luc Salvat et le mar\u00e9chal des logis-chef Emmanuel Rochat, le g\u00e9n\u00e9ral de corps d\u2019arm\u00e9e Andr\u00e9 Petillot, Major g\u00e9n\u00e9ral de la gendarmerie nationale (MGGN), a rappel\u00e9 que le nombre de gendarmes bless\u00e9s gri\u00e8vement augmentait chaque ann\u00e9e. Il a soulign\u00e9 qu\u2019au cours d\u2019une carri\u00e8re quasiment tous les militaires auront malheureusement l\u2019occasion d\u2019affronter, \u00e0 un degr\u00e9 ou \u00e0 un autre, la blessure. En 2024, 9\u00a0995 militaires ont \u00e9t\u00e9 bless\u00e9s en service, dont 5\u00a0100 en mission. Ann\u00e9e tristement record dans un contexte de fort engagement en m\u00e9tropole comme en outre-mer.<\/p>\n<p>\u00ab\u00a0<em>Notre responsabilit\u00e9 individuelle et collective est celle de la reconnaissance institutionnelle de la blessure,<\/em>\u00a0a indiqu\u00e9 le MGGN.\u00a0<em>Elle doit \u00eatre mieux prise en compte et plus rapide.\u00a0<\/em>\u00bb Il a ensuite insist\u00e9 sur l\u2019importance de l\u2019accompagnement des bless\u00e9s. \u00ab<em>\u00a0Dans le temps de l\u2019imm\u00e9diatet\u00e9, nous sommes plut\u00f4t au rendez-vous, mais la suite est parfois difficile, quand le bless\u00e9 entre dans un parcours administratif et m\u00e9dical. Nos efforts se portent sur cet accompagnement pour que le bless\u00e9 et sa famille ne soient pas laiss\u00e9s seuls et ne finissent par baisser les bras.\u00a0<\/em>\u00bb<\/p>\n<p>Il a enfin \u00e9voqu\u00e9 la Reconstruction des bless\u00e9s par le sport (RBS), \u00ab<em>\u00a0enjeu majeur, m\u00eame si ce n\u2019est pas le seul\u00a0<\/em>\u00bb, qui permet au militaire bless\u00e9 \u00ab<em>\u00a0de retrouver une capacit\u00e9 physique, d\u2019apprivoiser voire de surmonter son handicap et de ne pas rester isol\u00e9\u00a0<\/em>\u00bb.<\/p>\n<h2>Pr\u00e9venir la blessure<\/h2>\n<p>Le colonel Nicolas Philippotin, Sous-directeur de l\u2019accompagnement du personnel (SDAP), a ensuite pr\u00e9sent\u00e9 la politique de l\u2019accompagnement de la Gendarmerie nationale, en revenant sur certaines \u00e9volutions. Il a ainsi \u00e9voqu\u00e9 la pr\u00e9sence lors de cette journ\u00e9e des repr\u00e9sentants des Bureaux d\u2019accompagnement du personnel (BAP). \u00ab<em>\u00a0Ce sont des artisans essentiels en r\u00e9gion du contact avec les bless\u00e9s,<\/em>\u00a0consid\u00e8re-t-il.\u00a0<em>Pour renforcer cette relation avec les BAP, il est important qu\u2019ils soient repr\u00e9sent\u00e9s lors des stages pour pouvoir s\u2019approprier l\u2019univers de la blessure et du bless\u00e9. C\u2019est un vrai enjeu de formation.\u00a0<\/em>\u00bb<\/p>\n<p>Le SDAP est ensuite revenu sur la n\u00e9cessaire reconnaissance, \u00ab\u00a0<em>un enjeu fort\u00a0<\/em>\u00bb, ainsi que sur l\u2019acculturation des chefs \u00e0 la question du risque de blessure psychologique, \u00ab<em>\u00a0aujourd\u2019hui mal pris en compte localement\u00a0<\/em>\u00bb, estime-t-il.<\/p>\n<p>Enfin, le colonel Nicolas Philippotin a insist\u00e9 sur la volont\u00e9 de ne pas uniquement g\u00e9rer la reconstruction mais aussi de pr\u00e9venir la blessure. C\u2019est le sens notamment\u00a0<a href=\"https:\/\/www.gendarmerie.interieur.gouv.fr\/gendinfo\/terrain\/immersion\/2025\/entre-prevention-et-reconstruction-un-stage-dedie-aux-gendarmes-de-la-filiere-montagne\">du nouveau stage \u00ab\u00a0Camp de base\u00a0\u00bb<\/a>, mis en place r\u00e9cemment au village des bless\u00e9s du CNSD au profit de gendarmes d\u2019unit\u00e9s de montagne, qui vient compl\u00e9ter l\u2019offre de stages de la gendarmerie\u00a0: Cent&rsquo;Or autour de la m\u00e9diation \u00e9quine, Aquaph\u00e9nix autour du milieu aquatique, Esprit de cord\u00e9e en montagne, et Ad Refectio \u00e0 destination des militaires entour\u00e9s de leurs familles.<\/p>\n<div class=\"fr-callout my-4  fr-icon-information-line\">\n<p class=\"fr-callout__title\">\u00c0 noter<\/p>\n<div class=\"fr-callout__text\">\n<p>Toutes ces actions sont possibles gr\u00e2ce au soutien de nombreux partenaires\u00a0: l\u2019Action sociale des Arm\u00e9es, la Fondation Maison de la Gendarmerie (FMG), la Caisse nationale du gendarme (CNG), Les Gendarmes et Voleurs de Temps, la Caisse nationale militaire de s\u00e9curit\u00e9 sociale (CNMSS), le Bleuet de France, l\u2019Union des bless\u00e9s de la face et de la t\u00eate (UBFT), l\u2019Association des mutil\u00e9s de guerre des yeux et des oreilles (AMGYO), TEGO, UNEO, l\u2019Office national des combattants et des victimes de guerre (ONACVG), le Cercle sportif de l\u2019institution nationale des invalides (CSINI), Gendarmes de c\u0153ur, l\u2019Association des Ph\u00e9nix et SEBIO qui accompagnent la gendarmerie toute l\u2019ann\u00e9e dans les divers projets du Bureau de l\u2019action sociale, des bless\u00e9s et du handicap (BASBH).<\/p>\n<p>Source: <a href=\"https:\/\/www.gendarmerie.interieur.gouv.fr\/gendinfo\/actualites\/2025\/7e-edition-de-la-journee-nationale-des-blesses\">gendinfo.fr<\/a><\/p>\n<\/div>\n<\/div>\n<\/div>\n","protected":false},"excerpt":{"rendered":"<p>Vendredi 5 d\u00e9cembre 2025, \u00e0 Issy-les-Moulineaux, a eu lieu la 7e\u00a0Journ\u00e9e nationale des bless\u00e9s, organis\u00e9e par la Sous-direction de l\u2019accompagnement du personnel (SDAP). Ce rendez-vous annuel met \u00e0 l\u2019honneur la r\u00e9silience des gendarmes bless\u00e9s accompagn\u00e9s par l\u2019Institution. R\u00e9unissant 44 militaires bless\u00e9s \u00e0 Issy-les-Moulineaux, dans les Hauts-de-Seine, la 7e\u00a0Journ\u00e9e nationale des bless\u00e9s s\u2019est d\u00e9roul\u00e9e ce vendredi [&hellip;]<\/p>\n","protected":false},"author":3,"featured_media":9559,"comment_status":"closed","ping_status":"closed","sticky":false,"template":"","format":"standard","meta":{"_exactmetrics_skip_tracking":false,"_exactmetrics_sitenote_active":false,"_exactmetrics_sitenote_note":"","_exactmetrics_sitenote_category":0,"footnotes":""},"categories":[28],"tags":[],"class_list":["post-9558","post","type-post","status-publish","format-standard","has-post-thumbnail","hentry","category-actualites"],"_links":{"self":[{"href":"https:\/\/avenir-gendarmerie.org\/index.php\/wp-json\/wp\/v2\/posts\/9558","targetHints":{"allow":["GET"]}}],"collection":[{"href":"https:\/\/avenir-gendarmerie.org\/index.php\/wp-json\/wp\/v2\/posts"}],"about":[{"href":"https:\/\/avenir-gendarmerie.org\/index.php\/wp-json\/wp\/v2\/types\/post"}],"author":[{"embeddable":true,"href":"https:\/\/avenir-gendarmerie.org\/index.php\/wp-json\/wp\/v2\/users\/3"}],"replies":[{"embeddable":true,"href":"https:\/\/avenir-gendarmerie.org\/index.php\/wp-json\/wp\/v2\/comments?post=9558"}],"version-history":[{"count":1,"href":"https:\/\/avenir-gendarmerie.org\/index.php\/wp-json\/wp\/v2\/posts\/9558\/revisions"}],"predecessor-version":[{"id":9560,"href":"https:\/\/avenir-gendarmerie.org\/index.php\/wp-json\/wp\/v2\/posts\/9558\/revisions\/9560"}],"wp:featuredmedia":[{"embeddable":true,"href":"https:\/\/avenir-gendarmerie.org\/index.php\/wp-json\/wp\/v2\/media\/9559"}],"wp:attachment":[{"href":"https:\/\/avenir-gendarmerie.org\/index.php\/wp-json\/wp\/v2\/media?parent=9558"}],"wp:term":[{"taxonomy":"category","embeddable":true,"href":"https:\/\/avenir-gendarmerie.org\/index.php\/wp-json\/wp\/v2\/categories?post=9558"},{"taxonomy":"post_tag","embeddable":true,"href":"https:\/\/avenir-gendarmerie.org\/index.php\/wp-json\/wp\/v2\/tags?post=9558"}],"curies":[{"name":"wp","href":"https:\/\/api.w.org\/{rel}","templated":true}]}}