{"id":9645,"date":"2026-01-26T14:48:08","date_gmt":"2026-01-26T14:48:08","guid":{"rendered":"https:\/\/avenir-gendarmerie.org\/?p=9645"},"modified":"2026-01-26T14:48:19","modified_gmt":"2026-01-26T14:48:19","slug":"inauguration-de-la-brigade-territoriale-mobile-daydoilles-dans-les-vosges","status":"publish","type":"post","link":"https:\/\/avenir-gendarmerie.org\/index.php\/2026\/01\/26\/inauguration-de-la-brigade-territoriale-mobile-daydoilles-dans-les-vosges\/","title":{"rendered":"Inauguration de la brigade territoriale mobile d\u2019Aydoilles dans les Vosges"},"content":{"rendered":"<div class=\"fr-text--lead ezrichtext-field\">\n<p>Ce vendredi 23 janvier 2026, le ministre de l\u2019Int\u00e9rieur, Laurent Nu\u00f1ez, et le ministre d\u00e9l\u00e9gu\u00e9 aupr\u00e8s de la ministre de l\u2019Am\u00e9nagement du territoire et de la D\u00e9centralisation, charg\u00e9 de la Ruralit\u00e9, Michel Fournier, ont inaugur\u00e9 la brigade territoriale mobile d\u2019Aydoilles, dans les Vosges.<\/p>\n<\/div>\n<div class=\"ezrichtext-field\">\n<p>Accompagn\u00e9s du g\u00e9n\u00e9ral d\u2019arm\u00e9e Hubert Bonneau, directeur g\u00e9n\u00e9ral de la Gendarmerie nationale, le ministre de l\u2019Int\u00e9rieur, Laurent Nu\u00f1ez, le ministre d\u00e9l\u00e9gu\u00e9 charg\u00e9 de la Ruralit\u00e9, Michel Fournier, lui-m\u00eame originaire de ce d\u00e9partement, ont effectu\u00e9 la premi\u00e8re \u00e9tape de leur d\u00e9placement vosgien \u00e0 Aydoilles.<\/p>\n<p>C\u2019est dans cette commune de pr\u00e8s de 1 000 habitants, situ\u00e9e \u00e0 11 kilom\u00e8tres \u00e0 l\u2019Est d\u2019\u00c9pinal, qu\u2019ils ont pr\u00e9sid\u00e9 l\u2019inauguration de la Brigade territoriale mobile (BTM), op\u00e9rationnelle depuis le 1er d\u00e9cembre 2025. La c\u00e9r\u00e9monie s\u2019est d\u00e9roul\u00e9e en pr\u00e9sence de plusieurs parlementaires et \u00e9lus locaux, dont le maire d\u2019Aydoilles, St\u00e9phane Chrisment, ainsi que de nombreuses autorit\u00e9s civiles et militaires, parmi lesquelles la g\u00e9n\u00e9rale de corps d\u2019arm\u00e9e Florence Guillaume, commandant la r\u00e9gion de gendarmerie du Grand Est et la gendarmerie pour la zone de d\u00e9fense et de s\u00e9curit\u00e9 Est.<\/p>\n<div class=\"attribute-image embed my-4\">\n<div class=\"ezrichtext-field\">\n<p>\u00c0 l\u2019issue de la revue des troupes et de la lev\u00e9e des couleurs, la d\u00e9coupe symbolique du ruban inaugural a laiss\u00e9 place aux prises de parole officielles. Toutes ont f\u00e9licit\u00e9 cette r\u00e9alisation, et ont soulign\u00e9 l\u2019importance de la couverture des territoires assur\u00e9e par la Gendarmerie nationale dans la r\u00e9ussite de son action quotidienne au service de la protection de la population.<\/p>\n<h2>Une unit\u00e9 r\u00e9solument tourn\u00e9e vers le renforcement de la proximit\u00e9<\/h2>\n<p>La BTM d\u2019Aydoilles est l\u2019un des cinq projets port\u00e9s par le Groupement de gendarmerie d\u00e9partementale (GGD) des Vosges dans le cadre de l\u2019engagement pris en 2022 par le pr\u00e9sident de la R\u00e9publique de cr\u00e9er 239 nouvelles brigades de gendarmerie, fixes et mobiles. Retenue avec celles de Monthureux-sur-Sa\u00f4ne et de Saint-Maurice-sur-Moselle (brigade \u00e0 vocation environnementale), elle est la premi\u00e8re \u00e0 entrer en service.<\/p>\n<p>D\u2019un format innovant, cette unit\u00e9 n\u2019a pas vocation \u00e0 accueillir du public et privil\u00e9gie une pr\u00e9sence renforc\u00e9e pour accro\u00eetre la proximit\u00e9 de voie publique, la visibilit\u00e9 de la gendarmerie et renforcer le lien de confiance avec la population et les \u00e9lus. Sa dynamique d\u2019\u00ab\u00a0aller vers\u00a0\u00bb s\u2019exerce sur un vaste territoire couvrant 62 communes \u00e0 la d\u00e9mographie et \u00e0 l\u2019activit\u00e9\u00a0 soutenues.<\/p>\n<p>La cr\u00e9ation de cette brigade r\u00e9pond \u00e0 des enjeux de s\u00e9curit\u00e9 identifi\u00e9s et renforce le maillage territorial \u00e0 l\u2019est d\u2019\u00c9pinal, \u00e0 l\u2019intersection des circonscriptions des brigades de Bruy\u00e8res, de Rambervillers, de Thaon-les-Vosges et d\u2019\u00c9pinal, sur un secteur concentrant un d\u00e9veloppement r\u00e9sidentiel important.<\/p>\n<p>Quatre militaires ont \u00e9t\u00e9 affect\u00e9s \u00e0 cette unit\u00e9 d\u00e8s son ouverture\u00a0; l\u2019effectif\u00a0 atteindra \u00e0 terme huit personnels.<\/p>\n<p>Les locaux de service de la BTM d\u2019Aydoilles sont provisoirement install\u00e9s dans un b\u00e2timent mis gracieusement \u00e0 disposition par la commune. Le projet de construction de la future caserne, port\u00e9 par la commune d\u2019Aydoilles, dans le cadre du d\u00e9cret de 1993, s\u2019inscrit dans le cadre de la r\u00e9habilitation d\u2019une friche industrielle.<\/p>\n<div class=\"twitterembed-canvas\" data-width=\"500\" data-align=\"\">\n<div id=\"_0nshm4ehe\" data-width=\"500\" data-align=\"\"><\/div>\n<\/div>\n<h2>Soutien aux gendarmes bless\u00e9s lors d\u2019un refus d\u2019obtemp\u00e9rer<\/h2>\n<p>\u00c0 l\u2019issue de la s\u00e9quence inaugurale, les ministres ont \u00e9chang\u00e9 avec les deux militaires de la Brigade motoris\u00e9e (B.Mo.) de Remiremont (Vosges) bless\u00e9s lors d\u2019un refus d\u2019obtemp\u00e9rer survenu le 25 d\u00e9cembre 2025, \u00e0 l\u2019occasion d\u2019un contr\u00f4le routier. L\u2019auteur des faits, qui avait refus\u00e9 de s\u2019arr\u00eater et percut\u00e9 les deux motocyclistes, a depuis \u00e9t\u00e9 interpell\u00e9 et mis en examen pour tentatives de meurtre sur d\u00e9positaires de l\u2019autorit\u00e9 publique et refus d\u2019obtemp\u00e9rer. Le ministre a r\u00e9affirm\u00e9 son entier soutien aux militaires.<\/p>\n<p>En zone gendarmerie, les refus d\u2019obtemp\u00e9rer ont augment\u00e9 de 50 % en dix ans, atteignant en moyenne pr\u00e8s de 13 000 faits par an. En 2024, 219 militaires ont ainsi \u00e9t\u00e9 bless\u00e9s \u00e0 la suite de ce type de faits, illustrant la gravit\u00e9 de ces comportements pour la s\u00e9curit\u00e9 de la population et celles des forces de l\u2019ordre.<\/p>\n<p>Source: <a href=\"https:\/\/www.gendarmerie.interieur.gouv.fr\/gendinfo\/actualites\/2026\/inauguration-de-la-brigade-territoriale-mobile-d-aydoilles-dans-les-vosges\">gendinfo.fr<\/a><\/p>\n<\/div>\n<\/div>\n<\/div>\n","protected":false},"excerpt":{"rendered":"<p>Ce vendredi 23 janvier 2026, le ministre de l\u2019Int\u00e9rieur, Laurent Nu\u00f1ez, et le ministre d\u00e9l\u00e9gu\u00e9 aupr\u00e8s de la ministre de l\u2019Am\u00e9nagement du territoire et de la D\u00e9centralisation, charg\u00e9 de la Ruralit\u00e9, Michel Fournier, ont inaugur\u00e9 la brigade territoriale mobile d\u2019Aydoilles, dans les Vosges. Accompagn\u00e9s du g\u00e9n\u00e9ral d\u2019arm\u00e9e Hubert Bonneau, directeur g\u00e9n\u00e9ral de la Gendarmerie nationale, [&hellip;]<\/p>\n","protected":false},"author":3,"featured_media":9646,"comment_status":"closed","ping_status":"closed","sticky":false,"template":"","format":"standard","meta":{"_exactmetrics_skip_tracking":false,"_exactmetrics_sitenote_active":false,"_exactmetrics_sitenote_note":"","_exactmetrics_sitenote_category":0,"footnotes":""},"categories":[28],"tags":[],"class_list":["post-9645","post","type-post","status-publish","format-standard","has-post-thumbnail","hentry","category-actualites"],"_links":{"self":[{"href":"https:\/\/avenir-gendarmerie.org\/index.php\/wp-json\/wp\/v2\/posts\/9645","targetHints":{"allow":["GET"]}}],"collection":[{"href":"https:\/\/avenir-gendarmerie.org\/index.php\/wp-json\/wp\/v2\/posts"}],"about":[{"href":"https:\/\/avenir-gendarmerie.org\/index.php\/wp-json\/wp\/v2\/types\/post"}],"author":[{"embeddable":true,"href":"https:\/\/avenir-gendarmerie.org\/index.php\/wp-json\/wp\/v2\/users\/3"}],"replies":[{"embeddable":true,"href":"https:\/\/avenir-gendarmerie.org\/index.php\/wp-json\/wp\/v2\/comments?post=9645"}],"version-history":[{"count":1,"href":"https:\/\/avenir-gendarmerie.org\/index.php\/wp-json\/wp\/v2\/posts\/9645\/revisions"}],"predecessor-version":[{"id":9647,"href":"https:\/\/avenir-gendarmerie.org\/index.php\/wp-json\/wp\/v2\/posts\/9645\/revisions\/9647"}],"wp:featuredmedia":[{"embeddable":true,"href":"https:\/\/avenir-gendarmerie.org\/index.php\/wp-json\/wp\/v2\/media\/9646"}],"wp:attachment":[{"href":"https:\/\/avenir-gendarmerie.org\/index.php\/wp-json\/wp\/v2\/media?parent=9645"}],"wp:term":[{"taxonomy":"category","embeddable":true,"href":"https:\/\/avenir-gendarmerie.org\/index.php\/wp-json\/wp\/v2\/categories?post=9645"},{"taxonomy":"post_tag","embeddable":true,"href":"https:\/\/avenir-gendarmerie.org\/index.php\/wp-json\/wp\/v2\/tags?post=9645"}],"curies":[{"name":"wp","href":"https:\/\/api.w.org\/{rel}","templated":true}]}}