{"id":9655,"date":"2026-01-28T17:00:05","date_gmt":"2026-01-28T17:00:05","guid":{"rendered":"https:\/\/avenir-gendarmerie.org\/?p=9655"},"modified":"2026-01-28T17:00:05","modified_gmt":"2026-01-28T17:00:05","slug":"pose-de-la-premiere-pierre-de-la-nouvelle-caserne-de-gendarmerie-de-pont-sainte-maxence","status":"publish","type":"post","link":"https:\/\/avenir-gendarmerie.org\/index.php\/2026\/01\/28\/pose-de-la-premiere-pierre-de-la-nouvelle-caserne-de-gendarmerie-de-pont-sainte-maxence\/","title":{"rendered":"Pose de la premi\u00e8re pierre de la nouvelle caserne de gendarmerie de Pont-Sainte-Maxence"},"content":{"rendered":"<div class=\"fr-text--lead ezrichtext-field\">\n<p><strong>Ce mardi 27 janvier 2026, en d\u00e9but d\u2019apr\u00e8s-midi, la premi\u00e8re pierre de la nouvelle caserne de gendarmerie de Pont-Sainte-Maxence a \u00e9t\u00e9 pos\u00e9e en pr\u00e9sence du Directeur g\u00e9n\u00e9ral de la Gendarmerie nationale et de nombreuses autorit\u00e9s civiles et militaires, dont le pr\u00e9fet du d\u00e9partement et le maire de la commune.<\/strong><\/p>\n<\/div>\n<div class=\"ezrichtext-field\">\n<p>Construite en 1983 par le Conseil d\u00e9partemental de l\u2019Oise, l\u2019actuelle caserne de gendarmerie de Pont-Sainte-Maxence a fait l\u2019objet d\u2019une extension en 2000, avec la cr\u00e9ation de six logements et de deux h\u00e9bergements pour gendarmes adjoints volontaires. En d\u00e9pit de ces travaux, les locaux et les logements subissent les effets du temps et sont d\u00e9sormais peu adapt\u00e9s, notamment en termes de s\u00e9curit\u00e9. Un projet de construction d\u2019une nouvelle caserne a donc \u00e9t\u00e9 engag\u00e9.<\/p>\n<p>Ce mardi 27 janvier 2026, le Directeur g\u00e9n\u00e9ral de la Gendarmerie nationale (DGGN), le g\u00e9n\u00e9ral d\u2019arm\u00e9e Hubert Bonneau, le Pr\u00e9fet de l&rsquo;Oise, Jean-Marie Caillaud, le maire de la commune, Arnaud Dumontier, ainsi qu\u2019un repr\u00e9sentant du ma\u00eetre d\u2019ouvrage, l\u2019OPAC de l\u2019Oise, entour\u00e9s de nombreuses autorit\u00e9s civiles et militaires, parmi lesquelles le commandant de la r\u00e9gion de gendarmerie Hauts-de-France, le g\u00e9n\u00e9ral de corps d\u2019arm\u00e9e Fran\u00e7ois Agostini, et le commandant du groupement de gendarmerie d\u00e9partementale de l\u2019Oise, le g\u00e9n\u00e9ral Christophe Berthelin, ont pos\u00e9 la premi\u00e8re pierre de la future caserne.<\/p>\n<p>Cette nouvelle construction sera r\u00e9alis\u00e9e sur le site actuel de la gendarmerie, situ\u00e9 au 223 rue Charles Frigaux, ainsi que sur un terrain attenant. L\u2019acc\u00e8s \u00e0 la future caserne se fera depuis la rue Sulzbach. Les parcelles n\u00e9cessaires au projet seront, pour partie, c\u00e9d\u00e9es \u00e0 l\u2019euro symbolique par la Ville de Pont-Sainte-Maxence \u00e0 l\u2019OPAC de l\u2019Oise, et pour partie acquises aupr\u00e8s du Conseil d\u00e9partemental de l\u2019Oise.<\/p>\n<p>La nouvelle caserne, qui s\u2019\u00e9tendra ainsi sur pr\u00e8s d\u2019un hectare, se composera de 23 logements, r\u00e9partis dans deux petits immeubles, et d\u2019un b\u00e2timent d\u2019une surface totale de 407 m\u00b2 abritant les locaux techniques. L\u2019ensemble de l\u2019op\u00e9ration respectera la r\u00e9glementation environnementale RE 2020, seuil 2025. Le d\u00e9but des travaux est pr\u00e9vu au quatri\u00e8me trimestre 2026, pour une dur\u00e9e pr\u00e9visionnelle de 20 mois. Ils seront conduits en deux phases, afin d\u2019assurer la continuit\u00e9 de l\u2019activit\u00e9 op\u00e9rationnelle de l\u2019unit\u00e9.<\/p>\n<p>Les autorit\u00e9s pr\u00e9sentes se sont f\u00e9licit\u00e9es de la mise en \u0153uvre de ce projet, qui permettra de doter les gendarmes d\u2019un environnement de travail et de vie moderne, fonctionnel et respectueux de l\u2019environnement.<\/p>\n<p>Source: <a href=\"https:\/\/www.gendarmerie.interieur.gouv.fr\/gendinfo\/actualites\/2026\/pose-de-la-premiere-pierre-de-la-nouvelle-caserne-de-gendarmerie-de-pont-sainte-maxence\">gendinfo.fr<\/a><\/p>\n<\/div>\n","protected":false},"excerpt":{"rendered":"<p>Ce mardi 27 janvier 2026, en d\u00e9but d\u2019apr\u00e8s-midi, la premi\u00e8re pierre de la nouvelle caserne de gendarmerie de Pont-Sainte-Maxence a \u00e9t\u00e9 pos\u00e9e en pr\u00e9sence du Directeur g\u00e9n\u00e9ral de la Gendarmerie nationale et de nombreuses autorit\u00e9s civiles et militaires, dont le pr\u00e9fet du d\u00e9partement et le maire de la commune. Construite en 1983 par le Conseil [&hellip;]<\/p>\n","protected":false},"author":3,"featured_media":9656,"comment_status":"closed","ping_status":"closed","sticky":false,"template":"","format":"standard","meta":{"_exactmetrics_skip_tracking":false,"_exactmetrics_sitenote_active":false,"_exactmetrics_sitenote_note":"","_exactmetrics_sitenote_category":0,"footnotes":""},"categories":[28],"tags":[],"class_list":["post-9655","post","type-post","status-publish","format-standard","has-post-thumbnail","hentry","category-actualites"],"_links":{"self":[{"href":"https:\/\/avenir-gendarmerie.org\/index.php\/wp-json\/wp\/v2\/posts\/9655","targetHints":{"allow":["GET"]}}],"collection":[{"href":"https:\/\/avenir-gendarmerie.org\/index.php\/wp-json\/wp\/v2\/posts"}],"about":[{"href":"https:\/\/avenir-gendarmerie.org\/index.php\/wp-json\/wp\/v2\/types\/post"}],"author":[{"embeddable":true,"href":"https:\/\/avenir-gendarmerie.org\/index.php\/wp-json\/wp\/v2\/users\/3"}],"replies":[{"embeddable":true,"href":"https:\/\/avenir-gendarmerie.org\/index.php\/wp-json\/wp\/v2\/comments?post=9655"}],"version-history":[{"count":1,"href":"https:\/\/avenir-gendarmerie.org\/index.php\/wp-json\/wp\/v2\/posts\/9655\/revisions"}],"predecessor-version":[{"id":9657,"href":"https:\/\/avenir-gendarmerie.org\/index.php\/wp-json\/wp\/v2\/posts\/9655\/revisions\/9657"}],"wp:featuredmedia":[{"embeddable":true,"href":"https:\/\/avenir-gendarmerie.org\/index.php\/wp-json\/wp\/v2\/media\/9656"}],"wp:attachment":[{"href":"https:\/\/avenir-gendarmerie.org\/index.php\/wp-json\/wp\/v2\/media?parent=9655"}],"wp:term":[{"taxonomy":"category","embeddable":true,"href":"https:\/\/avenir-gendarmerie.org\/index.php\/wp-json\/wp\/v2\/categories?post=9655"},{"taxonomy":"post_tag","embeddable":true,"href":"https:\/\/avenir-gendarmerie.org\/index.php\/wp-json\/wp\/v2\/tags?post=9655"}],"curies":[{"name":"wp","href":"https:\/\/api.w.org\/{rel}","templated":true}]}}