{"id":9751,"date":"2026-03-13T13:49:46","date_gmt":"2026-03-13T13:49:46","guid":{"rendered":"https:\/\/avenir-gendarmerie.org\/?p=9751"},"modified":"2026-03-13T13:49:46","modified_gmt":"2026-03-13T13:49:46","slug":"deces-dun-militaire-francais-en-irak","status":"publish","type":"post","link":"https:\/\/avenir-gendarmerie.org\/index.php\/2026\/03\/13\/deces-dun-militaire-francais-en-irak\/","title":{"rendered":"D\u00e9c\u00e8s d\u2019un militaire fran\u00e7ais en Irak"},"content":{"rendered":"<div class=\"fr-text--lead ezrichtext-field\">\n<h3>Le pr\u00e9sident de la R\u00e9publique, Emmanuel Macron, a annonc\u00e9 ce vendredi 13 mars 2026 sur X, le d\u00e9c\u00e8s de l\u2019adjudant-chef Arnaud Frion, affect\u00e9 au 7e bataillon de chasseurs alpins de Varces, lors d\u2019une attaque dans la r\u00e9gion d\u2019Erbil en Irak.<\/h3>\n<\/div>\n<div class=\"ezrichtext-field\">\n<p>L\u2019adjudant-chef Arnaud Frion est d\u00e9c\u00e9d\u00e9 en service, ce vendredi 13 mars 2026 suite \u00e0 une frappe de drone qui a vis\u00e9 une base militaire kurde de la r\u00e9gion d&rsquo;Erbil. C\u2019est le premier soldat fran\u00e7ais tu\u00e9 depuis le d\u00e9but de la guerre au Moyen-Orient, d\u00e9clench\u00e9e par des frappes isra\u00e9lo-am\u00e9ricaines sur l\u2019Iran le 28 f\u00e9vrier dernier. Six autres militaires fran\u00e7ais ont \u00e9t\u00e9 bless\u00e9s lors de cette attaque.<\/p>\n<p>L\u2019adjudant-chef Arnaud Frion \u00e9tait d\u00e9ploy\u00e9 en Irak depuis le 24 janvier 2026, avec son unit\u00e9, dans le cadre de la lutte contre le terrorisme, mission confi\u00e9e aux forces arm\u00e9es fran\u00e7aises depuis 2015 dans la r\u00e9gion.<\/p>\n<p>La Gendarmerie nationale s\u2019associe \u00e0 l\u2019arm\u00e9e de Terre et au 7e bataillon de chasseurs alpins de Varces, et adresse ses sinc\u00e8res condol\u00e9ances ainsi que son soutien \u00e0 la famille, aux proches et \u00e0 tous les fr\u00e8res d\u2019armes de l\u2019adjudant-chef Arnaud Frion.<\/p>\n<p>Source: <a href=\"https:\/\/www.gendarmerie.interieur.gouv.fr\/gendinfo\/actualites\/2026\/deces-d-un-militaire-francais-en-irak\">gendinfo.fr<\/a><\/p>\n<p>&nbsp;<\/p>\n<\/div>\n","protected":false},"excerpt":{"rendered":"<p>Le pr\u00e9sident de la R\u00e9publique, Emmanuel Macron, a annonc\u00e9 ce vendredi 13 mars 2026 sur X, le d\u00e9c\u00e8s de l\u2019adjudant-chef Arnaud Frion, affect\u00e9 au 7e bataillon de chasseurs alpins de Varces, lors d\u2019une attaque dans la r\u00e9gion d\u2019Erbil en Irak. L\u2019adjudant-chef Arnaud Frion est d\u00e9c\u00e9d\u00e9 en service, ce vendredi 13 mars 2026 suite \u00e0 une [&hellip;]<\/p>\n","protected":false},"author":3,"featured_media":9752,"comment_status":"closed","ping_status":"closed","sticky":false,"template":"","format":"standard","meta":{"_exactmetrics_skip_tracking":false,"_exactmetrics_sitenote_active":false,"_exactmetrics_sitenote_note":"","_exactmetrics_sitenote_category":0,"footnotes":""},"categories":[28],"tags":[],"class_list":["post-9751","post","type-post","status-publish","format-standard","has-post-thumbnail","hentry","category-actualites"],"_links":{"self":[{"href":"https:\/\/avenir-gendarmerie.org\/index.php\/wp-json\/wp\/v2\/posts\/9751","targetHints":{"allow":["GET"]}}],"collection":[{"href":"https:\/\/avenir-gendarmerie.org\/index.php\/wp-json\/wp\/v2\/posts"}],"about":[{"href":"https:\/\/avenir-gendarmerie.org\/index.php\/wp-json\/wp\/v2\/types\/post"}],"author":[{"embeddable":true,"href":"https:\/\/avenir-gendarmerie.org\/index.php\/wp-json\/wp\/v2\/users\/3"}],"replies":[{"embeddable":true,"href":"https:\/\/avenir-gendarmerie.org\/index.php\/wp-json\/wp\/v2\/comments?post=9751"}],"version-history":[{"count":1,"href":"https:\/\/avenir-gendarmerie.org\/index.php\/wp-json\/wp\/v2\/posts\/9751\/revisions"}],"predecessor-version":[{"id":9753,"href":"https:\/\/avenir-gendarmerie.org\/index.php\/wp-json\/wp\/v2\/posts\/9751\/revisions\/9753"}],"wp:featuredmedia":[{"embeddable":true,"href":"https:\/\/avenir-gendarmerie.org\/index.php\/wp-json\/wp\/v2\/media\/9752"}],"wp:attachment":[{"href":"https:\/\/avenir-gendarmerie.org\/index.php\/wp-json\/wp\/v2\/media?parent=9751"}],"wp:term":[{"taxonomy":"category","embeddable":true,"href":"https:\/\/avenir-gendarmerie.org\/index.php\/wp-json\/wp\/v2\/categories?post=9751"},{"taxonomy":"post_tag","embeddable":true,"href":"https:\/\/avenir-gendarmerie.org\/index.php\/wp-json\/wp\/v2\/tags?post=9751"}],"curies":[{"name":"wp","href":"https:\/\/api.w.org\/{rel}","templated":true}]}}