{"id":9843,"date":"2026-04-28T09:52:54","date_gmt":"2026-04-28T09:52:54","guid":{"rendered":"https:\/\/avenir-gendarmerie.org\/?p=9843"},"modified":"2026-04-28T09:52:54","modified_gmt":"2026-04-28T09:52:54","slug":"hausse-du-prix-des-carburants-quelle-situation-en-france-et-quelles-consequences-economiques","status":"publish","type":"post","link":"https:\/\/avenir-gendarmerie.org\/index.php\/2026\/04\/28\/hausse-du-prix-des-carburants-quelle-situation-en-france-et-quelles-consequences-economiques\/","title":{"rendered":"Hausse du prix des carburants : quelle situation en France et quelles cons\u00e9quences \u00e9conomiques ?"},"content":{"rendered":"<p class=\"fr-text--lead vp-page-chapo\"><span class=\"field field--name-field-chapo field--type-string-long field--label-hidden field__item\">Les prix des carburants ont fortement augment\u00e9 au printemps 2026. Cette hausse rappelle celle de 2022 au d\u00e9clenchement de la guerre en Ukraine. Quel est le r\u00f4le de l\u2019\u00c9tat dans cette hausse ? Peut-on dire qu&rsquo;il profite de cette hausse ? Comment sont les prix en France compar\u00e9s \u00e0 ceux de ses voisins ? Vie publique fait le point.<\/span><\/p>\n<div>\n<h2 class=\"fr-accordion__title\"><button id=\"la-hausse-du-prix-des-carburants-de-mars-2026-est-elle-exceptionnelle-\" class=\"fr-accordion__btn\" aria-expanded=\"true\" aria-controls=\"accordeon-content-dsfr-1910386180-1\" data-fr-js-collapse-button=\"true\" data-fr-js-accordion-button-actionee=\"true\"><span class=\"fr-text--lg fr-mb-0 fr-h5 vp-accordeon-btn-container\"><span class=\"vp-accordeon-btn-number fr-mr-2w\">1. <\/span><span class=\"vp-accordeon-btn-text fr-h5 fr-mb-0\" data-xiti-name=\"Sommaire\" data-xiti-chapter3=\"\" data-xiti-type=\"navigation\">La hausse du prix des carburants de mars 2026 est-elle exceptionnelle ?<\/span><\/span><\/button><\/h2>\n<div id=\"accordeon-content-dsfr-1910386180-1\" class=\"fr-collapse fr-collapse--expanded\" data-fr-js-collapse=\"true\" data-fr-js-accordion-actionee=\"true\">\n<p data-once=\"ldf_glossary_highlight_words\">Depuis le 28 f\u00e9vrier 2026, date du d\u00e9but de la guerre en Iran men\u00e9e par les \u00c9tats-Unis et Isra\u00ebl, les cours mondiaux du p\u00e9trole ont bondi : le baril de Brent cotait sur les march\u00e9s autour de 72 dollars fin f\u00e9vrier 2026, il \u00e9tait \u00e0 109 dollars le 3 avril, soit une hausse de plus de 50%.<\/p>\n<p data-once=\"ldf_glossary_highlight_words\"><strong>Par rapport \u00e0 la hausse du cours du p\u00e9trole, la hausse des prix \u00e0 la pompe reste encore plut\u00f4t mod\u00e9r\u00e9e.<\/strong>\u00a0Ceci s&rsquo;explique par le fait que le prix d&rsquo;achat de la mati\u00e8re de base ne repr\u00e9sente qu&rsquo;environ 30% du prix que paient les consommateurs quand ils ach\u00e8tent du carburant. Cette augmentation p\u00e8se cependant lourdement sur le budget des m\u00e9nages et des entreprises : la hausse du gazole est d&rsquo;environ\u00a0<a title=\"28% - site minist\u00e8re de l'Ecologie - Nouvelle fen\u00eatre\" href=\"https:\/\/www.ecologie.gouv.fr\/politiques-publiques\/prix-produits-petroliers\" target=\"_blank\" rel=\"noopener external\">28%<\/a>\u00a0sur le mois de mars 2026, celle du sans-plomb 95 d&rsquo;environ 15%.<\/p>\n<p data-once=\"ldf_glossary_highlight_words\"><strong>Les prix sont \u00e0 des niveaux historiquement \u00e9lev\u00e9s<\/strong>\u00a0: ils d\u00e9passent m\u00eame, certes de peu, ceux enregistr\u00e9s au d\u00e9but de l&rsquo;invasion russe en Ukraine en 2022. Sur le long terme, les prix de l&rsquo;essence sont en nette hausse :\u00a0<strong>ils ont globalement doubl\u00e9 sur 20 ans.<\/strong><\/p>\n<h2 class=\"fr-accordion__title\"><button id=\"quel-est-niveau-des-prix-dans-les-autres-pays-europens-\" class=\"fr-accordion__btn\" aria-expanded=\"true\" aria-controls=\"accordeon-content-dsfr-1910386180-2\" data-fr-js-collapse-button=\"true\" data-fr-js-accordion-button-actionee=\"true\"><span class=\"fr-text--lg fr-mb-0 fr-h5 vp-accordeon-btn-container\"><span class=\"vp-accordeon-btn-number fr-mr-2w\">2. <\/span><span class=\"vp-accordeon-btn-text fr-h5 fr-mb-0\" data-xiti-name=\"Sommaire\" data-xiti-chapter3=\"\" data-xiti-type=\"navigation\">Quel est niveau des prix dans les autres pays europ\u00e9ens ?<\/span><\/span><\/button><\/h2>\n<div id=\"accordeon-content-dsfr-1910386180-2\" class=\"fr-collapse fr-collapse--expanded\" data-fr-js-collapse=\"true\" data-fr-js-accordion-actionee=\"true\">\n<p data-once=\"ldf_glossary_highlight_words\">Depuis 2007, en France, un\u00a0<a title=\"site - Site Prix-carburants.gouv.fr - Nouvelle fen\u00eatre\" href=\"https:\/\/www.prix-carburants.gouv.fr\/\" target=\"_blank\" rel=\"noopener external\">site<\/a>\u00a0informe les consommateurs sur les prix des carburants afin de favoriser la concurrence entre les r\u00e9seaux de distribution (compagnies p\u00e9troli\u00e8res, grandes et moyennes surfaces, ind\u00e9pendants) et de s&rsquo;approvisionner au prix le plus bas. Les prix varient r\u00e9gionalement et m\u00eame au cours d&rsquo;une journ\u00e9e.<\/p>\n<p data-once=\"ldf_glossary_highlight_words\">Les prix varient encore davantage au sein de l&rsquo;Union europ\u00e9enne, en fonction notamment de la part fiscale appliqu\u00e9e par pays et sous l&rsquo;effet de la r\u00e9glementation nationale. Par exemple, l&rsquo;Autriche et l&rsquo;Allemagne viennent d&rsquo;instaurer la r\u00e8gle selon laquelle les prix \u00e0 la pompe ne peuvent plus \u00eatre augment\u00e9s qu&rsquo;une fois par jour (il n&rsquo;y a pas de r\u00e8gle pour les baisses).<\/p>\n<p data-once=\"ldf_glossary_highlight_words\">Au\u00a0<a title=\"30 mars 2026 - Site de la Commission europ\u00e9enne - Nouvelle fen\u00eatre\" href=\"https:\/\/energy.ec.europa.eu\/data-and-analysis\/weekly-oil-bulletin_en\" target=\"_blank\" rel=\"noopener external\">30 mars 2026<\/a>, le litre d&rsquo;<strong>Euro-super 95<\/strong>\u00a0variait entre 1,34\u00a0<a class=\"vp-glossary-word\" href=\"https:\/\/www.vie-publique.fr\/questions-reponses\/302722-hausse-2026-des-prix-de-lessence-quels-sont-les-effets#\" aria-describedby=\"tooltip-4948\" data-fr-js-tooltip-referent=\"true\">euro<\/a>\u00a0\u00e0 Malte et 2,33 euros aux Pays-Bas,\u00a0<strong>la France se situant avec 2,01 euros parmi les 6 pays avec un prix au-dessus de 2 euros.<\/strong>\u00a0Pour le litre du\u00a0<strong>gazole<\/strong>, on retrouve les m\u00eames pays : le prix le plus bas \u00e9tait observ\u00e9 \u00e0 Malte (1,21\u00a0<a class=\"vp-glossary-word\" href=\"https:\/\/www.vie-publique.fr\/questions-reponses\/302722-hausse-2026-des-prix-de-lessence-quels-sont-les-effets#\" aria-describedby=\"tooltip-1372\" data-fr-js-tooltip-referent=\"true\">euro<\/a>), le plus \u00e9lev\u00e9 aux Pays-Bas (2,46 euros).\u00a0<strong>En France, il \u00e9tait \u00e0 2,19 euros contre 2,09 euros en moyenne dans la zone euro.\u00a0<\/strong><\/p>\n<p data-once=\"ldf_glossary_highlight_words\">En Italie, Espagne et au Luxembourg,\u00a0<strong>les prix pratiqu\u00e9s ont \u00e9t\u00e9 moins \u00e9lev\u00e9s qu&rsquo;en France au 30 mars 2026.<\/strong><\/p>\n<h2 class=\"fr-accordion__title\"><button id=\"ltat-profite-t-il-de-la-hausse-du-prix-de-lessence-\" class=\"fr-accordion__btn\" aria-expanded=\"true\" aria-controls=\"accordeon-content-dsfr-1910386180-3\" data-fr-js-collapse-button=\"true\" data-fr-js-accordion-button-actionee=\"true\"><span class=\"fr-text--lg fr-mb-0 fr-h5 vp-accordeon-btn-container\"><span class=\"vp-accordeon-btn-number fr-mr-2w\">3. <\/span><span class=\"vp-accordeon-btn-text fr-h5 fr-mb-0\" data-xiti-name=\"Sommaire\" data-xiti-chapter3=\"\" data-xiti-type=\"navigation\">L&rsquo;\u00c9tat profite-t-il de la hausse du prix de l&rsquo;essence ?<\/span><\/span><\/button><\/h2>\n<div id=\"accordeon-content-dsfr-1910386180-3\" class=\"fr-collapse fr-collapse--expanded\" data-fr-js-collapse=\"true\" data-fr-js-accordion-actionee=\"true\">\n<p data-once=\"ldf_glossary_highlight_words\"><strong>Dans un premier temps, les recettes fiscales de l\u2019\u00c9tat augmentent.\u00a0<\/strong>Le ministre aux comptes publics, David Amiel, a indiqu\u00e9, le 3 avril 2026 sur France Info, que l&rsquo;\u00c9tat avait per\u00e7u en mars 270 millions d&rsquo;euros de surplus fiscaux. Selon le ministre, ce montant repr\u00e9sente 120 millions d&rsquo;euros de recettes au titre de la TVA et 150 millions au titre des\u00a0<a href=\"https:\/\/www.vie-publique.fr\/node\/21886\" data-entity-type=\"node\" data-entity-uuid=\"0b2da3b7-89e3-4113-be0e-4e8df56729b6\" data-entity-substitution=\"canonical\">accises sur les carburants<\/a>.<\/p>\n<p data-once=\"ldf_glossary_highlight_words\">Ceci s&rsquo;explique par un effet m\u00e9canique : la TVA s&rsquo;appliquant de mani\u00e8re proportionnelle au prix, la hausse de ce dernier augmente la somme per\u00e7ue par l\u2019\u00c9tat. Par ailleurs, on a observ\u00e9 une hausse de la consommation au d\u00e9but du conflit, de nombreux consommateurs ayant anticip\u00e9 leurs achats en pr\u00e9vision d&rsquo;une hausse des prix.<\/p>\n<p data-once=\"ldf_glossary_highlight_words\"><strong>Dans un deuxi\u00e8me temps, l\u2019\u00c9tat ne r\u00e9alise pas de recettes suppl\u00e9mentaires, bien\u00a0<\/strong><a href=\"https:\/\/www.vie-publique.fr\/node\/302681\" data-entity-type=\"node\" data-entity-uuid=\"ac0fea67-ae9a-426b-b84e-95dc35ea77af\" data-entity-substitution=\"canonical\"><strong>au contraire<\/strong><\/a><strong>\u00a0:\u00a0<\/strong><\/p>\n<ul>\n<li data-list-item-id=\"e277ec6efe67f6a2a21a7ee53004f894c\">la\u00a0<a title=\"baisse de la consommation - Site du CAE - Nouvelle fen\u00eatre\" href=\"https:\/\/cae-eco.fr\/comment-les-automobilistes-ajustent-leur-consommation-de-carburant-aux-variations-de-prix\" target=\"_blank\" rel=\"noopener external\"><strong>baisse de la consommation<\/strong><\/a><strong>\u00a0globale de carburants<\/strong>\u00a0r\u00e9duit la base fiscale et avec elle les recettes. \u00c0 cause de l&rsquo;augmentation des prix, les consommateurs modifient leurs habitudes (r\u00e9duction des kilom\u00e8tres parcourus, r\u00e9duction de la vitesse, substitution avec d&rsquo;autres moyens de transport\u2026), ils ach\u00e8tent donc moins de carburant et l&rsquo;\u00c9tat per\u00e7oit moins de recettes provenant des carburants ;<\/li>\n<li data-list-item-id=\"ea12e19f649c1f9dea92a4c5939bf89b9\">la\u00a0<strong>hausse des prix des carburants r\u00e9duit le pouvoir d&rsquo;achat<\/strong>\u00a0et constitue un transfert de richesse vers les pays producteurs de p\u00e9trole : une baisse du pouvoir d&rsquo;achat p\u00e8se sur la consommation et sur la croissance ;<\/li>\n<li data-list-item-id=\"e25478ada7c97508b79c6937283892099\">la\u00a0<strong>hausse des prix p\u00e9troliers alimente l&rsquo;inflation<\/strong>\u00a0\u2013 en mars, elle a acc\u00e9l\u00e9r\u00e9 \u00e0\u00a0<a title=\"1,7% - Site Insee - Nouvelle fen\u00eatre\" href=\"https:\/\/www.insee.fr\/fr\/statistiques\/8964202\" target=\"_blank\" rel=\"noopener external\">1,7%<\/a>\u00a0(sur un an) apr\u00e8s encore 0,9% en f\u00e9vrier \u2013 et puisque certaines prestations (retraites, prestations sociales) sont index\u00e9es sur celle-ci, les d\u00e9penses publiques augmentent ;<\/li>\n<li data-list-item-id=\"edaa895b3645c3e63972909e8c565bdac\">la\u00a0<strong>croissance ralentit<\/strong>\u00a0car de nombreux produits autres les carburants sont impact\u00e9s par la hausse des prix des hydrocarbures (plastiques, engrais\u2026). Les marges de beaucoup d&rsquo;entreprises tout comme leurs investissements risquent de reculer.<\/li>\n<\/ul>\n<h2 class=\"fr-accordion__title\"><button id=\"quelle-est-la-part-des-taxes-dans-les-prix-la-pompe-\" class=\"fr-accordion__btn\" aria-expanded=\"true\" aria-controls=\"accordeon-content-dsfr-1910386180-4\" data-fr-js-collapse-button=\"true\" data-fr-js-accordion-button-actionee=\"true\"><span class=\"fr-text--lg fr-mb-0 fr-h5 vp-accordeon-btn-container\"><span class=\"vp-accordeon-btn-number fr-mr-2w\">4. <\/span><span class=\"vp-accordeon-btn-text fr-h5 fr-mb-0\" data-xiti-name=\"Sommaire\" data-xiti-chapter3=\"\" data-xiti-type=\"navigation\">Quelle est la part des taxes dans les prix \u00e0 la pompe ?<\/span><\/span><\/button><\/h2>\n<div id=\"accordeon-content-dsfr-1910386180-4\" class=\"fr-collapse fr-collapse--expanded\" data-fr-js-collapse=\"true\" data-fr-js-accordion-actionee=\"true\">\n<p data-once=\"ldf_glossary_highlight_words\"><strong>Les carburants sont l&rsquo;un des produits les plus impos\u00e9s. La part fiscale se compose d&rsquo;une part d&rsquo;une accise (l&rsquo;ex TICPE), de l&rsquo;autre de la TVA.<\/strong>\u00a0L&rsquo;accise a \u00e9t\u00e9 cr\u00e9\u00e9e par l&rsquo;ordonnance du\u00a0<a title=\"21 d\u00e9cembre 2021 - Site L\u00e9gifrance - Nouvelle fen\u00eatre\" href=\"https:\/\/www.legifrance.gouv.fr\/jorf\/id\/JORFTEXT000044590225\" target=\"_blank\" rel=\"noopener external\">21 d\u00e9cembre 2021<\/a>\u00a0qui instaure un syst\u00e8me de fractions \u00e0 percevoir selon la source d&rsquo;\u00e9nergie. Elle varie l\u00e9g\u00e8rement entre essence et gazole. Les taux d\u2019accise sont vot\u00e9s par le Parlement et inscrits dans la\u00a0<a class=\"vp-glossary-word\" href=\"https:\/\/www.vie-publique.fr\/questions-reponses\/302722-hausse-2026-des-prix-de-lessence-quels-sont-les-effets#\" aria-describedby=\"tooltip-8182\" data-fr-js-tooltip-referent=\"true\">loi de finances<\/a>\u00a0de l\u2019ann\u00e9e en cours.<\/p>\n<p data-once=\"ldf_glossary_highlight_words\"><strong>En 2026, elle repr\u00e9sente 59,40 centimes par litre pour le gazole et 68,29 centimes pour l\u2019essence sans plomb SP95.<\/strong>\u00a0Ce montant est fixe pour chaque litre vendu. Les r\u00e9gions peuvent les majorer tr\u00e8s l\u00e9g\u00e8rement, car une partie des recettes de l&rsquo;accise leur est affect\u00e9e pour compenser les transferts de comp\u00e9tences.<\/p>\n<p data-once=\"ldf_glossary_highlight_words\">Ce syst\u00e8me d&rsquo;accises a remplac\u00e9 l&rsquo;ancienne taxe int\u00e9rieure de consommation des produits \u00e9nerg\u00e9tiques (TICPE), qui elle-m\u00eame avait succ\u00e9d\u00e9 en 2011 \u00e0 la taxe int\u00e9rieure de consommation des produits p\u00e9troliers (TIPP).\u00a0<strong>Les accises (ex-TICPE) sur les carburants repr\u00e9sentent environ\u00a0<\/strong><a href=\"https:\/\/www.vie-publique.fr\/node\/21886\" data-entity-type=\"node\" data-entity-uuid=\"0b2da3b7-89e3-4113-be0e-4e8df56729b6\" data-entity-substitution=\"canonical\"><strong>40%<\/strong><\/a><strong>\u00a0du prix \u00e0 la pompe.<\/strong>\u00a0\u00a0L&rsquo;ex TICPE est acquitt\u00e9e par les professionnels assurant la production, l&rsquo;importation ou le stockage des produits p\u00e9troliers, mais ces derniers la r\u00e9percutent sur le prix de vente au entreprises et aux consommateurs qui la payent effectivement.<\/p>\n<p data-once=\"ldf_glossary_highlight_words\">L&rsquo;accise sur les carburants est elle-m\u00eame soumise \u00e0 la TVA. La TVA s&rsquo;applique donc sur le prix compos\u00e9 de mati\u00e8re de base, co\u00fbt de distribution et accise. \u00c0 ceci s&rsquo;ajoutent d&rsquo;autres (faibles) taxes indirectes, par exemple la taxe g\u00e9n\u00e9rale sur les activit\u00e9s polluantes.<\/p>\n<p data-once=\"ldf_glossary_highlight_words\"><strong>Au final, toutes les taxes comptent pour environ 60% du prix \u00e0 la pompe.<\/strong><\/p>\n<h2 class=\"fr-accordion__title\"><button id=\"comment-les-automobilistes-ajustent-ils-leur-consommation-en-cas-de-hausse-du-prix-des-carburants-\" class=\"fr-accordion__btn\" aria-expanded=\"true\" aria-controls=\"accordeon-content-dsfr-1910386180-5\" data-fr-js-collapse-button=\"true\" data-fr-js-accordion-button-actionee=\"true\"><span class=\"fr-text--lg fr-mb-0 fr-h5 vp-accordeon-btn-container\"><span class=\"vp-accordeon-btn-number fr-mr-2w\">5. <\/span><span class=\"vp-accordeon-btn-text fr-h5 fr-mb-0\" data-xiti-name=\"Sommaire\" data-xiti-chapter3=\"\" data-xiti-type=\"navigation\">Comment les automobilistes ajustent-ils leur consommation en cas de hausse du prix des carburants ?<\/span><\/span><\/button><\/h2>\n<div id=\"accordeon-content-dsfr-1910386180-5\" class=\"fr-collapse fr-collapse--expanded\" data-fr-js-collapse=\"true\" data-fr-js-accordion-actionee=\"true\">\n<p data-once=\"ldf_glossary_highlight_words\">Une\u00a0<a title=\"\u00e9tude - Site Insee - Nouvelle fen\u00eatre\" href=\"https:\/\/www.insee.fr\/fr\/statistiques\/7645853\">\u00e9tude<\/a>\u00a0de l&rsquo;Insee r\u00e9alis\u00e9e entre septembre 2021 et janvier 2023 (c&rsquo;est-\u00e0-dire sous l&rsquo;effet de la hausse des prix des hydrocarbures apr\u00e8s l&rsquo;invasion de l&rsquo;Ukraine par la Russie) r\u00e9v\u00e8le que si les prix augmentent de 1%, les volumes de carburant achet\u00e9s par les automobilistes diminuent \u00e0 court terme, de 0,21% \u00e0 0,40%. L&rsquo;effet prix est trois fois plus fort pour les \u00ab\u00a0petits rouleurs\u00a0\u00bb que pour les \u00ab\u00a0gros rouleurs\u00a0\u00bb, mais assez semblable selon le revenu et le type d&rsquo;habitat (urbain, rural ou p\u00e9riurbain). L&rsquo;\u00e9tude conclut \u00e9galement que \u00ab\u00a0les m\u00e9nages ruraux, p\u00e9riurbains ou gros rouleurs, ayant des consommations moyennes plus \u00e9lev\u00e9es, r\u00e9duisent davantage leurs volumes consomm\u00e9s de carburant \u00e0 la suite d&rsquo;une augmentation des prix.\u00a0\u00bb<\/p>\n<p data-once=\"ldf_glossary_highlight_words\">Source: <a href=\"https:\/\/www.vie-publique.fr\/questions-reponses\/302722-hausse-2026-des-prix-de-lessence-quels-sont-les-effets\">vie-publique.fr<\/a><\/p>\n<\/div>\n<p data-once=\"ldf_glossary_highlight_words\">\n<\/div>\n<\/div>\n<\/div>\n<\/div>\n<\/div>\n","protected":false},"excerpt":{"rendered":"<p>Les prix des carburants ont fortement augment\u00e9 au printemps 2026. Cette hausse rappelle celle de 2022 au d\u00e9clenchement de la guerre en Ukraine. Quel est le r\u00f4le de l\u2019\u00c9tat dans cette hausse ? Peut-on dire qu&rsquo;il profite de cette hausse ? Comment sont les prix en France compar\u00e9s \u00e0 ceux de ses voisins ? Vie [&hellip;]<\/p>\n","protected":false},"author":3,"featured_media":6205,"comment_status":"closed","ping_status":"closed","sticky":false,"template":"","format":"standard","meta":{"_exactmetrics_skip_tracking":false,"_exactmetrics_sitenote_active":false,"_exactmetrics_sitenote_note":"","_exactmetrics_sitenote_category":0,"footnotes":""},"categories":[28],"tags":[],"class_list":["post-9843","post","type-post","status-publish","format-standard","has-post-thumbnail","hentry","category-actualites"],"_links":{"self":[{"href":"https:\/\/avenir-gendarmerie.org\/index.php\/wp-json\/wp\/v2\/posts\/9843","targetHints":{"allow":["GET"]}}],"collection":[{"href":"https:\/\/avenir-gendarmerie.org\/index.php\/wp-json\/wp\/v2\/posts"}],"about":[{"href":"https:\/\/avenir-gendarmerie.org\/index.php\/wp-json\/wp\/v2\/types\/post"}],"author":[{"embeddable":true,"href":"https:\/\/avenir-gendarmerie.org\/index.php\/wp-json\/wp\/v2\/users\/3"}],"replies":[{"embeddable":true,"href":"https:\/\/avenir-gendarmerie.org\/index.php\/wp-json\/wp\/v2\/comments?post=9843"}],"version-history":[{"count":1,"href":"https:\/\/avenir-gendarmerie.org\/index.php\/wp-json\/wp\/v2\/posts\/9843\/revisions"}],"predecessor-version":[{"id":9844,"href":"https:\/\/avenir-gendarmerie.org\/index.php\/wp-json\/wp\/v2\/posts\/9843\/revisions\/9844"}],"wp:featuredmedia":[{"embeddable":true,"href":"https:\/\/avenir-gendarmerie.org\/index.php\/wp-json\/wp\/v2\/media\/6205"}],"wp:attachment":[{"href":"https:\/\/avenir-gendarmerie.org\/index.php\/wp-json\/wp\/v2\/media?parent=9843"}],"wp:term":[{"taxonomy":"category","embeddable":true,"href":"https:\/\/avenir-gendarmerie.org\/index.php\/wp-json\/wp\/v2\/categories?post=9843"},{"taxonomy":"post_tag","embeddable":true,"href":"https:\/\/avenir-gendarmerie.org\/index.php\/wp-json\/wp\/v2\/tags?post=9843"}],"curies":[{"name":"wp","href":"https:\/\/api.w.org\/{rel}","templated":true}]}}