{"id":9848,"date":"2026-04-28T09:55:55","date_gmt":"2026-04-28T09:55:55","guid":{"rendered":"https:\/\/avenir-gendarmerie.org\/?p=9848"},"modified":"2026-04-28T09:55:55","modified_gmt":"2026-04-28T09:55:55","slug":"deces-dun-second-militaire-francais-a-la-suite-de-lembuscade-du-hezbollah-au-liban-le-18-avril-2026","status":"publish","type":"post","link":"https:\/\/avenir-gendarmerie.org\/index.php\/2026\/04\/28\/deces-dun-second-militaire-francais-a-la-suite-de-lembuscade-du-hezbollah-au-liban-le-18-avril-2026\/","title":{"rendered":"D\u00e9c\u00e8s d\u2019un second militaire fran\u00e7ais \u00e0 la suite de l\u2019embuscade du Hezbollah au Liban le 18 avril 2026"},"content":{"rendered":"<div class=\"fr-text--lead ezrichtext-field\">\n<p>Le pr\u00e9sident de la R\u00e9publique a annonc\u00e9 ce mercredi 22 avril 2026 sur X le d\u00e9c\u00e8s du caporal-chef Anicet Girardin, affect\u00e9 132e r\u00e9giment d\u2019infanterie cynotechnique de Suippes, des suites de ses blessures lors d\u2019une attaque dans la r\u00e9gion de Deir-Kifa au Liban.<\/p>\n<\/div>\n<div class=\"ezrichtext-field\">\n<p>Le caporal-chef Anicet Girardin, rapatri\u00e9 hier du Liban o\u00f9 il avait \u00e9t\u00e9 gravement bless\u00e9 par des combattants du Hezbollah, est mort ce matin des suites de ses blessures. Ce nouveau d\u00e9c\u00e8s intervient apr\u00e8s celui de l\u2019adjudant Florian Montorio, victime de la m\u00eame embuscade, perp\u00e9tr\u00e9e par le Hezbollah, dans la r\u00e9gion de Deir-Kifa au Liban.<\/p>\n<p>La Gendarmerie nationale s\u2019associe \u00e0 l\u2019arm\u00e9e de Terre et au 132e r\u00e9giment d\u2019infanterie cynotechnique de Suippes, et adresse ses sinc\u00e8res condol\u00e9ances et son soutien \u00e0 la famille, aux proches et \u00e0 tous les fr\u00e8res d\u2019armes du caporal-chef Anicet Girardin.<\/p>\n<p>Source: <a href=\"https:\/\/www.gendarmerie.interieur.gouv.fr\/gendinfo\/actualites\/2026\/deces-d-un-second-militaire-francais-a-la-suite-de-l-embuscade-du-hezbollah-au-liban-le-18-avril-2026\">gendinfo.fr<\/a><\/p>\n<\/div>\n","protected":false},"excerpt":{"rendered":"<p>Le pr\u00e9sident de la R\u00e9publique a annonc\u00e9 ce mercredi 22 avril 2026 sur X le d\u00e9c\u00e8s du caporal-chef Anicet Girardin, affect\u00e9 132e r\u00e9giment d\u2019infanterie cynotechnique de Suippes, des suites de ses blessures lors d\u2019une attaque dans la r\u00e9gion de Deir-Kifa au Liban. Le caporal-chef Anicet Girardin, rapatri\u00e9 hier du Liban o\u00f9 il avait \u00e9t\u00e9 gravement [&hellip;]<\/p>\n","protected":false},"author":3,"featured_media":9849,"comment_status":"closed","ping_status":"closed","sticky":false,"template":"","format":"standard","meta":{"_exactmetrics_skip_tracking":false,"_exactmetrics_sitenote_active":false,"_exactmetrics_sitenote_note":"","_exactmetrics_sitenote_category":0,"footnotes":""},"categories":[28],"tags":[],"class_list":["post-9848","post","type-post","status-publish","format-standard","has-post-thumbnail","hentry","category-actualites"],"_links":{"self":[{"href":"https:\/\/avenir-gendarmerie.org\/index.php\/wp-json\/wp\/v2\/posts\/9848","targetHints":{"allow":["GET"]}}],"collection":[{"href":"https:\/\/avenir-gendarmerie.org\/index.php\/wp-json\/wp\/v2\/posts"}],"about":[{"href":"https:\/\/avenir-gendarmerie.org\/index.php\/wp-json\/wp\/v2\/types\/post"}],"author":[{"embeddable":true,"href":"https:\/\/avenir-gendarmerie.org\/index.php\/wp-json\/wp\/v2\/users\/3"}],"replies":[{"embeddable":true,"href":"https:\/\/avenir-gendarmerie.org\/index.php\/wp-json\/wp\/v2\/comments?post=9848"}],"version-history":[{"count":1,"href":"https:\/\/avenir-gendarmerie.org\/index.php\/wp-json\/wp\/v2\/posts\/9848\/revisions"}],"predecessor-version":[{"id":9850,"href":"https:\/\/avenir-gendarmerie.org\/index.php\/wp-json\/wp\/v2\/posts\/9848\/revisions\/9850"}],"wp:featuredmedia":[{"embeddable":true,"href":"https:\/\/avenir-gendarmerie.org\/index.php\/wp-json\/wp\/v2\/media\/9849"}],"wp:attachment":[{"href":"https:\/\/avenir-gendarmerie.org\/index.php\/wp-json\/wp\/v2\/media?parent=9848"}],"wp:term":[{"taxonomy":"category","embeddable":true,"href":"https:\/\/avenir-gendarmerie.org\/index.php\/wp-json\/wp\/v2\/categories?post=9848"},{"taxonomy":"post_tag","embeddable":true,"href":"https:\/\/avenir-gendarmerie.org\/index.php\/wp-json\/wp\/v2\/tags?post=9848"}],"curies":[{"name":"wp","href":"https:\/\/api.w.org\/{rel}","templated":true}]}}